{"id":7001,"date":"2020-12-17T12:38:10","date_gmt":"2020-12-17T11:38:10","guid":{"rendered":"https:\/\/www.gymnasium-mariengarden.de\/?p=7001"},"modified":"2020-12-17T12:39:31","modified_gmt":"2020-12-17T11:39:31","slug":"krippenwettbewerb-in-coronazeiten","status":"publish","type":"post","link":"https:\/\/www.gymnasium-mariengarden.de\/wordpress\/krippenwettbewerb-in-coronazeiten\/","title":{"rendered":"Krippenwettbewerb in Coronazeiten"},"content":{"rendered":"\n<p>Jesus wird Mensch 2020 &#8211; Krippenwettbewerb am Gymnasium Mariengarden<\/p>\n\n\n\n<p><br>\u201eMan sieht nicht wirklich den Menschen, der sich hinter der Maske verbirgt. Man sieht oft nur schlechte Dinge, um die sich der Mensch sorgt\u201c. So beschreiben Jonas Kuhlmann, Ben Dickmann (Klasse 6c) und Eva Kuhlmann (5c) die Idee zu ihrer Weihnachtskrippe 2020, auf der sich gro\u00dfe, beleuchtete dreidimensionale Buchstaben mit W\u00f6rtern wie \u201eNieshygiene\u201c oder \u201eSieben-Tage-Inzidenz\u201c um die Heilige Familie im Stall ranken. Dort f\u00e4llt die Maske und das Christkind steht f\u00fcr neue Hoffnung, die das Team wiederum in leuchtend gelben Sternen zu Ausdruck gebracht hat. \u201eZusammenhalt\u201c, \u201eWertsch\u00e4tzung\u201c, \u201eGemeinschaft\u201c ist dort etwa zu lesen.<\/p>\n\n\n\n<figure class=\"wp-block-image size-large\"><img loading=\"lazy\" decoding=\"async\" width=\"1024\" height=\"683\" src=\"https:\/\/www.gymnasium-mariengarden.de\/wordpress\/wp-content\/uploads\/2020\/12\/Gewinner-Jonas-und-Eva-1024x683.jpg\" alt=\"\" class=\"wp-image-7003\" srcset=\"https:\/\/www.gymnasium-mariengarden.de\/wordpress\/wp-content\/uploads\/2020\/12\/Gewinner-Jonas-und-Eva-1024x683.jpg 1024w, https:\/\/www.gymnasium-mariengarden.de\/wordpress\/wp-content\/uploads\/2020\/12\/Gewinner-Jonas-und-Eva-300x200.jpg 300w, https:\/\/www.gymnasium-mariengarden.de\/wordpress\/wp-content\/uploads\/2020\/12\/Gewinner-Jonas-und-Eva-768x512.jpg 768w, https:\/\/www.gymnasium-mariengarden.de\/wordpress\/wp-content\/uploads\/2020\/12\/Gewinner-Jonas-und-Eva-1536x1024.jpg 1536w, https:\/\/www.gymnasium-mariengarden.de\/wordpress\/wp-content\/uploads\/2020\/12\/Gewinner-Jonas-und-Eva-2048x1365.jpg 2048w\" sizes=\"auto, (max-width: 1024px) 100vw, 1024px\" \/><\/figure>\n\n\n\n<!--more-->\n\n\n\n<p><br>Mit ihrem Beitrag haben die drei jungen K\u00fcnstler den ersten Preis beim diesj\u00e4hrigen Krippenwettbewerb des Schulseelsorgeteams am Gymnasium Mariengarden in Burlo gewonnen. Rund 35 Beitr\u00e4ge von Sch\u00fclern und Sch\u00fclerteams aus verschiedenen Altersstufen f\u00fcllten zusammen die gro\u00dfe, festlich angerichtete Ausstellungsfl\u00e4che im Forum Mariengarden, die auch im \u201eCoronajahr\u201c 2020 mit \u00fcberraschenden und kreativen Ideen viel Besinnliches und Nachdenkliches zur Vorweihnachtszeit bot.<\/p>\n\n\n\n<figure class=\"wp-block-image size-large\"><img loading=\"lazy\" decoding=\"async\" width=\"683\" height=\"1024\" src=\"https:\/\/www.gymnasium-mariengarden.de\/wordpress\/wp-content\/uploads\/2020\/12\/2.-Siegerin-683x1024.jpg\" alt=\"\" class=\"wp-image-7006\" srcset=\"https:\/\/www.gymnasium-mariengarden.de\/wordpress\/wp-content\/uploads\/2020\/12\/2.-Siegerin-683x1024.jpg 683w, https:\/\/www.gymnasium-mariengarden.de\/wordpress\/wp-content\/uploads\/2020\/12\/2.-Siegerin-200x300.jpg 200w, https:\/\/www.gymnasium-mariengarden.de\/wordpress\/wp-content\/uploads\/2020\/12\/2.-Siegerin-768x1152.jpg 768w, https:\/\/www.gymnasium-mariengarden.de\/wordpress\/wp-content\/uploads\/2020\/12\/2.-Siegerin-1024x1536.jpg 1024w, https:\/\/www.gymnasium-mariengarden.de\/wordpress\/wp-content\/uploads\/2020\/12\/2.-Siegerin-1365x2048.jpg 1365w, https:\/\/www.gymnasium-mariengarden.de\/wordpress\/wp-content\/uploads\/2020\/12\/2.-Siegerin-scaled.jpg 1707w\" sizes=\"auto, (max-width: 683px) 100vw, 683px\" \/><\/figure>\n\n\n\n<p><br>\u201eJesus wird Mensch im Jahr 2020\u201c, war das Thema und so spielte nicht selten das Virus eine zentrale Rolle. Da findet die Geburt des Heilands auch schon mal mitten in einer virusf\u00f6rmigen H\u00f6hle (2. Platz: Felicitas Erkrath, 7a) auf der Borkener Intensivstation (4. Platz: Katharina Leyking, Eva Becker-Hardt, 5b) oder im klassischen Stall \u2013 doch mit Maskenpflicht und Beschilderung zum Abstandsgebot (4. Platz: Annemarie Stamm, Mathilda Gro\u00dfe Vennhaus 5c) statt.<br>Aber auch Themen wie \u201eBlack Lives Matter\u201c, Klimawandel, das Fl\u00fcchtlingslager Moria, die US-Pr\u00e4sidentenwahl oder das 800-j\u00e4hrige Burloer Klosterjubil\u00e4um griffen die jungen Krippenbauer auf. Der rund 60-k\u00f6pfigen Lehrerjury fiel da die Wahl nicht leicht.<br>Ohne das \u00fcbliche gro\u00dfe Publikum beim \u00f6ffentlichen Adventskonzert musste nach der Ausstellung nun auch die Siegerehrung in kleinem Rahmen stattfinden. Der Freude der Gewinnerinnen und Gewinner tat das wenig Abbruch. Mit gro\u00dfz\u00fcgigen Gutscheinen f\u00fcr das schuleigene Bistro l\u00e4sst sich der Erfolg im neuen Jahr noch manches Mal lecker feiern.<\/p>\n","protected":false},"excerpt":{"rendered":"<p>Jesus wird Mensch 2020 &#8211; Krippenwettbewerb am Gymnasium Mariengarden \u201eMan sieht nicht wirklich den Menschen, der sich hinter der Maske verbirgt. Man sieht oft nur schlechte Dinge, um die sich der Mensch sorgt\u201c. So beschreiben Jonas Kuhlmann, Ben Dickmann (Klasse 6c) und Eva Kuhlmann (5c) die Idee zu ihrer Weihnachtskrippe 2020, auf der sich gro\u00dfe, &hellip; <a href=\"https:\/\/www.gymnasium-mariengarden.de\/wordpress\/krippenwettbewerb-in-coronazeiten\/\" class=\"more-link\"><span class=\"screen-reader-text\">Krippenwettbewerb in Coronazeiten<\/span> weiterlesen <span class=\"meta-nav\">&rarr;<\/span><\/a><\/p>\n","protected":false},"author":4,"featured_media":7002,"comment_status":"closed","ping_status":"open","sticky":false,"template":"","format":"standard","meta":{"footnotes":""},"categories":[99],"tags":[427,433,459],"class_list":["post-7001","post","type-post","status-publish","format-standard","has-post-thumbnail","hentry","category-wettbewerbe","tag-krippe","tag-krippenwettbewerb","tag-schulseelsorge"],"yoast_head":"<!-- This site is optimized with the Yoast SEO plugin v27.3 - https:\/\/yoast.com\/product\/yoast-seo-wordpress\/ -->\n<title>Krippenwettbewerb in Coronazeiten - Gymnasium Mariengarden<\/title>\n<meta name=\"description\" content=\"Privates Gymnasium der Oblatenmissionare\" \/>\n<meta name=\"robots\" content=\"index, follow, max-snippet:-1, max-image-preview:large, max-video-preview:-1\" \/>\n<link rel=\"canonical\" href=\"https:\/\/www.gymnasium-mariengarden.de\/wordpress\/krippenwettbewerb-in-coronazeiten\/\" \/>\n<meta property=\"og:locale\" content=\"de_DE\" \/>\n<meta property=\"og:type\" content=\"article\" \/>\n<meta property=\"og:title\" content=\"Krippenwettbewerb in Coronazeiten - Gymnasium Mariengarden\" \/>\n<meta property=\"og:description\" content=\"Privates Gymnasium der Oblatenmissionare\" \/>\n<meta property=\"og:url\" content=\"https:\/\/www.gymnasium-mariengarden.de\/wordpress\/krippenwettbewerb-in-coronazeiten\/\" \/>\n<meta property=\"og:site_name\" content=\"Gymnasium Mariengarden\" \/>\n<meta property=\"article:publisher\" content=\"https:\/\/www.facebook.com\/groups\/38812342437\/?locale=de_DE\" \/>\n<meta property=\"article:published_time\" content=\"2020-12-17T11:38:10+00:00\" \/>\n<meta property=\"article:modified_time\" content=\"2020-12-17T11:39:31+00:00\" \/>\n<meta property=\"og:image\" content=\"https:\/\/www.gymnasium-mariengarden.de\/wordpress\/wp-content\/uploads\/2020\/12\/Gewinner-Platz-1-4-scaled.jpg\" \/>\n\t<meta property=\"og:image:width\" content=\"2560\" \/>\n\t<meta property=\"og:image:height\" content=\"1707\" \/>\n\t<meta property=\"og:image:type\" content=\"image\/jpeg\" \/>\n<meta name=\"author\" content=\"Christian Ertner\" \/>\n<meta name=\"twitter:card\" content=\"summary_large_image\" \/>\n<meta name=\"twitter:label1\" content=\"Verfasst von\" \/>\n\t<meta name=\"twitter:data1\" content=\"Christian Ertner\" \/>\n\t<meta name=\"twitter:label2\" content=\"Gesch\u00e4tzte Lesezeit\" \/>\n\t<meta name=\"twitter:data2\" content=\"2\u00a0Minuten\" \/>\n<script type=\"application\/ld+json\" class=\"yoast-schema-graph\">{\"@context\":\"https:\\\/\\\/schema.org\",\"@graph\":[{\"@type\":\"Article\",\"@id\":\"https:\\\/\\\/www.gymnasium-mariengarden.de\\\/wordpress\\\/krippenwettbewerb-in-coronazeiten\\\/#article\",\"isPartOf\":{\"@id\":\"https:\\\/\\\/www.gymnasium-mariengarden.de\\\/wordpress\\\/krippenwettbewerb-in-coronazeiten\\\/\"},\"author\":{\"name\":\"Christian Ertner\",\"@id\":\"https:\\\/\\\/www.gymnasium-mariengarden.de\\\/wordpress\\\/#\\\/schema\\\/person\\\/df224558fcbf911ac239111da1ac985d\"},\"headline\":\"Krippenwettbewerb in Coronazeiten\",\"datePublished\":\"2020-12-17T11:38:10+00:00\",\"dateModified\":\"2020-12-17T11:39:31+00:00\",\"mainEntityOfPage\":{\"@id\":\"https:\\\/\\\/www.gymnasium-mariengarden.de\\\/wordpress\\\/krippenwettbewerb-in-coronazeiten\\\/\"},\"wordCount\":333,\"image\":{\"@id\":\"https:\\\/\\\/www.gymnasium-mariengarden.de\\\/wordpress\\\/krippenwettbewerb-in-coronazeiten\\\/#primaryimage\"},\"thumbnailUrl\":\"https:\\\/\\\/www.gymnasium-mariengarden.de\\\/wordpress\\\/wp-content\\\/uploads\\\/2020\\\/12\\\/Gewinner-Platz-1-4-scaled.jpg\",\"keywords\":[\"Krippe\",\"Krippenwettbewerb\",\"Schulseelsorge\"],\"articleSection\":[\"Wettbewerbe\"],\"inLanguage\":\"de\"},{\"@type\":\"WebPage\",\"@id\":\"https:\\\/\\\/www.gymnasium-mariengarden.de\\\/wordpress\\\/krippenwettbewerb-in-coronazeiten\\\/\",\"url\":\"https:\\\/\\\/www.gymnasium-mariengarden.de\\\/wordpress\\\/krippenwettbewerb-in-coronazeiten\\\/\",\"name\":\"Krippenwettbewerb in Coronazeiten - Gymnasium Mariengarden\",\"isPartOf\":{\"@id\":\"https:\\\/\\\/www.gymnasium-mariengarden.de\\\/wordpress\\\/#website\"},\"primaryImageOfPage\":{\"@id\":\"https:\\\/\\\/www.gymnasium-mariengarden.de\\\/wordpress\\\/krippenwettbewerb-in-coronazeiten\\\/#primaryimage\"},\"image\":{\"@id\":\"https:\\\/\\\/www.gymnasium-mariengarden.de\\\/wordpress\\\/krippenwettbewerb-in-coronazeiten\\\/#primaryimage\"},\"thumbnailUrl\":\"https:\\\/\\\/www.gymnasium-mariengarden.de\\\/wordpress\\\/wp-content\\\/uploads\\\/2020\\\/12\\\/Gewinner-Platz-1-4-scaled.jpg\",\"datePublished\":\"2020-12-17T11:38:10+00:00\",\"dateModified\":\"2020-12-17T11:39:31+00:00\",\"author\":{\"@id\":\"https:\\\/\\\/www.gymnasium-mariengarden.de\\\/wordpress\\\/#\\\/schema\\\/person\\\/df224558fcbf911ac239111da1ac985d\"},\"description\":\"Privates Gymnasium der Oblatenmissionare\",\"breadcrumb\":{\"@id\":\"https:\\\/\\\/www.gymnasium-mariengarden.de\\\/wordpress\\\/krippenwettbewerb-in-coronazeiten\\\/#breadcrumb\"},\"inLanguage\":\"de\",\"potentialAction\":[{\"@type\":\"ReadAction\",\"target\":[\"https:\\\/\\\/www.gymnasium-mariengarden.de\\\/wordpress\\\/krippenwettbewerb-in-coronazeiten\\\/\"]}]},{\"@type\":\"ImageObject\",\"inLanguage\":\"de\",\"@id\":\"https:\\\/\\\/www.gymnasium-mariengarden.de\\\/wordpress\\\/krippenwettbewerb-in-coronazeiten\\\/#primaryimage\",\"url\":\"https:\\\/\\\/www.gymnasium-mariengarden.de\\\/wordpress\\\/wp-content\\\/uploads\\\/2020\\\/12\\\/Gewinner-Platz-1-4-scaled.jpg\",\"contentUrl\":\"https:\\\/\\\/www.gymnasium-mariengarden.de\\\/wordpress\\\/wp-content\\\/uploads\\\/2020\\\/12\\\/Gewinner-Platz-1-4-scaled.jpg\",\"width\":2560,\"height\":1707},{\"@type\":\"BreadcrumbList\",\"@id\":\"https:\\\/\\\/www.gymnasium-mariengarden.de\\\/wordpress\\\/krippenwettbewerb-in-coronazeiten\\\/#breadcrumb\",\"itemListElement\":[{\"@type\":\"ListItem\",\"position\":1,\"name\":\"Startseite\",\"item\":\"https:\\\/\\\/www.gymnasium-mariengarden.de\\\/wordpress\\\/\"},{\"@type\":\"ListItem\",\"position\":2,\"name\":\"Krippenwettbewerb in Coronazeiten\"}]},{\"@type\":\"WebSite\",\"@id\":\"https:\\\/\\\/www.gymnasium-mariengarden.de\\\/wordpress\\\/#website\",\"url\":\"https:\\\/\\\/www.gymnasium-mariengarden.de\\\/wordpress\\\/\",\"name\":\"Gymnasium Mariengarden\",\"description\":\"Privates Gymnasium der Oblatenmissionare\",\"alternateName\":\"Gymnasium Mariengarden Borken-Burlo\",\"potentialAction\":[{\"@type\":\"SearchAction\",\"target\":{\"@type\":\"EntryPoint\",\"urlTemplate\":\"https:\\\/\\\/www.gymnasium-mariengarden.de\\\/wordpress\\\/?s={search_term_string}\"},\"query-input\":{\"@type\":\"PropertyValueSpecification\",\"valueRequired\":true,\"valueName\":\"search_term_string\"}}],\"inLanguage\":\"de\"},{\"@type\":\"Person\",\"@id\":\"https:\\\/\\\/www.gymnasium-mariengarden.de\\\/wordpress\\\/#\\\/schema\\\/person\\\/df224558fcbf911ac239111da1ac985d\",\"name\":\"Christian Ertner\",\"url\":\"https:\\\/\\\/www.gymnasium-mariengarden.de\\\/wordpress\\\/author\\\/c-ertner\\\/\"}]}<\/script>\n<!-- \/ Yoast SEO plugin. -->","yoast_head_json":{"title":"Krippenwettbewerb in Coronazeiten - Gymnasium Mariengarden","description":"Privates Gymnasium der Oblatenmissionare","robots":{"index":"index","follow":"follow","max-snippet":"max-snippet:-1","max-image-preview":"max-image-preview:large","max-video-preview":"max-video-preview:-1"},"canonical":"https:\/\/www.gymnasium-mariengarden.de\/wordpress\/krippenwettbewerb-in-coronazeiten\/","og_locale":"de_DE","og_type":"article","og_title":"Krippenwettbewerb in Coronazeiten - Gymnasium Mariengarden","og_description":"Privates Gymnasium der Oblatenmissionare","og_url":"https:\/\/www.gymnasium-mariengarden.de\/wordpress\/krippenwettbewerb-in-coronazeiten\/","og_site_name":"Gymnasium Mariengarden","article_publisher":"https:\/\/www.facebook.com\/groups\/38812342437\/?locale=de_DE","article_published_time":"2020-12-17T11:38:10+00:00","article_modified_time":"2020-12-17T11:39:31+00:00","og_image":[{"width":2560,"height":1707,"url":"https:\/\/www.gymnasium-mariengarden.de\/wordpress\/wp-content\/uploads\/2020\/12\/Gewinner-Platz-1-4-scaled.jpg","type":"image\/jpeg"}],"author":"Christian Ertner","twitter_card":"summary_large_image","twitter_misc":{"Verfasst von":"Christian Ertner","Gesch\u00e4tzte Lesezeit":"2\u00a0Minuten"},"schema":{"@context":"https:\/\/schema.org","@graph":[{"@type":"Article","@id":"https:\/\/www.gymnasium-mariengarden.de\/wordpress\/krippenwettbewerb-in-coronazeiten\/#article","isPartOf":{"@id":"https:\/\/www.gymnasium-mariengarden.de\/wordpress\/krippenwettbewerb-in-coronazeiten\/"},"author":{"name":"Christian Ertner","@id":"https:\/\/www.gymnasium-mariengarden.de\/wordpress\/#\/schema\/person\/df224558fcbf911ac239111da1ac985d"},"headline":"Krippenwettbewerb in Coronazeiten","datePublished":"2020-12-17T11:38:10+00:00","dateModified":"2020-12-17T11:39:31+00:00","mainEntityOfPage":{"@id":"https:\/\/www.gymnasium-mariengarden.de\/wordpress\/krippenwettbewerb-in-coronazeiten\/"},"wordCount":333,"image":{"@id":"https:\/\/www.gymnasium-mariengarden.de\/wordpress\/krippenwettbewerb-in-coronazeiten\/#primaryimage"},"thumbnailUrl":"https:\/\/www.gymnasium-mariengarden.de\/wordpress\/wp-content\/uploads\/2020\/12\/Gewinner-Platz-1-4-scaled.jpg","keywords":["Krippe","Krippenwettbewerb","Schulseelsorge"],"articleSection":["Wettbewerbe"],"inLanguage":"de"},{"@type":"WebPage","@id":"https:\/\/www.gymnasium-mariengarden.de\/wordpress\/krippenwettbewerb-in-coronazeiten\/","url":"https:\/\/www.gymnasium-mariengarden.de\/wordpress\/krippenwettbewerb-in-coronazeiten\/","name":"Krippenwettbewerb in Coronazeiten - Gymnasium Mariengarden","isPartOf":{"@id":"https:\/\/www.gymnasium-mariengarden.de\/wordpress\/#website"},"primaryImageOfPage":{"@id":"https:\/\/www.gymnasium-mariengarden.de\/wordpress\/krippenwettbewerb-in-coronazeiten\/#primaryimage"},"image":{"@id":"https:\/\/www.gymnasium-mariengarden.de\/wordpress\/krippenwettbewerb-in-coronazeiten\/#primaryimage"},"thumbnailUrl":"https:\/\/www.gymnasium-mariengarden.de\/wordpress\/wp-content\/uploads\/2020\/12\/Gewinner-Platz-1-4-scaled.jpg","datePublished":"2020-12-17T11:38:10+00:00","dateModified":"2020-12-17T11:39:31+00:00","author":{"@id":"https:\/\/www.gymnasium-mariengarden.de\/wordpress\/#\/schema\/person\/df224558fcbf911ac239111da1ac985d"},"description":"Privates Gymnasium der Oblatenmissionare","breadcrumb":{"@id":"https:\/\/www.gymnasium-mariengarden.de\/wordpress\/krippenwettbewerb-in-coronazeiten\/#breadcrumb"},"inLanguage":"de","potentialAction":[{"@type":"ReadAction","target":["https:\/\/www.gymnasium-mariengarden.de\/wordpress\/krippenwettbewerb-in-coronazeiten\/"]}]},{"@type":"ImageObject","inLanguage":"de","@id":"https:\/\/www.gymnasium-mariengarden.de\/wordpress\/krippenwettbewerb-in-coronazeiten\/#primaryimage","url":"https:\/\/www.gymnasium-mariengarden.de\/wordpress\/wp-content\/uploads\/2020\/12\/Gewinner-Platz-1-4-scaled.jpg","contentUrl":"https:\/\/www.gymnasium-mariengarden.de\/wordpress\/wp-content\/uploads\/2020\/12\/Gewinner-Platz-1-4-scaled.jpg","width":2560,"height":1707},{"@type":"BreadcrumbList","@id":"https:\/\/www.gymnasium-mariengarden.de\/wordpress\/krippenwettbewerb-in-coronazeiten\/#breadcrumb","itemListElement":[{"@type":"ListItem","position":1,"name":"Startseite","item":"https:\/\/www.gymnasium-mariengarden.de\/wordpress\/"},{"@type":"ListItem","position":2,"name":"Krippenwettbewerb in Coronazeiten"}]},{"@type":"WebSite","@id":"https:\/\/www.gymnasium-mariengarden.de\/wordpress\/#website","url":"https:\/\/www.gymnasium-mariengarden.de\/wordpress\/","name":"Gymnasium Mariengarden","description":"Privates Gymnasium der Oblatenmissionare","alternateName":"Gymnasium Mariengarden Borken-Burlo","potentialAction":[{"@type":"SearchAction","target":{"@type":"EntryPoint","urlTemplate":"https:\/\/www.gymnasium-mariengarden.de\/wordpress\/?s={search_term_string}"},"query-input":{"@type":"PropertyValueSpecification","valueRequired":true,"valueName":"search_term_string"}}],"inLanguage":"de"},{"@type":"Person","@id":"https:\/\/www.gymnasium-mariengarden.de\/wordpress\/#\/schema\/person\/df224558fcbf911ac239111da1ac985d","name":"Christian Ertner","url":"https:\/\/www.gymnasium-mariengarden.de\/wordpress\/author\/c-ertner\/"}]}},"_links":{"self":[{"href":"https:\/\/www.gymnasium-mariengarden.de\/wordpress\/wp-json\/wp\/v2\/posts\/7001","targetHints":{"allow":["GET"]}}],"collection":[{"href":"https:\/\/www.gymnasium-mariengarden.de\/wordpress\/wp-json\/wp\/v2\/posts"}],"about":[{"href":"https:\/\/www.gymnasium-mariengarden.de\/wordpress\/wp-json\/wp\/v2\/types\/post"}],"author":[{"embeddable":true,"href":"https:\/\/www.gymnasium-mariengarden.de\/wordpress\/wp-json\/wp\/v2\/users\/4"}],"replies":[{"embeddable":true,"href":"https:\/\/www.gymnasium-mariengarden.de\/wordpress\/wp-json\/wp\/v2\/comments?post=7001"}],"version-history":[{"count":2,"href":"https:\/\/www.gymnasium-mariengarden.de\/wordpress\/wp-json\/wp\/v2\/posts\/7001\/revisions"}],"predecessor-version":[{"id":7008,"href":"https:\/\/www.gymnasium-mariengarden.de\/wordpress\/wp-json\/wp\/v2\/posts\/7001\/revisions\/7008"}],"wp:featuredmedia":[{"embeddable":true,"href":"https:\/\/www.gymnasium-mariengarden.de\/wordpress\/wp-json\/wp\/v2\/media\/7002"}],"wp:attachment":[{"href":"https:\/\/www.gymnasium-mariengarden.de\/wordpress\/wp-json\/wp\/v2\/media?parent=7001"}],"wp:term":[{"taxonomy":"category","embeddable":true,"href":"https:\/\/www.gymnasium-mariengarden.de\/wordpress\/wp-json\/wp\/v2\/categories?post=7001"},{"taxonomy":"post_tag","embeddable":true,"href":"https:\/\/www.gymnasium-mariengarden.de\/wordpress\/wp-json\/wp\/v2\/tags?post=7001"}],"curies":[{"name":"wp","href":"https:\/\/api.w.org\/{rel}","templated":true}]}}