{"id":6621,"date":"2020-08-26T09:00:29","date_gmt":"2020-08-26T07:00:29","guid":{"rendered":"https:\/\/www.gymnasium-mariengarden.de\/?p=6621"},"modified":"2020-08-26T09:00:30","modified_gmt":"2020-08-26T07:00:30","slug":"glueck-und-koennen","status":"publish","type":"post","link":"https:\/\/www.gymnasium-mariengarden.de\/wordpress\/glueck-und-koennen\/","title":{"rendered":"Gl\u00fcck&#8230; und K\u00f6nnen!"},"content":{"rendered":"\n<p>Beim diesj\u00e4hrigen internationalen Jugendcreativwettbewerb der Volksbanken zum Thema GL\u00dcCK hat die Jury nun coronabedingt versp\u00e4tet getagt. Wir d\u00fcrfen uns \u00fcber zwei vierte Pl\u00e4tze auf Landesebene freuen!<br>Lotta Gro\u00dfe Kleimann aus der damaligen Jahrgangsstufe 5 und Noah Langela, damals Jahrgangsstufe 8, konnten sich bei der feierlichen Preisverleihung in der Volksbank Rhede \u00fcber eine Anerkennung in H\u00f6he von je 75 \u20ac freuen.<\/p>\n\n\n\n<figure class=\"wp-block-image size-large\"><img loading=\"lazy\" decoding=\"async\" width=\"768\" height=\"1024\" src=\"https:\/\/www.gymnasium-mariengarden.de\/wordpress\/wp-content\/uploads\/2020\/08\/kunstwettbewerb-768x1024.jpg\" alt=\"\" class=\"wp-image-6622\" srcset=\"https:\/\/www.gymnasium-mariengarden.de\/wordpress\/wp-content\/uploads\/2020\/08\/kunstwettbewerb-768x1024.jpg 768w, https:\/\/www.gymnasium-mariengarden.de\/wordpress\/wp-content\/uploads\/2020\/08\/kunstwettbewerb-225x300.jpg 225w, https:\/\/www.gymnasium-mariengarden.de\/wordpress\/wp-content\/uploads\/2020\/08\/kunstwettbewerb-1152x1536.jpg 1152w, https:\/\/www.gymnasium-mariengarden.de\/wordpress\/wp-content\/uploads\/2020\/08\/kunstwettbewerb.jpg 1512w\" sizes=\"auto, (max-width: 768px) 100vw, 768px\" \/><\/figure>\n\n\n\n<p style=\"font-size:11px\">Bildquelle: Elisabeth Erbe \u00a0\/ pixelio.de<\/p>\n","protected":false},"excerpt":{"rendered":"<p>Beim diesj\u00e4hrigen internationalen Jugendcreativwettbewerb der Volksbanken zum Thema GL\u00dcCK hat die Jury nun coronabedingt versp\u00e4tet getagt. Wir d\u00fcrfen uns \u00fcber zwei vierte Pl\u00e4tze auf Landesebene freuen!Lotta Gro\u00dfe Kleimann aus der damaligen Jahrgangsstufe 5 und Noah Langela, damals Jahrgangsstufe 8, konnten sich bei der feierlichen Preisverleihung in der Volksbank Rhede \u00fcber eine Anerkennung in H\u00f6he von &hellip; <a href=\"https:\/\/www.gymnasium-mariengarden.de\/wordpress\/glueck-und-koennen\/\" class=\"more-link\"><span class=\"screen-reader-text\">Gl\u00fcck&#8230; und K\u00f6nnen!<\/span> weiterlesen <span class=\"meta-nav\">&rarr;<\/span><\/a><\/p>\n","protected":false},"author":62,"featured_media":6625,"comment_status":"open","ping_status":"open","sticky":false,"template":"","format":"standard","meta":{"footnotes":""},"categories":[374],"tags":[628,303],"class_list":["post-6621","post","type-post","status-publish","format-standard","has-post-thumbnail","hentry","category-preise","tag-jugendcreativ","tag-kunst"],"yoast_head":"<!-- This site is optimized with the Yoast SEO plugin v27.3 - https:\/\/yoast.com\/product\/yoast-seo-wordpress\/ -->\n<title>Gl\u00fcck... und K\u00f6nnen! - Gymnasium Mariengarden<\/title>\n<meta name=\"description\" content=\"Privates Gymnasium der Oblatenmissionare\" \/>\n<meta name=\"robots\" content=\"index, follow, max-snippet:-1, max-image-preview:large, max-video-preview:-1\" \/>\n<link rel=\"canonical\" href=\"https:\/\/www.gymnasium-mariengarden.de\/wordpress\/glueck-und-koennen\/\" \/>\n<meta property=\"og:locale\" content=\"de_DE\" \/>\n<meta property=\"og:type\" content=\"article\" \/>\n<meta property=\"og:title\" content=\"Gl\u00fcck... und K\u00f6nnen! - Gymnasium Mariengarden\" \/>\n<meta property=\"og:description\" content=\"Privates Gymnasium der Oblatenmissionare\" \/>\n<meta property=\"og:url\" content=\"https:\/\/www.gymnasium-mariengarden.de\/wordpress\/glueck-und-koennen\/\" \/>\n<meta property=\"og:site_name\" content=\"Gymnasium Mariengarden\" \/>\n<meta property=\"article:publisher\" content=\"https:\/\/www.facebook.com\/groups\/38812342437\/?locale=de_DE\" \/>\n<meta property=\"article:published_time\" content=\"2020-08-26T07:00:29+00:00\" \/>\n<meta property=\"article:modified_time\" content=\"2020-08-26T07:00:30+00:00\" \/>\n<meta property=\"og:image\" content=\"https:\/\/www.gymnasium-mariengarden.de\/wordpress\/wp-content\/uploads\/2020\/08\/527510_web_R_K_B_by_Elisabeth-Erbe_pixelio.de_.jpg\" \/>\n\t<meta property=\"og:image:width\" content=\"400\" \/>\n\t<meta property=\"og:image:height\" content=\"300\" \/>\n\t<meta property=\"og:image:type\" content=\"image\/jpeg\" \/>\n<meta name=\"author\" content=\"Katrin Weier\" \/>\n<meta name=\"twitter:card\" content=\"summary_large_image\" \/>\n<meta name=\"twitter:label1\" content=\"Verfasst von\" \/>\n\t<meta name=\"twitter:data1\" content=\"Katrin Weier\" \/>\n<script type=\"application\/ld+json\" class=\"yoast-schema-graph\">{\"@context\":\"https:\\\/\\\/schema.org\",\"@graph\":[{\"@type\":\"Article\",\"@id\":\"https:\\\/\\\/www.gymnasium-mariengarden.de\\\/wordpress\\\/glueck-und-koennen\\\/#article\",\"isPartOf\":{\"@id\":\"https:\\\/\\\/www.gymnasium-mariengarden.de\\\/wordpress\\\/glueck-und-koennen\\\/\"},\"author\":{\"name\":\"Katrin Weier\",\"@id\":\"https:\\\/\\\/www.gymnasium-mariengarden.de\\\/wordpress\\\/#\\\/schema\\\/person\\\/d4bc1319c556e66cae238f4c506c1f3a\"},\"headline\":\"Gl\u00fcck&#8230; und K\u00f6nnen!\",\"datePublished\":\"2020-08-26T07:00:29+00:00\",\"dateModified\":\"2020-08-26T07:00:30+00:00\",\"mainEntityOfPage\":{\"@id\":\"https:\\\/\\\/www.gymnasium-mariengarden.de\\\/wordpress\\\/glueck-und-koennen\\\/\"},\"wordCount\":73,\"commentCount\":0,\"image\":{\"@id\":\"https:\\\/\\\/www.gymnasium-mariengarden.de\\\/wordpress\\\/glueck-und-koennen\\\/#primaryimage\"},\"thumbnailUrl\":\"https:\\\/\\\/www.gymnasium-mariengarden.de\\\/wordpress\\\/wp-content\\\/uploads\\\/2020\\\/08\\\/527510_web_R_K_B_by_Elisabeth-Erbe_pixelio.de_.jpg\",\"keywords\":[\"Jugendcreativ\",\"Kunst\"],\"articleSection\":[\"Preise\"],\"inLanguage\":\"de\",\"potentialAction\":[{\"@type\":\"CommentAction\",\"name\":\"Comment\",\"target\":[\"https:\\\/\\\/www.gymnasium-mariengarden.de\\\/wordpress\\\/glueck-und-koennen\\\/#respond\"]}]},{\"@type\":\"WebPage\",\"@id\":\"https:\\\/\\\/www.gymnasium-mariengarden.de\\\/wordpress\\\/glueck-und-koennen\\\/\",\"url\":\"https:\\\/\\\/www.gymnasium-mariengarden.de\\\/wordpress\\\/glueck-und-koennen\\\/\",\"name\":\"Gl\u00fcck... und K\u00f6nnen! - Gymnasium Mariengarden\",\"isPartOf\":{\"@id\":\"https:\\\/\\\/www.gymnasium-mariengarden.de\\\/wordpress\\\/#website\"},\"primaryImageOfPage\":{\"@id\":\"https:\\\/\\\/www.gymnasium-mariengarden.de\\\/wordpress\\\/glueck-und-koennen\\\/#primaryimage\"},\"image\":{\"@id\":\"https:\\\/\\\/www.gymnasium-mariengarden.de\\\/wordpress\\\/glueck-und-koennen\\\/#primaryimage\"},\"thumbnailUrl\":\"https:\\\/\\\/www.gymnasium-mariengarden.de\\\/wordpress\\\/wp-content\\\/uploads\\\/2020\\\/08\\\/527510_web_R_K_B_by_Elisabeth-Erbe_pixelio.de_.jpg\",\"datePublished\":\"2020-08-26T07:00:29+00:00\",\"dateModified\":\"2020-08-26T07:00:30+00:00\",\"author\":{\"@id\":\"https:\\\/\\\/www.gymnasium-mariengarden.de\\\/wordpress\\\/#\\\/schema\\\/person\\\/d4bc1319c556e66cae238f4c506c1f3a\"},\"description\":\"Privates Gymnasium der Oblatenmissionare\",\"breadcrumb\":{\"@id\":\"https:\\\/\\\/www.gymnasium-mariengarden.de\\\/wordpress\\\/glueck-und-koennen\\\/#breadcrumb\"},\"inLanguage\":\"de\",\"potentialAction\":[{\"@type\":\"ReadAction\",\"target\":[\"https:\\\/\\\/www.gymnasium-mariengarden.de\\\/wordpress\\\/glueck-und-koennen\\\/\"]}]},{\"@type\":\"ImageObject\",\"inLanguage\":\"de\",\"@id\":\"https:\\\/\\\/www.gymnasium-mariengarden.de\\\/wordpress\\\/glueck-und-koennen\\\/#primaryimage\",\"url\":\"https:\\\/\\\/www.gymnasium-mariengarden.de\\\/wordpress\\\/wp-content\\\/uploads\\\/2020\\\/08\\\/527510_web_R_K_B_by_Elisabeth-Erbe_pixelio.de_.jpg\",\"contentUrl\":\"https:\\\/\\\/www.gymnasium-mariengarden.de\\\/wordpress\\\/wp-content\\\/uploads\\\/2020\\\/08\\\/527510_web_R_K_B_by_Elisabeth-Erbe_pixelio.de_.jpg\",\"width\":400,\"height\":300},{\"@type\":\"BreadcrumbList\",\"@id\":\"https:\\\/\\\/www.gymnasium-mariengarden.de\\\/wordpress\\\/glueck-und-koennen\\\/#breadcrumb\",\"itemListElement\":[{\"@type\":\"ListItem\",\"position\":1,\"name\":\"Startseite\",\"item\":\"https:\\\/\\\/www.gymnasium-mariengarden.de\\\/wordpress\\\/\"},{\"@type\":\"ListItem\",\"position\":2,\"name\":\"Gl\u00fcck&#8230; und K\u00f6nnen!\"}]},{\"@type\":\"WebSite\",\"@id\":\"https:\\\/\\\/www.gymnasium-mariengarden.de\\\/wordpress\\\/#website\",\"url\":\"https:\\\/\\\/www.gymnasium-mariengarden.de\\\/wordpress\\\/\",\"name\":\"Gymnasium Mariengarden\",\"description\":\"Privates Gymnasium der Oblatenmissionare\",\"alternateName\":\"Gymnasium Mariengarden Borken-Burlo\",\"potentialAction\":[{\"@type\":\"SearchAction\",\"target\":{\"@type\":\"EntryPoint\",\"urlTemplate\":\"https:\\\/\\\/www.gymnasium-mariengarden.de\\\/wordpress\\\/?s={search_term_string}\"},\"query-input\":{\"@type\":\"PropertyValueSpecification\",\"valueRequired\":true,\"valueName\":\"search_term_string\"}}],\"inLanguage\":\"de\"},{\"@type\":\"Person\",\"@id\":\"https:\\\/\\\/www.gymnasium-mariengarden.de\\\/wordpress\\\/#\\\/schema\\\/person\\\/d4bc1319c556e66cae238f4c506c1f3a\",\"name\":\"Katrin Weier\",\"url\":\"https:\\\/\\\/www.gymnasium-mariengarden.de\\\/wordpress\\\/author\\\/k-weier\\\/\"}]}<\/script>\n<!-- \/ Yoast SEO plugin. -->","yoast_head_json":{"title":"Gl\u00fcck... und K\u00f6nnen! - Gymnasium Mariengarden","description":"Privates Gymnasium der Oblatenmissionare","robots":{"index":"index","follow":"follow","max-snippet":"max-snippet:-1","max-image-preview":"max-image-preview:large","max-video-preview":"max-video-preview:-1"},"canonical":"https:\/\/www.gymnasium-mariengarden.de\/wordpress\/glueck-und-koennen\/","og_locale":"de_DE","og_type":"article","og_title":"Gl\u00fcck... und K\u00f6nnen! - Gymnasium Mariengarden","og_description":"Privates Gymnasium der Oblatenmissionare","og_url":"https:\/\/www.gymnasium-mariengarden.de\/wordpress\/glueck-und-koennen\/","og_site_name":"Gymnasium Mariengarden","article_publisher":"https:\/\/www.facebook.com\/groups\/38812342437\/?locale=de_DE","article_published_time":"2020-08-26T07:00:29+00:00","article_modified_time":"2020-08-26T07:00:30+00:00","og_image":[{"width":400,"height":300,"url":"https:\/\/www.gymnasium-mariengarden.de\/wordpress\/wp-content\/uploads\/2020\/08\/527510_web_R_K_B_by_Elisabeth-Erbe_pixelio.de_.jpg","type":"image\/jpeg"}],"author":"Katrin Weier","twitter_card":"summary_large_image","twitter_misc":{"Verfasst von":"Katrin Weier"},"schema":{"@context":"https:\/\/schema.org","@graph":[{"@type":"Article","@id":"https:\/\/www.gymnasium-mariengarden.de\/wordpress\/glueck-und-koennen\/#article","isPartOf":{"@id":"https:\/\/www.gymnasium-mariengarden.de\/wordpress\/glueck-und-koennen\/"},"author":{"name":"Katrin Weier","@id":"https:\/\/www.gymnasium-mariengarden.de\/wordpress\/#\/schema\/person\/d4bc1319c556e66cae238f4c506c1f3a"},"headline":"Gl\u00fcck&#8230; und K\u00f6nnen!","datePublished":"2020-08-26T07:00:29+00:00","dateModified":"2020-08-26T07:00:30+00:00","mainEntityOfPage":{"@id":"https:\/\/www.gymnasium-mariengarden.de\/wordpress\/glueck-und-koennen\/"},"wordCount":73,"commentCount":0,"image":{"@id":"https:\/\/www.gymnasium-mariengarden.de\/wordpress\/glueck-und-koennen\/#primaryimage"},"thumbnailUrl":"https:\/\/www.gymnasium-mariengarden.de\/wordpress\/wp-content\/uploads\/2020\/08\/527510_web_R_K_B_by_Elisabeth-Erbe_pixelio.de_.jpg","keywords":["Jugendcreativ","Kunst"],"articleSection":["Preise"],"inLanguage":"de","potentialAction":[{"@type":"CommentAction","name":"Comment","target":["https:\/\/www.gymnasium-mariengarden.de\/wordpress\/glueck-und-koennen\/#respond"]}]},{"@type":"WebPage","@id":"https:\/\/www.gymnasium-mariengarden.de\/wordpress\/glueck-und-koennen\/","url":"https:\/\/www.gymnasium-mariengarden.de\/wordpress\/glueck-und-koennen\/","name":"Gl\u00fcck... und K\u00f6nnen! - Gymnasium Mariengarden","isPartOf":{"@id":"https:\/\/www.gymnasium-mariengarden.de\/wordpress\/#website"},"primaryImageOfPage":{"@id":"https:\/\/www.gymnasium-mariengarden.de\/wordpress\/glueck-und-koennen\/#primaryimage"},"image":{"@id":"https:\/\/www.gymnasium-mariengarden.de\/wordpress\/glueck-und-koennen\/#primaryimage"},"thumbnailUrl":"https:\/\/www.gymnasium-mariengarden.de\/wordpress\/wp-content\/uploads\/2020\/08\/527510_web_R_K_B_by_Elisabeth-Erbe_pixelio.de_.jpg","datePublished":"2020-08-26T07:00:29+00:00","dateModified":"2020-08-26T07:00:30+00:00","author":{"@id":"https:\/\/www.gymnasium-mariengarden.de\/wordpress\/#\/schema\/person\/d4bc1319c556e66cae238f4c506c1f3a"},"description":"Privates Gymnasium der Oblatenmissionare","breadcrumb":{"@id":"https:\/\/www.gymnasium-mariengarden.de\/wordpress\/glueck-und-koennen\/#breadcrumb"},"inLanguage":"de","potentialAction":[{"@type":"ReadAction","target":["https:\/\/www.gymnasium-mariengarden.de\/wordpress\/glueck-und-koennen\/"]}]},{"@type":"ImageObject","inLanguage":"de","@id":"https:\/\/www.gymnasium-mariengarden.de\/wordpress\/glueck-und-koennen\/#primaryimage","url":"https:\/\/www.gymnasium-mariengarden.de\/wordpress\/wp-content\/uploads\/2020\/08\/527510_web_R_K_B_by_Elisabeth-Erbe_pixelio.de_.jpg","contentUrl":"https:\/\/www.gymnasium-mariengarden.de\/wordpress\/wp-content\/uploads\/2020\/08\/527510_web_R_K_B_by_Elisabeth-Erbe_pixelio.de_.jpg","width":400,"height":300},{"@type":"BreadcrumbList","@id":"https:\/\/www.gymnasium-mariengarden.de\/wordpress\/glueck-und-koennen\/#breadcrumb","itemListElement":[{"@type":"ListItem","position":1,"name":"Startseite","item":"https:\/\/www.gymnasium-mariengarden.de\/wordpress\/"},{"@type":"ListItem","position":2,"name":"Gl\u00fcck&#8230; und K\u00f6nnen!"}]},{"@type":"WebSite","@id":"https:\/\/www.gymnasium-mariengarden.de\/wordpress\/#website","url":"https:\/\/www.gymnasium-mariengarden.de\/wordpress\/","name":"Gymnasium Mariengarden","description":"Privates Gymnasium der Oblatenmissionare","alternateName":"Gymnasium Mariengarden Borken-Burlo","potentialAction":[{"@type":"SearchAction","target":{"@type":"EntryPoint","urlTemplate":"https:\/\/www.gymnasium-mariengarden.de\/wordpress\/?s={search_term_string}"},"query-input":{"@type":"PropertyValueSpecification","valueRequired":true,"valueName":"search_term_string"}}],"inLanguage":"de"},{"@type":"Person","@id":"https:\/\/www.gymnasium-mariengarden.de\/wordpress\/#\/schema\/person\/d4bc1319c556e66cae238f4c506c1f3a","name":"Katrin Weier","url":"https:\/\/www.gymnasium-mariengarden.de\/wordpress\/author\/k-weier\/"}]}},"_links":{"self":[{"href":"https:\/\/www.gymnasium-mariengarden.de\/wordpress\/wp-json\/wp\/v2\/posts\/6621","targetHints":{"allow":["GET"]}}],"collection":[{"href":"https:\/\/www.gymnasium-mariengarden.de\/wordpress\/wp-json\/wp\/v2\/posts"}],"about":[{"href":"https:\/\/www.gymnasium-mariengarden.de\/wordpress\/wp-json\/wp\/v2\/types\/post"}],"author":[{"embeddable":true,"href":"https:\/\/www.gymnasium-mariengarden.de\/wordpress\/wp-json\/wp\/v2\/users\/62"}],"replies":[{"embeddable":true,"href":"https:\/\/www.gymnasium-mariengarden.de\/wordpress\/wp-json\/wp\/v2\/comments?post=6621"}],"version-history":[{"count":3,"href":"https:\/\/www.gymnasium-mariengarden.de\/wordpress\/wp-json\/wp\/v2\/posts\/6621\/revisions"}],"predecessor-version":[{"id":6627,"href":"https:\/\/www.gymnasium-mariengarden.de\/wordpress\/wp-json\/wp\/v2\/posts\/6621\/revisions\/6627"}],"wp:featuredmedia":[{"embeddable":true,"href":"https:\/\/www.gymnasium-mariengarden.de\/wordpress\/wp-json\/wp\/v2\/media\/6625"}],"wp:attachment":[{"href":"https:\/\/www.gymnasium-mariengarden.de\/wordpress\/wp-json\/wp\/v2\/media?parent=6621"}],"wp:term":[{"taxonomy":"category","embeddable":true,"href":"https:\/\/www.gymnasium-mariengarden.de\/wordpress\/wp-json\/wp\/v2\/categories?post=6621"},{"taxonomy":"post_tag","embeddable":true,"href":"https:\/\/www.gymnasium-mariengarden.de\/wordpress\/wp-json\/wp\/v2\/tags?post=6621"}],"curies":[{"name":"wp","href":"https:\/\/api.w.org\/{rel}","templated":true}]}}