{"id":4263,"date":"2017-06-10T11:29:45","date_gmt":"2017-06-10T09:29:45","guid":{"rendered":"https:\/\/gymnasium-mariengarden.de\/?p=4263"},"modified":"2025-05-20T08:11:46","modified_gmt":"2025-05-20T06:11:46","slug":"der-foerderverein-stellt-sich-vor","status":"publish","type":"post","link":"https:\/\/www.gymnasium-mariengarden.de\/wordpress\/der-foerderverein-stellt-sich-vor\/","title":{"rendered":"Der F\u00f6rderverein stellt sich vor"},"content":{"rendered":"<p>Der F\u00f6rderverein unserer Schule \u2013 richtig hei\u00dft er \u201eVerein der Freunde und F\u00f6rderer des Gymnasiums Mariengarden in Borken-Burlo e.V.\u201c \u2013 wurde im November 1977 gegr\u00fcndet. Im Bild oben sehen Sie den aktuellen Vorstand, der sich aus Eltern, Lehrern und Pater Fleischmann, einem Vertreter des Schultr\u00e4gers, zusammensetzt.<\/p>\n<p>Ziel war und ist es, die Belange der Schule, der Sch\u00fclerinnen und Sch\u00fcler sowie der einzelnen Fachschaften durch finanzielle F\u00f6rderung zu unterst\u00fctzen. Dies kann man auch dem aktuellen <a href=\"http:\/\/gymnasium-mariengarden.de\/dateien\/pdfs\/FoerdervereinFlyer.pdf\">Flyer<\/a> entnehmen. In den letzten 40 Jahren wurde viel erreicht und umgesetzt. Es wurden zum Beispiel zahlreiche Ger\u00e4te f\u00fcr den naturwissenschaftlichen Unterricht angeschafft, Fachb\u00fccher gekauft, Teile der Kosten f\u00fcr Sprachreisen und Sprachpr\u00fcfungen \u00fcbernommen und ein Beitrag zur Ausstattung des neuen Forums Mariengarden geleistet.<!--more--><\/p>\n<p><b>So l\u00e4uft die F\u00f6rderung <\/b><\/p>\n<p>Wie passiert das? In der Regel ist es so, dass die Vertreterinnen und Vertreter der einzelnen Fachschaften an unserer Schule Antr\u00e4ge einreichen, in denen sie darlegen, was ihre Fachschaften f\u00fcr den Unterricht \u201egut gebrauchen\u201c k\u00f6nnten. Einige Beispiele hierf\u00fcr, stellvertretend f\u00fcr ein breites Spektrum: Ger\u00e4te f\u00fcr Biologie, Chemie oder Physik; B\u00e4lle und andere Artikel f\u00fcr den Sportunterricht; Fachb\u00fccher f\u00fcr den Informatikunterricht; Musiknoten oder kleinere Musikinstrumente. Manchmal werden Antr\u00e4ge auch f\u00fcr eine finanzielle Unterst\u00fctzung au\u00dferschulischer Aktivit\u00e4ten gestellt, z. B. f\u00fcr die nicht unerheblichen Geb\u00fchren f\u00fcr externe Fremdsprachenpr\u00fcfungen.<\/p>\n<p>Wenn eine entsprechende Anzahl von Antr\u00e4gen eingegangen ist, kommt der Vorstand des F\u00f6rdervereins \u2013 bestehend aus Schulleitung, Elternvertretern, Lehrern und einem Vertreter des Ordens \u2013 drei oder vier Mal im Jahr zusammen und ber\u00e4t \u00fcber die Antr\u00e4ge. In den meisten F\u00e4llen wird ein Antrag nach eingehender Diskussion bewilligt, manchmal wird die Fachschaft um weitere Einzelheiten oder eine detaillierte Begr\u00fcndung gebeten, und der Antrag wird zun\u00e4chst auf Eis gelegt. Es wird mit dem Geld verantwortungsbewusst umgegangen \u2013 aber gleichzeitig unb\u00fcrokratisch gehandelt.<\/p>\n<p><b>Auf die Mitglieder kommt es an!<\/b><\/p>\n<p>Ohne die Unterst\u00fctzung des F\u00f6rdervereins w\u00e4re einiges, was wir unseren Sch\u00fclerinnen und Sch\u00fclern bieten, nicht m\u00f6glich. Die wichtigste Einnahmequelle f\u00fcr den Verein sind die Spenden, die die Mitglieder leisten. Zurzeit hat der Verein ca. 300 Mitglieder. Diese Zahl ist in den letzten Jahren stetig wenn auch langsam gestiegen \u2013 neue Mitglieder sind nat\u00fcrlich immer herzlich willkommen. Denn letztendlich kommt alles, was der Verein einnimmt und ausgibt, unseren Sch\u00fclerinnen und Sch\u00fclern zugute.<\/p>\n<p>Haben Sie Fragen zur Arbeit des F\u00f6rdervereins oder m\u00f6chten Sie Mitglied werden? Dann f\u00fcllen Sie den <a href=\"https:\/\/www.gymnasium-mariengarden.de\/dateien\/pdfs\/Foerderverein.pdf\" target=\"_blank\" rel=\"noopener\">Antrag<\/a> aus und schicken Sie ihn an die Schule. Sie k\u00f6nnen uns auch gerne eine E-Mail an die Adresse foerderverein@gymnasium-mariengarden.de schicken. Auf Vorschl\u00e4ge und Feedback von Ihnen freuen wir uns immer!<\/p>\n","protected":false},"excerpt":{"rendered":"<p>Der F\u00f6rderverein unserer Schule \u2013 richtig hei\u00dft er \u201eVerein der Freunde und F\u00f6rderer des Gymnasiums Mariengarden in Borken-Burlo e.V.\u201c \u2013 wurde im November 1977 gegr\u00fcndet. Im Bild oben sehen Sie den aktuellen Vorstand, der sich aus Eltern, Lehrern und Pater Fleischmann, einem Vertreter des Schultr\u00e4gers, zusammensetzt. Ziel war und ist es, die Belange der Schule, &hellip; <a href=\"https:\/\/www.gymnasium-mariengarden.de\/wordpress\/der-foerderverein-stellt-sich-vor\/\" class=\"more-link\"><span class=\"screen-reader-text\">Der F\u00f6rderverein stellt sich vor<\/span> weiterlesen <span class=\"meta-nav\">&rarr;<\/span><\/a><\/p>\n","protected":false},"author":4,"featured_media":16186,"comment_status":"open","ping_status":"open","sticky":false,"template":"","format":"standard","meta":{"footnotes":""},"categories":[252],"tags":[388,407,313,390],"class_list":["post-4263","post","type-post","status-publish","format-standard","has-post-thumbnail","hentry","category-organisatorisches","tag-ehemalige","tag-eltern","tag-foerderverein","tag-unterstuetzung"],"yoast_head":"<!-- This site is optimized with the Yoast SEO plugin v27.3 - https:\/\/yoast.com\/product\/yoast-seo-wordpress\/ -->\n<title>Der F\u00f6rderverein stellt sich vor - Gymnasium Mariengarden<\/title>\n<meta name=\"description\" content=\"Privates Gymnasium der Oblatenmissionare\" \/>\n<meta name=\"robots\" content=\"index, follow, max-snippet:-1, max-image-preview:large, max-video-preview:-1\" \/>\n<link rel=\"canonical\" href=\"https:\/\/www.gymnasium-mariengarden.de\/wordpress\/der-foerderverein-stellt-sich-vor\/\" \/>\n<meta property=\"og:locale\" content=\"de_DE\" \/>\n<meta property=\"og:type\" content=\"article\" \/>\n<meta property=\"og:title\" content=\"Der F\u00f6rderverein stellt sich vor - Gymnasium Mariengarden\" \/>\n<meta property=\"og:description\" content=\"Privates Gymnasium der Oblatenmissionare\" \/>\n<meta property=\"og:url\" content=\"https:\/\/www.gymnasium-mariengarden.de\/wordpress\/der-foerderverein-stellt-sich-vor\/\" \/>\n<meta property=\"og:site_name\" content=\"Gymnasium Mariengarden\" \/>\n<meta property=\"article:publisher\" content=\"https:\/\/www.facebook.com\/groups\/38812342437\/?locale=de_DE\" \/>\n<meta property=\"article:published_time\" content=\"2017-06-10T09:29:45+00:00\" \/>\n<meta property=\"article:modified_time\" content=\"2025-05-20T06:11:46+00:00\" \/>\n<meta property=\"og:image\" content=\"https:\/\/www.gymnasium-mariengarden.de\/wordpress\/wp-content\/uploads\/2024\/12\/IMG_6545.jpg\" \/>\n\t<meta property=\"og:image:width\" content=\"640\" \/>\n\t<meta property=\"og:image:height\" content=\"480\" \/>\n\t<meta property=\"og:image:type\" content=\"image\/jpeg\" \/>\n<meta name=\"author\" content=\"Christian Ertner\" \/>\n<meta name=\"twitter:card\" content=\"summary_large_image\" \/>\n<meta name=\"twitter:label1\" content=\"Verfasst von\" \/>\n\t<meta name=\"twitter:data1\" content=\"Christian Ertner\" \/>\n\t<meta name=\"twitter:label2\" content=\"Gesch\u00e4tzte Lesezeit\" \/>\n\t<meta name=\"twitter:data2\" content=\"3\u00a0Minuten\" \/>\n<script type=\"application\/ld+json\" class=\"yoast-schema-graph\">{\"@context\":\"https:\\\/\\\/schema.org\",\"@graph\":[{\"@type\":\"Article\",\"@id\":\"https:\\\/\\\/www.gymnasium-mariengarden.de\\\/wordpress\\\/der-foerderverein-stellt-sich-vor\\\/#article\",\"isPartOf\":{\"@id\":\"https:\\\/\\\/www.gymnasium-mariengarden.de\\\/wordpress\\\/der-foerderverein-stellt-sich-vor\\\/\"},\"author\":{\"name\":\"Christian Ertner\",\"@id\":\"https:\\\/\\\/www.gymnasium-mariengarden.de\\\/wordpress\\\/#\\\/schema\\\/person\\\/df224558fcbf911ac239111da1ac985d\"},\"headline\":\"Der F\u00f6rderverein stellt sich vor\",\"datePublished\":\"2017-06-10T09:29:45+00:00\",\"dateModified\":\"2025-05-20T06:11:46+00:00\",\"mainEntityOfPage\":{\"@id\":\"https:\\\/\\\/www.gymnasium-mariengarden.de\\\/wordpress\\\/der-foerderverein-stellt-sich-vor\\\/\"},\"wordCount\":469,\"commentCount\":0,\"image\":{\"@id\":\"https:\\\/\\\/www.gymnasium-mariengarden.de\\\/wordpress\\\/der-foerderverein-stellt-sich-vor\\\/#primaryimage\"},\"thumbnailUrl\":\"https:\\\/\\\/www.gymnasium-mariengarden.de\\\/wordpress\\\/wp-content\\\/uploads\\\/2024\\\/12\\\/IMG_6545.jpg\",\"keywords\":[\"Ehemalige\",\"Eltern\",\"F\u00f6rderverein\",\"Unterst\u00fctzung\"],\"articleSection\":[\"Organisatorisches\"],\"inLanguage\":\"de\",\"potentialAction\":[{\"@type\":\"CommentAction\",\"name\":\"Comment\",\"target\":[\"https:\\\/\\\/www.gymnasium-mariengarden.de\\\/wordpress\\\/der-foerderverein-stellt-sich-vor\\\/#respond\"]}]},{\"@type\":\"WebPage\",\"@id\":\"https:\\\/\\\/www.gymnasium-mariengarden.de\\\/wordpress\\\/der-foerderverein-stellt-sich-vor\\\/\",\"url\":\"https:\\\/\\\/www.gymnasium-mariengarden.de\\\/wordpress\\\/der-foerderverein-stellt-sich-vor\\\/\",\"name\":\"Der F\u00f6rderverein stellt sich vor - Gymnasium Mariengarden\",\"isPartOf\":{\"@id\":\"https:\\\/\\\/www.gymnasium-mariengarden.de\\\/wordpress\\\/#website\"},\"primaryImageOfPage\":{\"@id\":\"https:\\\/\\\/www.gymnasium-mariengarden.de\\\/wordpress\\\/der-foerderverein-stellt-sich-vor\\\/#primaryimage\"},\"image\":{\"@id\":\"https:\\\/\\\/www.gymnasium-mariengarden.de\\\/wordpress\\\/der-foerderverein-stellt-sich-vor\\\/#primaryimage\"},\"thumbnailUrl\":\"https:\\\/\\\/www.gymnasium-mariengarden.de\\\/wordpress\\\/wp-content\\\/uploads\\\/2024\\\/12\\\/IMG_6545.jpg\",\"datePublished\":\"2017-06-10T09:29:45+00:00\",\"dateModified\":\"2025-05-20T06:11:46+00:00\",\"author\":{\"@id\":\"https:\\\/\\\/www.gymnasium-mariengarden.de\\\/wordpress\\\/#\\\/schema\\\/person\\\/df224558fcbf911ac239111da1ac985d\"},\"description\":\"Privates Gymnasium der Oblatenmissionare\",\"breadcrumb\":{\"@id\":\"https:\\\/\\\/www.gymnasium-mariengarden.de\\\/wordpress\\\/der-foerderverein-stellt-sich-vor\\\/#breadcrumb\"},\"inLanguage\":\"de\",\"potentialAction\":[{\"@type\":\"ReadAction\",\"target\":[\"https:\\\/\\\/www.gymnasium-mariengarden.de\\\/wordpress\\\/der-foerderverein-stellt-sich-vor\\\/\"]}]},{\"@type\":\"ImageObject\",\"inLanguage\":\"de\",\"@id\":\"https:\\\/\\\/www.gymnasium-mariengarden.de\\\/wordpress\\\/der-foerderverein-stellt-sich-vor\\\/#primaryimage\",\"url\":\"https:\\\/\\\/www.gymnasium-mariengarden.de\\\/wordpress\\\/wp-content\\\/uploads\\\/2024\\\/12\\\/IMG_6545.jpg\",\"contentUrl\":\"https:\\\/\\\/www.gymnasium-mariengarden.de\\\/wordpress\\\/wp-content\\\/uploads\\\/2024\\\/12\\\/IMG_6545.jpg\",\"width\":640,\"height\":480},{\"@type\":\"BreadcrumbList\",\"@id\":\"https:\\\/\\\/www.gymnasium-mariengarden.de\\\/wordpress\\\/der-foerderverein-stellt-sich-vor\\\/#breadcrumb\",\"itemListElement\":[{\"@type\":\"ListItem\",\"position\":1,\"name\":\"Startseite\",\"item\":\"https:\\\/\\\/www.gymnasium-mariengarden.de\\\/wordpress\\\/\"},{\"@type\":\"ListItem\",\"position\":2,\"name\":\"Der F\u00f6rderverein stellt sich vor\"}]},{\"@type\":\"WebSite\",\"@id\":\"https:\\\/\\\/www.gymnasium-mariengarden.de\\\/wordpress\\\/#website\",\"url\":\"https:\\\/\\\/www.gymnasium-mariengarden.de\\\/wordpress\\\/\",\"name\":\"Gymnasium Mariengarden\",\"description\":\"Privates Gymnasium der Oblatenmissionare\",\"alternateName\":\"Gymnasium Mariengarden Borken-Burlo\",\"potentialAction\":[{\"@type\":\"SearchAction\",\"target\":{\"@type\":\"EntryPoint\",\"urlTemplate\":\"https:\\\/\\\/www.gymnasium-mariengarden.de\\\/wordpress\\\/?s={search_term_string}\"},\"query-input\":{\"@type\":\"PropertyValueSpecification\",\"valueRequired\":true,\"valueName\":\"search_term_string\"}}],\"inLanguage\":\"de\"},{\"@type\":\"Person\",\"@id\":\"https:\\\/\\\/www.gymnasium-mariengarden.de\\\/wordpress\\\/#\\\/schema\\\/person\\\/df224558fcbf911ac239111da1ac985d\",\"name\":\"Christian Ertner\",\"url\":\"https:\\\/\\\/www.gymnasium-mariengarden.de\\\/wordpress\\\/author\\\/c-ertner\\\/\"}]}<\/script>\n<!-- \/ Yoast SEO plugin. -->","yoast_head_json":{"title":"Der F\u00f6rderverein stellt sich vor - Gymnasium Mariengarden","description":"Privates Gymnasium der Oblatenmissionare","robots":{"index":"index","follow":"follow","max-snippet":"max-snippet:-1","max-image-preview":"max-image-preview:large","max-video-preview":"max-video-preview:-1"},"canonical":"https:\/\/www.gymnasium-mariengarden.de\/wordpress\/der-foerderverein-stellt-sich-vor\/","og_locale":"de_DE","og_type":"article","og_title":"Der F\u00f6rderverein stellt sich vor - Gymnasium Mariengarden","og_description":"Privates Gymnasium der Oblatenmissionare","og_url":"https:\/\/www.gymnasium-mariengarden.de\/wordpress\/der-foerderverein-stellt-sich-vor\/","og_site_name":"Gymnasium Mariengarden","article_publisher":"https:\/\/www.facebook.com\/groups\/38812342437\/?locale=de_DE","article_published_time":"2017-06-10T09:29:45+00:00","article_modified_time":"2025-05-20T06:11:46+00:00","og_image":[{"width":640,"height":480,"url":"https:\/\/www.gymnasium-mariengarden.de\/wordpress\/wp-content\/uploads\/2024\/12\/IMG_6545.jpg","type":"image\/jpeg"}],"author":"Christian Ertner","twitter_card":"summary_large_image","twitter_misc":{"Verfasst von":"Christian Ertner","Gesch\u00e4tzte Lesezeit":"3\u00a0Minuten"},"schema":{"@context":"https:\/\/schema.org","@graph":[{"@type":"Article","@id":"https:\/\/www.gymnasium-mariengarden.de\/wordpress\/der-foerderverein-stellt-sich-vor\/#article","isPartOf":{"@id":"https:\/\/www.gymnasium-mariengarden.de\/wordpress\/der-foerderverein-stellt-sich-vor\/"},"author":{"name":"Christian Ertner","@id":"https:\/\/www.gymnasium-mariengarden.de\/wordpress\/#\/schema\/person\/df224558fcbf911ac239111da1ac985d"},"headline":"Der F\u00f6rderverein stellt sich vor","datePublished":"2017-06-10T09:29:45+00:00","dateModified":"2025-05-20T06:11:46+00:00","mainEntityOfPage":{"@id":"https:\/\/www.gymnasium-mariengarden.de\/wordpress\/der-foerderverein-stellt-sich-vor\/"},"wordCount":469,"commentCount":0,"image":{"@id":"https:\/\/www.gymnasium-mariengarden.de\/wordpress\/der-foerderverein-stellt-sich-vor\/#primaryimage"},"thumbnailUrl":"https:\/\/www.gymnasium-mariengarden.de\/wordpress\/wp-content\/uploads\/2024\/12\/IMG_6545.jpg","keywords":["Ehemalige","Eltern","F\u00f6rderverein","Unterst\u00fctzung"],"articleSection":["Organisatorisches"],"inLanguage":"de","potentialAction":[{"@type":"CommentAction","name":"Comment","target":["https:\/\/www.gymnasium-mariengarden.de\/wordpress\/der-foerderverein-stellt-sich-vor\/#respond"]}]},{"@type":"WebPage","@id":"https:\/\/www.gymnasium-mariengarden.de\/wordpress\/der-foerderverein-stellt-sich-vor\/","url":"https:\/\/www.gymnasium-mariengarden.de\/wordpress\/der-foerderverein-stellt-sich-vor\/","name":"Der F\u00f6rderverein stellt sich vor - Gymnasium Mariengarden","isPartOf":{"@id":"https:\/\/www.gymnasium-mariengarden.de\/wordpress\/#website"},"primaryImageOfPage":{"@id":"https:\/\/www.gymnasium-mariengarden.de\/wordpress\/der-foerderverein-stellt-sich-vor\/#primaryimage"},"image":{"@id":"https:\/\/www.gymnasium-mariengarden.de\/wordpress\/der-foerderverein-stellt-sich-vor\/#primaryimage"},"thumbnailUrl":"https:\/\/www.gymnasium-mariengarden.de\/wordpress\/wp-content\/uploads\/2024\/12\/IMG_6545.jpg","datePublished":"2017-06-10T09:29:45+00:00","dateModified":"2025-05-20T06:11:46+00:00","author":{"@id":"https:\/\/www.gymnasium-mariengarden.de\/wordpress\/#\/schema\/person\/df224558fcbf911ac239111da1ac985d"},"description":"Privates Gymnasium der Oblatenmissionare","breadcrumb":{"@id":"https:\/\/www.gymnasium-mariengarden.de\/wordpress\/der-foerderverein-stellt-sich-vor\/#breadcrumb"},"inLanguage":"de","potentialAction":[{"@type":"ReadAction","target":["https:\/\/www.gymnasium-mariengarden.de\/wordpress\/der-foerderverein-stellt-sich-vor\/"]}]},{"@type":"ImageObject","inLanguage":"de","@id":"https:\/\/www.gymnasium-mariengarden.de\/wordpress\/der-foerderverein-stellt-sich-vor\/#primaryimage","url":"https:\/\/www.gymnasium-mariengarden.de\/wordpress\/wp-content\/uploads\/2024\/12\/IMG_6545.jpg","contentUrl":"https:\/\/www.gymnasium-mariengarden.de\/wordpress\/wp-content\/uploads\/2024\/12\/IMG_6545.jpg","width":640,"height":480},{"@type":"BreadcrumbList","@id":"https:\/\/www.gymnasium-mariengarden.de\/wordpress\/der-foerderverein-stellt-sich-vor\/#breadcrumb","itemListElement":[{"@type":"ListItem","position":1,"name":"Startseite","item":"https:\/\/www.gymnasium-mariengarden.de\/wordpress\/"},{"@type":"ListItem","position":2,"name":"Der F\u00f6rderverein stellt sich vor"}]},{"@type":"WebSite","@id":"https:\/\/www.gymnasium-mariengarden.de\/wordpress\/#website","url":"https:\/\/www.gymnasium-mariengarden.de\/wordpress\/","name":"Gymnasium Mariengarden","description":"Privates Gymnasium der Oblatenmissionare","alternateName":"Gymnasium Mariengarden Borken-Burlo","potentialAction":[{"@type":"SearchAction","target":{"@type":"EntryPoint","urlTemplate":"https:\/\/www.gymnasium-mariengarden.de\/wordpress\/?s={search_term_string}"},"query-input":{"@type":"PropertyValueSpecification","valueRequired":true,"valueName":"search_term_string"}}],"inLanguage":"de"},{"@type":"Person","@id":"https:\/\/www.gymnasium-mariengarden.de\/wordpress\/#\/schema\/person\/df224558fcbf911ac239111da1ac985d","name":"Christian Ertner","url":"https:\/\/www.gymnasium-mariengarden.de\/wordpress\/author\/c-ertner\/"}]}},"_links":{"self":[{"href":"https:\/\/www.gymnasium-mariengarden.de\/wordpress\/wp-json\/wp\/v2\/posts\/4263","targetHints":{"allow":["GET"]}}],"collection":[{"href":"https:\/\/www.gymnasium-mariengarden.de\/wordpress\/wp-json\/wp\/v2\/posts"}],"about":[{"href":"https:\/\/www.gymnasium-mariengarden.de\/wordpress\/wp-json\/wp\/v2\/types\/post"}],"author":[{"embeddable":true,"href":"https:\/\/www.gymnasium-mariengarden.de\/wordpress\/wp-json\/wp\/v2\/users\/4"}],"replies":[{"embeddable":true,"href":"https:\/\/www.gymnasium-mariengarden.de\/wordpress\/wp-json\/wp\/v2\/comments?post=4263"}],"version-history":[{"count":5,"href":"https:\/\/www.gymnasium-mariengarden.de\/wordpress\/wp-json\/wp\/v2\/posts\/4263\/revisions"}],"predecessor-version":[{"id":15289,"href":"https:\/\/www.gymnasium-mariengarden.de\/wordpress\/wp-json\/wp\/v2\/posts\/4263\/revisions\/15289"}],"wp:featuredmedia":[{"embeddable":true,"href":"https:\/\/www.gymnasium-mariengarden.de\/wordpress\/wp-json\/wp\/v2\/media\/16186"}],"wp:attachment":[{"href":"https:\/\/www.gymnasium-mariengarden.de\/wordpress\/wp-json\/wp\/v2\/media?parent=4263"}],"wp:term":[{"taxonomy":"category","embeddable":true,"href":"https:\/\/www.gymnasium-mariengarden.de\/wordpress\/wp-json\/wp\/v2\/categories?post=4263"},{"taxonomy":"post_tag","embeddable":true,"href":"https:\/\/www.gymnasium-mariengarden.de\/wordpress\/wp-json\/wp\/v2\/tags?post=4263"}],"curies":[{"name":"wp","href":"https:\/\/api.w.org\/{rel}","templated":true}]}}