{"id":3404,"date":"2016-07-04T20:00:42","date_gmt":"2016-07-04T18:00:42","guid":{"rendered":"http:\/\/gymnasium-mariengarden.de\/?p=3404"},"modified":"2016-07-04T20:10:07","modified_gmt":"2016-07-04T18:10:07","slug":"inklusives-theaterprojekt-im-garden-hotel","status":"publish","type":"post","link":"https:\/\/www.gymnasium-mariengarden.de\/wordpress\/inklusives-theaterprojekt-im-garden-hotel\/","title":{"rendered":"Inklusives Theaterprojekt &#8222;Im Garden Hotel&#8220;"},"content":{"rendered":"<p>Vier Monate &#8211; So lange haben elf\u00a0 Sch\u00fcler\/innen und Herr Reisener mit einigen Besch\u00e4ftigten von der B\u00fcngern-Technik das inklusive Theaterst\u00fcck \u201eGarden Hotel\u201c geprobt. Nun wurde es endlich am Freitag, dem 24. Juni, vor Sch\u00fclern der achten Klasse, Eph und Q1 im Mazenodsaal des Klosters Mariengarden pr\u00e4sentiert &#8211; und das mit vollem Erfolg!<!--more--><\/p>\n<p>Zum St\u00fcck: Hoteldirektor Herr Sch\u00f6nherr sucht eine neue Assistentin \u2013 unbedingt eine Frau. Lukas, der sich als Fr\u00e4ulein Isabella verkleidet, und Fr\u00e4ulein Klara bewerben sich. Lukas verliebt sich in Fr\u00e4ulein Klara \u2013 aber auch Herr Pechter, ein Hotelgast. Dem Happy End steht also noch einiges im Weg\u2026<\/p>\n<p>W\u00e4hrend der Auff\u00fchrung war deutlich zu sp\u00fcren, wie die Schauspieltruppe \u00fcber die Monate zusammengewachsen ist. Ob beim gemeinsamen Mittagessen, bei verschiedensten Improvisations\u00fcbungen oder beim Proben des Theaterst\u00fccks, zu jedem Zeitpunkt herrschte eine fr\u00f6hliche und lockere Atmosph\u00e4re. Als der Tag der Auff\u00fchrung gekommen war, gaben alle ihr Bestes und legten eine hervorragende Vorstellung hin, die die Zuschauer begeisterte und h\u00e4ufig zum Lachen brachte. F\u00fcr alle Beteiligten war der Projektkurs ein tolles Erlebnis, das noch lange in Erinnerung bleiben wird.<\/p>\n<p>Im zweiten Halbjahr des kommenden Schuljahr wird es wieder einen Projektkurs geben, in dem zusammen mit dem Besch\u00e4ftigten der B\u00fcngern-Technik ein St\u00fcck auf die B\u00fchne gebracht werden soll.<\/p>\n<p><em>(Lea Marzinzik, Gedeon Stenkamp, S. Hansmann)<\/em><\/p>\n","protected":false},"excerpt":{"rendered":"<p>Vier Monate &#8211; So lange haben elf\u00a0 Sch\u00fcler\/innen und Herr Reisener mit einigen Besch\u00e4ftigten von der B\u00fcngern-Technik das inklusive Theaterst\u00fcck \u201eGarden Hotel\u201c geprobt. Nun wurde es endlich am Freitag, dem 24. Juni, vor Sch\u00fclern der achten Klasse, Eph und Q1 im Mazenodsaal des Klosters Mariengarden pr\u00e4sentiert &#8211; und das mit vollem Erfolg!<\/p>\n","protected":false},"author":29,"featured_media":3405,"comment_status":"open","ping_status":"open","sticky":false,"template":"","format":"standard","meta":{"footnotes":""},"categories":[9],"tags":[329],"class_list":["post-3404","post","type-post","status-publish","format-standard","has-post-thumbnail","hentry","category-theater","tag-buengern-technik"],"yoast_head":"<!-- This site is optimized with the Yoast SEO plugin v27.3 - https:\/\/yoast.com\/product\/yoast-seo-wordpress\/ -->\n<title>Inklusives Theaterprojekt &quot;Im Garden Hotel&quot; - Gymnasium Mariengarden<\/title>\n<meta name=\"description\" content=\"Privates Gymnasium der Oblatenmissionare\" \/>\n<meta name=\"robots\" content=\"index, follow, max-snippet:-1, max-image-preview:large, max-video-preview:-1\" \/>\n<link rel=\"canonical\" href=\"https:\/\/www.gymnasium-mariengarden.de\/wordpress\/inklusives-theaterprojekt-im-garden-hotel\/\" \/>\n<meta property=\"og:locale\" content=\"de_DE\" \/>\n<meta property=\"og:type\" content=\"article\" \/>\n<meta property=\"og:title\" content=\"Inklusives Theaterprojekt &quot;Im Garden Hotel&quot; - Gymnasium Mariengarden\" \/>\n<meta property=\"og:description\" content=\"Privates Gymnasium der Oblatenmissionare\" \/>\n<meta property=\"og:url\" content=\"https:\/\/www.gymnasium-mariengarden.de\/wordpress\/inklusives-theaterprojekt-im-garden-hotel\/\" \/>\n<meta property=\"og:site_name\" content=\"Gymnasium Mariengarden\" \/>\n<meta property=\"article:publisher\" content=\"https:\/\/www.facebook.com\/groups\/38812342437\/?locale=de_DE\" \/>\n<meta property=\"article:published_time\" content=\"2016-07-04T18:00:42+00:00\" \/>\n<meta property=\"article:modified_time\" content=\"2016-07-04T18:10:07+00:00\" \/>\n<meta property=\"og:image\" content=\"https:\/\/www.gymnasium-mariengarden.de\/wordpress\/wp-content\/uploads\/2016\/07\/Theater.jpeg\" \/>\n\t<meta property=\"og:image:width\" content=\"640\" \/>\n\t<meta property=\"og:image:height\" content=\"480\" \/>\n\t<meta property=\"og:image:type\" content=\"image\/jpeg\" \/>\n<meta name=\"author\" content=\"Stephan Hansmann\" \/>\n<meta name=\"twitter:card\" content=\"summary_large_image\" \/>\n<meta name=\"twitter:label1\" content=\"Verfasst von\" \/>\n\t<meta name=\"twitter:data1\" content=\"Stephan Hansmann\" \/>\n\t<meta name=\"twitter:label2\" content=\"Gesch\u00e4tzte Lesezeit\" \/>\n\t<meta name=\"twitter:data2\" content=\"1\u00a0Minute\" \/>\n<script type=\"application\/ld+json\" class=\"yoast-schema-graph\">{\"@context\":\"https:\\\/\\\/schema.org\",\"@graph\":[{\"@type\":\"Article\",\"@id\":\"https:\\\/\\\/www.gymnasium-mariengarden.de\\\/wordpress\\\/inklusives-theaterprojekt-im-garden-hotel\\\/#article\",\"isPartOf\":{\"@id\":\"https:\\\/\\\/www.gymnasium-mariengarden.de\\\/wordpress\\\/inklusives-theaterprojekt-im-garden-hotel\\\/\"},\"author\":{\"name\":\"Stephan Hansmann\",\"@id\":\"https:\\\/\\\/www.gymnasium-mariengarden.de\\\/wordpress\\\/#\\\/schema\\\/person\\\/ad4c5361ce3709b98e9e018bdc4c2ee9\"},\"headline\":\"Inklusives Theaterprojekt &#8222;Im Garden Hotel&#8220;\",\"datePublished\":\"2016-07-04T18:00:42+00:00\",\"dateModified\":\"2016-07-04T18:10:07+00:00\",\"mainEntityOfPage\":{\"@id\":\"https:\\\/\\\/www.gymnasium-mariengarden.de\\\/wordpress\\\/inklusives-theaterprojekt-im-garden-hotel\\\/\"},\"wordCount\":239,\"commentCount\":0,\"image\":{\"@id\":\"https:\\\/\\\/www.gymnasium-mariengarden.de\\\/wordpress\\\/inklusives-theaterprojekt-im-garden-hotel\\\/#primaryimage\"},\"thumbnailUrl\":\"https:\\\/\\\/www.gymnasium-mariengarden.de\\\/wordpress\\\/wp-content\\\/uploads\\\/2016\\\/07\\\/Theater.jpeg\",\"keywords\":[\"B\u00fcngern-Technik\"],\"articleSection\":[\"Theater\"],\"inLanguage\":\"de\",\"potentialAction\":[{\"@type\":\"CommentAction\",\"name\":\"Comment\",\"target\":[\"https:\\\/\\\/www.gymnasium-mariengarden.de\\\/wordpress\\\/inklusives-theaterprojekt-im-garden-hotel\\\/#respond\"]}]},{\"@type\":\"WebPage\",\"@id\":\"https:\\\/\\\/www.gymnasium-mariengarden.de\\\/wordpress\\\/inklusives-theaterprojekt-im-garden-hotel\\\/\",\"url\":\"https:\\\/\\\/www.gymnasium-mariengarden.de\\\/wordpress\\\/inklusives-theaterprojekt-im-garden-hotel\\\/\",\"name\":\"Inklusives Theaterprojekt \\\"Im Garden Hotel\\\" - Gymnasium Mariengarden\",\"isPartOf\":{\"@id\":\"https:\\\/\\\/www.gymnasium-mariengarden.de\\\/wordpress\\\/#website\"},\"primaryImageOfPage\":{\"@id\":\"https:\\\/\\\/www.gymnasium-mariengarden.de\\\/wordpress\\\/inklusives-theaterprojekt-im-garden-hotel\\\/#primaryimage\"},\"image\":{\"@id\":\"https:\\\/\\\/www.gymnasium-mariengarden.de\\\/wordpress\\\/inklusives-theaterprojekt-im-garden-hotel\\\/#primaryimage\"},\"thumbnailUrl\":\"https:\\\/\\\/www.gymnasium-mariengarden.de\\\/wordpress\\\/wp-content\\\/uploads\\\/2016\\\/07\\\/Theater.jpeg\",\"datePublished\":\"2016-07-04T18:00:42+00:00\",\"dateModified\":\"2016-07-04T18:10:07+00:00\",\"author\":{\"@id\":\"https:\\\/\\\/www.gymnasium-mariengarden.de\\\/wordpress\\\/#\\\/schema\\\/person\\\/ad4c5361ce3709b98e9e018bdc4c2ee9\"},\"description\":\"Privates Gymnasium der Oblatenmissionare\",\"breadcrumb\":{\"@id\":\"https:\\\/\\\/www.gymnasium-mariengarden.de\\\/wordpress\\\/inklusives-theaterprojekt-im-garden-hotel\\\/#breadcrumb\"},\"inLanguage\":\"de\",\"potentialAction\":[{\"@type\":\"ReadAction\",\"target\":[\"https:\\\/\\\/www.gymnasium-mariengarden.de\\\/wordpress\\\/inklusives-theaterprojekt-im-garden-hotel\\\/\"]}]},{\"@type\":\"ImageObject\",\"inLanguage\":\"de\",\"@id\":\"https:\\\/\\\/www.gymnasium-mariengarden.de\\\/wordpress\\\/inklusives-theaterprojekt-im-garden-hotel\\\/#primaryimage\",\"url\":\"https:\\\/\\\/www.gymnasium-mariengarden.de\\\/wordpress\\\/wp-content\\\/uploads\\\/2016\\\/07\\\/Theater.jpeg\",\"contentUrl\":\"https:\\\/\\\/www.gymnasium-mariengarden.de\\\/wordpress\\\/wp-content\\\/uploads\\\/2016\\\/07\\\/Theater.jpeg\",\"width\":640,\"height\":480},{\"@type\":\"BreadcrumbList\",\"@id\":\"https:\\\/\\\/www.gymnasium-mariengarden.de\\\/wordpress\\\/inklusives-theaterprojekt-im-garden-hotel\\\/#breadcrumb\",\"itemListElement\":[{\"@type\":\"ListItem\",\"position\":1,\"name\":\"Startseite\",\"item\":\"https:\\\/\\\/www.gymnasium-mariengarden.de\\\/wordpress\\\/\"},{\"@type\":\"ListItem\",\"position\":2,\"name\":\"Inklusives Theaterprojekt &#8222;Im Garden Hotel&#8220;\"}]},{\"@type\":\"WebSite\",\"@id\":\"https:\\\/\\\/www.gymnasium-mariengarden.de\\\/wordpress\\\/#website\",\"url\":\"https:\\\/\\\/www.gymnasium-mariengarden.de\\\/wordpress\\\/\",\"name\":\"Gymnasium Mariengarden\",\"description\":\"Privates Gymnasium der Oblatenmissionare\",\"alternateName\":\"Gymnasium Mariengarden Borken-Burlo\",\"potentialAction\":[{\"@type\":\"SearchAction\",\"target\":{\"@type\":\"EntryPoint\",\"urlTemplate\":\"https:\\\/\\\/www.gymnasium-mariengarden.de\\\/wordpress\\\/?s={search_term_string}\"},\"query-input\":{\"@type\":\"PropertyValueSpecification\",\"valueRequired\":true,\"valueName\":\"search_term_string\"}}],\"inLanguage\":\"de\"},{\"@type\":\"Person\",\"@id\":\"https:\\\/\\\/www.gymnasium-mariengarden.de\\\/wordpress\\\/#\\\/schema\\\/person\\\/ad4c5361ce3709b98e9e018bdc4c2ee9\",\"name\":\"Stephan Hansmann\",\"url\":\"https:\\\/\\\/www.gymnasium-mariengarden.de\\\/wordpress\\\/author\\\/s-hansmann\\\/\"}]}<\/script>\n<!-- \/ Yoast SEO plugin. -->","yoast_head_json":{"title":"Inklusives Theaterprojekt \"Im Garden Hotel\" - Gymnasium Mariengarden","description":"Privates Gymnasium der Oblatenmissionare","robots":{"index":"index","follow":"follow","max-snippet":"max-snippet:-1","max-image-preview":"max-image-preview:large","max-video-preview":"max-video-preview:-1"},"canonical":"https:\/\/www.gymnasium-mariengarden.de\/wordpress\/inklusives-theaterprojekt-im-garden-hotel\/","og_locale":"de_DE","og_type":"article","og_title":"Inklusives Theaterprojekt \"Im Garden Hotel\" - Gymnasium Mariengarden","og_description":"Privates Gymnasium der Oblatenmissionare","og_url":"https:\/\/www.gymnasium-mariengarden.de\/wordpress\/inklusives-theaterprojekt-im-garden-hotel\/","og_site_name":"Gymnasium Mariengarden","article_publisher":"https:\/\/www.facebook.com\/groups\/38812342437\/?locale=de_DE","article_published_time":"2016-07-04T18:00:42+00:00","article_modified_time":"2016-07-04T18:10:07+00:00","og_image":[{"width":640,"height":480,"url":"https:\/\/www.gymnasium-mariengarden.de\/wordpress\/wp-content\/uploads\/2016\/07\/Theater.jpeg","type":"image\/jpeg"}],"author":"Stephan Hansmann","twitter_card":"summary_large_image","twitter_misc":{"Verfasst von":"Stephan Hansmann","Gesch\u00e4tzte Lesezeit":"1\u00a0Minute"},"schema":{"@context":"https:\/\/schema.org","@graph":[{"@type":"Article","@id":"https:\/\/www.gymnasium-mariengarden.de\/wordpress\/inklusives-theaterprojekt-im-garden-hotel\/#article","isPartOf":{"@id":"https:\/\/www.gymnasium-mariengarden.de\/wordpress\/inklusives-theaterprojekt-im-garden-hotel\/"},"author":{"name":"Stephan Hansmann","@id":"https:\/\/www.gymnasium-mariengarden.de\/wordpress\/#\/schema\/person\/ad4c5361ce3709b98e9e018bdc4c2ee9"},"headline":"Inklusives Theaterprojekt &#8222;Im Garden Hotel&#8220;","datePublished":"2016-07-04T18:00:42+00:00","dateModified":"2016-07-04T18:10:07+00:00","mainEntityOfPage":{"@id":"https:\/\/www.gymnasium-mariengarden.de\/wordpress\/inklusives-theaterprojekt-im-garden-hotel\/"},"wordCount":239,"commentCount":0,"image":{"@id":"https:\/\/www.gymnasium-mariengarden.de\/wordpress\/inklusives-theaterprojekt-im-garden-hotel\/#primaryimage"},"thumbnailUrl":"https:\/\/www.gymnasium-mariengarden.de\/wordpress\/wp-content\/uploads\/2016\/07\/Theater.jpeg","keywords":["B\u00fcngern-Technik"],"articleSection":["Theater"],"inLanguage":"de","potentialAction":[{"@type":"CommentAction","name":"Comment","target":["https:\/\/www.gymnasium-mariengarden.de\/wordpress\/inklusives-theaterprojekt-im-garden-hotel\/#respond"]}]},{"@type":"WebPage","@id":"https:\/\/www.gymnasium-mariengarden.de\/wordpress\/inklusives-theaterprojekt-im-garden-hotel\/","url":"https:\/\/www.gymnasium-mariengarden.de\/wordpress\/inklusives-theaterprojekt-im-garden-hotel\/","name":"Inklusives Theaterprojekt \"Im Garden Hotel\" - Gymnasium Mariengarden","isPartOf":{"@id":"https:\/\/www.gymnasium-mariengarden.de\/wordpress\/#website"},"primaryImageOfPage":{"@id":"https:\/\/www.gymnasium-mariengarden.de\/wordpress\/inklusives-theaterprojekt-im-garden-hotel\/#primaryimage"},"image":{"@id":"https:\/\/www.gymnasium-mariengarden.de\/wordpress\/inklusives-theaterprojekt-im-garden-hotel\/#primaryimage"},"thumbnailUrl":"https:\/\/www.gymnasium-mariengarden.de\/wordpress\/wp-content\/uploads\/2016\/07\/Theater.jpeg","datePublished":"2016-07-04T18:00:42+00:00","dateModified":"2016-07-04T18:10:07+00:00","author":{"@id":"https:\/\/www.gymnasium-mariengarden.de\/wordpress\/#\/schema\/person\/ad4c5361ce3709b98e9e018bdc4c2ee9"},"description":"Privates Gymnasium der Oblatenmissionare","breadcrumb":{"@id":"https:\/\/www.gymnasium-mariengarden.de\/wordpress\/inklusives-theaterprojekt-im-garden-hotel\/#breadcrumb"},"inLanguage":"de","potentialAction":[{"@type":"ReadAction","target":["https:\/\/www.gymnasium-mariengarden.de\/wordpress\/inklusives-theaterprojekt-im-garden-hotel\/"]}]},{"@type":"ImageObject","inLanguage":"de","@id":"https:\/\/www.gymnasium-mariengarden.de\/wordpress\/inklusives-theaterprojekt-im-garden-hotel\/#primaryimage","url":"https:\/\/www.gymnasium-mariengarden.de\/wordpress\/wp-content\/uploads\/2016\/07\/Theater.jpeg","contentUrl":"https:\/\/www.gymnasium-mariengarden.de\/wordpress\/wp-content\/uploads\/2016\/07\/Theater.jpeg","width":640,"height":480},{"@type":"BreadcrumbList","@id":"https:\/\/www.gymnasium-mariengarden.de\/wordpress\/inklusives-theaterprojekt-im-garden-hotel\/#breadcrumb","itemListElement":[{"@type":"ListItem","position":1,"name":"Startseite","item":"https:\/\/www.gymnasium-mariengarden.de\/wordpress\/"},{"@type":"ListItem","position":2,"name":"Inklusives Theaterprojekt &#8222;Im Garden Hotel&#8220;"}]},{"@type":"WebSite","@id":"https:\/\/www.gymnasium-mariengarden.de\/wordpress\/#website","url":"https:\/\/www.gymnasium-mariengarden.de\/wordpress\/","name":"Gymnasium Mariengarden","description":"Privates Gymnasium der Oblatenmissionare","alternateName":"Gymnasium Mariengarden Borken-Burlo","potentialAction":[{"@type":"SearchAction","target":{"@type":"EntryPoint","urlTemplate":"https:\/\/www.gymnasium-mariengarden.de\/wordpress\/?s={search_term_string}"},"query-input":{"@type":"PropertyValueSpecification","valueRequired":true,"valueName":"search_term_string"}}],"inLanguage":"de"},{"@type":"Person","@id":"https:\/\/www.gymnasium-mariengarden.de\/wordpress\/#\/schema\/person\/ad4c5361ce3709b98e9e018bdc4c2ee9","name":"Stephan Hansmann","url":"https:\/\/www.gymnasium-mariengarden.de\/wordpress\/author\/s-hansmann\/"}]}},"_links":{"self":[{"href":"https:\/\/www.gymnasium-mariengarden.de\/wordpress\/wp-json\/wp\/v2\/posts\/3404","targetHints":{"allow":["GET"]}}],"collection":[{"href":"https:\/\/www.gymnasium-mariengarden.de\/wordpress\/wp-json\/wp\/v2\/posts"}],"about":[{"href":"https:\/\/www.gymnasium-mariengarden.de\/wordpress\/wp-json\/wp\/v2\/types\/post"}],"author":[{"embeddable":true,"href":"https:\/\/www.gymnasium-mariengarden.de\/wordpress\/wp-json\/wp\/v2\/users\/29"}],"replies":[{"embeddable":true,"href":"https:\/\/www.gymnasium-mariengarden.de\/wordpress\/wp-json\/wp\/v2\/comments?post=3404"}],"version-history":[{"count":5,"href":"https:\/\/www.gymnasium-mariengarden.de\/wordpress\/wp-json\/wp\/v2\/posts\/3404\/revisions"}],"predecessor-version":[{"id":3412,"href":"https:\/\/www.gymnasium-mariengarden.de\/wordpress\/wp-json\/wp\/v2\/posts\/3404\/revisions\/3412"}],"wp:featuredmedia":[{"embeddable":true,"href":"https:\/\/www.gymnasium-mariengarden.de\/wordpress\/wp-json\/wp\/v2\/media\/3405"}],"wp:attachment":[{"href":"https:\/\/www.gymnasium-mariengarden.de\/wordpress\/wp-json\/wp\/v2\/media?parent=3404"}],"wp:term":[{"taxonomy":"category","embeddable":true,"href":"https:\/\/www.gymnasium-mariengarden.de\/wordpress\/wp-json\/wp\/v2\/categories?post=3404"},{"taxonomy":"post_tag","embeddable":true,"href":"https:\/\/www.gymnasium-mariengarden.de\/wordpress\/wp-json\/wp\/v2\/tags?post=3404"}],"curies":[{"name":"wp","href":"https:\/\/api.w.org\/{rel}","templated":true}]}}