{"id":2584,"date":"2014-02-20T16:10:03","date_gmt":"2014-02-20T15:10:03","guid":{"rendered":"http:\/\/gymnasium-mariengarden.de\/wordpress\/?p=2584"},"modified":"2016-04-30T16:27:11","modified_gmt":"2016-04-30T14:27:11","slug":"unser-neuer-stellvertreter","status":"publish","type":"post","link":"https:\/\/www.gymnasium-mariengarden.de\/wordpress\/unser-neuer-stellvertreter\/","title":{"rendered":"Unser neuer Stellvertreter"},"content":{"rendered":"<p>Clemens Smirek hei\u00dft der neue Mann an der Seite von Schulleiter Michael Brands am Gymnasium Mariengarden. Der Provinzial der mitteleurop\u00e4ischen Ordensprovinz, Pater Stefan Obergfell OMI, ernannte den P\u00e4dagogen zum stellvertretenen Schulleiter und Nachfolger des unl\u00e4ngst verabschiedeten Klaus Kappenstein. Dabei ist der \u201eNeue\u201c zugleich ein alter Hase: Der dreifache Familienvater aus Borken unterrichtet bereits seit 1985 die F\u00e4cher Biologie und Erdkunde in Burlo. Schon seit vielen Jahren ist Smirek zudem als Beratungslehrer ein erfahrener und beliebter Ansprechpartner bei schulischen und pers\u00f6nlichen Problemen. Ob privat oder in der Schule: Der passionierte Chors\u00e4nger und Motorradfahrer ist ein Teamplayer. Und als solcher genie\u00dft das Vertrauen von Sch\u00fclern und Lehrern: Wiederholt wurde er in der Vergangenheit von den Sch\u00fclern als SV-Vertrauenslehrer und von Kollegen in den Lehrerrat gew\u00e4hlt. Gefragt, welche Ziele er sich steckt, muss Smirek nicht lange \u00fcberlegen:<em> \u201eMit Herz und Verstand und ein klein wenig Altersweisheit dazu beitragen, den Charakter und den Charme unserer Schule zu st\u00e4rken\u201c.\u00a0<\/em>Dazu viel Erfolg!<\/p>\n<p>&nbsp;<\/p>\n","protected":false},"excerpt":{"rendered":"<p>Clemens Smirek hei\u00dft der neue Mann an der Seite von Schulleiter Michael Brands am Gymnasium Mariengarden. Der Provinzial der mitteleurop\u00e4ischen Ordensprovinz, Pater Stefan Obergfell OMI, ernannte den P\u00e4dagogen zum stellvertretenen Schulleiter und Nachfolger des unl\u00e4ngst verabschiedeten Klaus Kappenstein. Dabei ist der \u201eNeue\u201c zugleich ein alter Hase: Der dreifache Familienvater aus Borken unterrichtet bereits seit 1985 &hellip; <a href=\"https:\/\/www.gymnasium-mariengarden.de\/wordpress\/unser-neuer-stellvertreter\/\" class=\"more-link\"><span class=\"screen-reader-text\">Unser neuer Stellvertreter<\/span> weiterlesen <span class=\"meta-nav\">&rarr;<\/span><\/a><\/p>\n","protected":false},"author":29,"featured_media":2585,"comment_status":"open","ping_status":"open","sticky":false,"template":"","format":"standard","meta":{"footnotes":""},"categories":[252],"tags":[95],"class_list":["post-2584","post","type-post","status-publish","format-standard","has-post-thumbnail","hentry","category-organisatorisches","tag-sv"],"yoast_head":"<!-- This site is optimized with the Yoast SEO plugin v27.3 - https:\/\/yoast.com\/product\/yoast-seo-wordpress\/ -->\n<title>Unser neuer Stellvertreter - Gymnasium Mariengarden<\/title>\n<meta name=\"description\" content=\"Privates Gymnasium der Oblatenmissionare\" \/>\n<meta name=\"robots\" content=\"index, follow, max-snippet:-1, max-image-preview:large, max-video-preview:-1\" \/>\n<link rel=\"canonical\" href=\"https:\/\/www.gymnasium-mariengarden.de\/wordpress\/unser-neuer-stellvertreter\/\" \/>\n<meta property=\"og:locale\" content=\"de_DE\" \/>\n<meta property=\"og:type\" content=\"article\" \/>\n<meta property=\"og:title\" content=\"Unser neuer Stellvertreter - Gymnasium Mariengarden\" \/>\n<meta property=\"og:description\" content=\"Privates Gymnasium der Oblatenmissionare\" \/>\n<meta property=\"og:url\" content=\"https:\/\/www.gymnasium-mariengarden.de\/wordpress\/unser-neuer-stellvertreter\/\" \/>\n<meta property=\"og:site_name\" content=\"Gymnasium Mariengarden\" \/>\n<meta property=\"article:publisher\" content=\"https:\/\/www.facebook.com\/groups\/38812342437\/?locale=de_DE\" \/>\n<meta property=\"article:published_time\" content=\"2014-02-20T15:10:03+00:00\" \/>\n<meta property=\"article:modified_time\" content=\"2016-04-30T14:27:11+00:00\" \/>\n<meta property=\"og:image\" content=\"https:\/\/www.gymnasium-mariengarden.de\/wordpress\/wp-content\/uploads\/2016\/04\/Smirek.jpg\" \/>\n\t<meta property=\"og:image:width\" content=\"427\" \/>\n\t<meta property=\"og:image:height\" content=\"320\" \/>\n\t<meta property=\"og:image:type\" content=\"image\/jpeg\" \/>\n<meta name=\"author\" content=\"Stephan Hansmann\" \/>\n<meta name=\"twitter:card\" content=\"summary_large_image\" \/>\n<meta name=\"twitter:label1\" content=\"Verfasst von\" \/>\n\t<meta name=\"twitter:data1\" content=\"Stephan Hansmann\" \/>\n\t<meta name=\"twitter:label2\" content=\"Gesch\u00e4tzte Lesezeit\" \/>\n\t<meta name=\"twitter:data2\" content=\"1\u00a0Minute\" \/>\n<script type=\"application\/ld+json\" class=\"yoast-schema-graph\">{\"@context\":\"https:\\\/\\\/schema.org\",\"@graph\":[{\"@type\":\"Article\",\"@id\":\"https:\\\/\\\/www.gymnasium-mariengarden.de\\\/wordpress\\\/unser-neuer-stellvertreter\\\/#article\",\"isPartOf\":{\"@id\":\"https:\\\/\\\/www.gymnasium-mariengarden.de\\\/wordpress\\\/unser-neuer-stellvertreter\\\/\"},\"author\":{\"name\":\"Stephan Hansmann\",\"@id\":\"https:\\\/\\\/www.gymnasium-mariengarden.de\\\/wordpress\\\/#\\\/schema\\\/person\\\/ad4c5361ce3709b98e9e018bdc4c2ee9\"},\"headline\":\"Unser neuer Stellvertreter\",\"datePublished\":\"2014-02-20T15:10:03+00:00\",\"dateModified\":\"2016-04-30T14:27:11+00:00\",\"mainEntityOfPage\":{\"@id\":\"https:\\\/\\\/www.gymnasium-mariengarden.de\\\/wordpress\\\/unser-neuer-stellvertreter\\\/\"},\"wordCount\":172,\"commentCount\":0,\"image\":{\"@id\":\"https:\\\/\\\/www.gymnasium-mariengarden.de\\\/wordpress\\\/unser-neuer-stellvertreter\\\/#primaryimage\"},\"thumbnailUrl\":\"https:\\\/\\\/www.gymnasium-mariengarden.de\\\/wordpress\\\/wp-content\\\/uploads\\\/2016\\\/04\\\/Smirek.jpg\",\"keywords\":[\"Sch\u00fclervertretung\"],\"articleSection\":[\"Organisatorisches\"],\"inLanguage\":\"de\",\"potentialAction\":[{\"@type\":\"CommentAction\",\"name\":\"Comment\",\"target\":[\"https:\\\/\\\/www.gymnasium-mariengarden.de\\\/wordpress\\\/unser-neuer-stellvertreter\\\/#respond\"]}]},{\"@type\":\"WebPage\",\"@id\":\"https:\\\/\\\/www.gymnasium-mariengarden.de\\\/wordpress\\\/unser-neuer-stellvertreter\\\/\",\"url\":\"https:\\\/\\\/www.gymnasium-mariengarden.de\\\/wordpress\\\/unser-neuer-stellvertreter\\\/\",\"name\":\"Unser neuer Stellvertreter - Gymnasium Mariengarden\",\"isPartOf\":{\"@id\":\"https:\\\/\\\/www.gymnasium-mariengarden.de\\\/wordpress\\\/#website\"},\"primaryImageOfPage\":{\"@id\":\"https:\\\/\\\/www.gymnasium-mariengarden.de\\\/wordpress\\\/unser-neuer-stellvertreter\\\/#primaryimage\"},\"image\":{\"@id\":\"https:\\\/\\\/www.gymnasium-mariengarden.de\\\/wordpress\\\/unser-neuer-stellvertreter\\\/#primaryimage\"},\"thumbnailUrl\":\"https:\\\/\\\/www.gymnasium-mariengarden.de\\\/wordpress\\\/wp-content\\\/uploads\\\/2016\\\/04\\\/Smirek.jpg\",\"datePublished\":\"2014-02-20T15:10:03+00:00\",\"dateModified\":\"2016-04-30T14:27:11+00:00\",\"author\":{\"@id\":\"https:\\\/\\\/www.gymnasium-mariengarden.de\\\/wordpress\\\/#\\\/schema\\\/person\\\/ad4c5361ce3709b98e9e018bdc4c2ee9\"},\"description\":\"Privates Gymnasium der Oblatenmissionare\",\"breadcrumb\":{\"@id\":\"https:\\\/\\\/www.gymnasium-mariengarden.de\\\/wordpress\\\/unser-neuer-stellvertreter\\\/#breadcrumb\"},\"inLanguage\":\"de\",\"potentialAction\":[{\"@type\":\"ReadAction\",\"target\":[\"https:\\\/\\\/www.gymnasium-mariengarden.de\\\/wordpress\\\/unser-neuer-stellvertreter\\\/\"]}]},{\"@type\":\"ImageObject\",\"inLanguage\":\"de\",\"@id\":\"https:\\\/\\\/www.gymnasium-mariengarden.de\\\/wordpress\\\/unser-neuer-stellvertreter\\\/#primaryimage\",\"url\":\"https:\\\/\\\/www.gymnasium-mariengarden.de\\\/wordpress\\\/wp-content\\\/uploads\\\/2016\\\/04\\\/Smirek.jpg\",\"contentUrl\":\"https:\\\/\\\/www.gymnasium-mariengarden.de\\\/wordpress\\\/wp-content\\\/uploads\\\/2016\\\/04\\\/Smirek.jpg\",\"width\":427,\"height\":320},{\"@type\":\"BreadcrumbList\",\"@id\":\"https:\\\/\\\/www.gymnasium-mariengarden.de\\\/wordpress\\\/unser-neuer-stellvertreter\\\/#breadcrumb\",\"itemListElement\":[{\"@type\":\"ListItem\",\"position\":1,\"name\":\"Startseite\",\"item\":\"https:\\\/\\\/www.gymnasium-mariengarden.de\\\/wordpress\\\/\"},{\"@type\":\"ListItem\",\"position\":2,\"name\":\"Unser neuer Stellvertreter\"}]},{\"@type\":\"WebSite\",\"@id\":\"https:\\\/\\\/www.gymnasium-mariengarden.de\\\/wordpress\\\/#website\",\"url\":\"https:\\\/\\\/www.gymnasium-mariengarden.de\\\/wordpress\\\/\",\"name\":\"Gymnasium Mariengarden\",\"description\":\"Privates Gymnasium der Oblatenmissionare\",\"alternateName\":\"Gymnasium Mariengarden Borken-Burlo\",\"potentialAction\":[{\"@type\":\"SearchAction\",\"target\":{\"@type\":\"EntryPoint\",\"urlTemplate\":\"https:\\\/\\\/www.gymnasium-mariengarden.de\\\/wordpress\\\/?s={search_term_string}\"},\"query-input\":{\"@type\":\"PropertyValueSpecification\",\"valueRequired\":true,\"valueName\":\"search_term_string\"}}],\"inLanguage\":\"de\"},{\"@type\":\"Person\",\"@id\":\"https:\\\/\\\/www.gymnasium-mariengarden.de\\\/wordpress\\\/#\\\/schema\\\/person\\\/ad4c5361ce3709b98e9e018bdc4c2ee9\",\"name\":\"Stephan Hansmann\",\"url\":\"https:\\\/\\\/www.gymnasium-mariengarden.de\\\/wordpress\\\/author\\\/s-hansmann\\\/\"}]}<\/script>\n<!-- \/ Yoast SEO plugin. -->","yoast_head_json":{"title":"Unser neuer Stellvertreter - Gymnasium Mariengarden","description":"Privates Gymnasium der Oblatenmissionare","robots":{"index":"index","follow":"follow","max-snippet":"max-snippet:-1","max-image-preview":"max-image-preview:large","max-video-preview":"max-video-preview:-1"},"canonical":"https:\/\/www.gymnasium-mariengarden.de\/wordpress\/unser-neuer-stellvertreter\/","og_locale":"de_DE","og_type":"article","og_title":"Unser neuer Stellvertreter - Gymnasium Mariengarden","og_description":"Privates Gymnasium der Oblatenmissionare","og_url":"https:\/\/www.gymnasium-mariengarden.de\/wordpress\/unser-neuer-stellvertreter\/","og_site_name":"Gymnasium Mariengarden","article_publisher":"https:\/\/www.facebook.com\/groups\/38812342437\/?locale=de_DE","article_published_time":"2014-02-20T15:10:03+00:00","article_modified_time":"2016-04-30T14:27:11+00:00","og_image":[{"width":427,"height":320,"url":"https:\/\/www.gymnasium-mariengarden.de\/wordpress\/wp-content\/uploads\/2016\/04\/Smirek.jpg","type":"image\/jpeg"}],"author":"Stephan Hansmann","twitter_card":"summary_large_image","twitter_misc":{"Verfasst von":"Stephan Hansmann","Gesch\u00e4tzte Lesezeit":"1\u00a0Minute"},"schema":{"@context":"https:\/\/schema.org","@graph":[{"@type":"Article","@id":"https:\/\/www.gymnasium-mariengarden.de\/wordpress\/unser-neuer-stellvertreter\/#article","isPartOf":{"@id":"https:\/\/www.gymnasium-mariengarden.de\/wordpress\/unser-neuer-stellvertreter\/"},"author":{"name":"Stephan Hansmann","@id":"https:\/\/www.gymnasium-mariengarden.de\/wordpress\/#\/schema\/person\/ad4c5361ce3709b98e9e018bdc4c2ee9"},"headline":"Unser neuer Stellvertreter","datePublished":"2014-02-20T15:10:03+00:00","dateModified":"2016-04-30T14:27:11+00:00","mainEntityOfPage":{"@id":"https:\/\/www.gymnasium-mariengarden.de\/wordpress\/unser-neuer-stellvertreter\/"},"wordCount":172,"commentCount":0,"image":{"@id":"https:\/\/www.gymnasium-mariengarden.de\/wordpress\/unser-neuer-stellvertreter\/#primaryimage"},"thumbnailUrl":"https:\/\/www.gymnasium-mariengarden.de\/wordpress\/wp-content\/uploads\/2016\/04\/Smirek.jpg","keywords":["Sch\u00fclervertretung"],"articleSection":["Organisatorisches"],"inLanguage":"de","potentialAction":[{"@type":"CommentAction","name":"Comment","target":["https:\/\/www.gymnasium-mariengarden.de\/wordpress\/unser-neuer-stellvertreter\/#respond"]}]},{"@type":"WebPage","@id":"https:\/\/www.gymnasium-mariengarden.de\/wordpress\/unser-neuer-stellvertreter\/","url":"https:\/\/www.gymnasium-mariengarden.de\/wordpress\/unser-neuer-stellvertreter\/","name":"Unser neuer Stellvertreter - Gymnasium Mariengarden","isPartOf":{"@id":"https:\/\/www.gymnasium-mariengarden.de\/wordpress\/#website"},"primaryImageOfPage":{"@id":"https:\/\/www.gymnasium-mariengarden.de\/wordpress\/unser-neuer-stellvertreter\/#primaryimage"},"image":{"@id":"https:\/\/www.gymnasium-mariengarden.de\/wordpress\/unser-neuer-stellvertreter\/#primaryimage"},"thumbnailUrl":"https:\/\/www.gymnasium-mariengarden.de\/wordpress\/wp-content\/uploads\/2016\/04\/Smirek.jpg","datePublished":"2014-02-20T15:10:03+00:00","dateModified":"2016-04-30T14:27:11+00:00","author":{"@id":"https:\/\/www.gymnasium-mariengarden.de\/wordpress\/#\/schema\/person\/ad4c5361ce3709b98e9e018bdc4c2ee9"},"description":"Privates Gymnasium der Oblatenmissionare","breadcrumb":{"@id":"https:\/\/www.gymnasium-mariengarden.de\/wordpress\/unser-neuer-stellvertreter\/#breadcrumb"},"inLanguage":"de","potentialAction":[{"@type":"ReadAction","target":["https:\/\/www.gymnasium-mariengarden.de\/wordpress\/unser-neuer-stellvertreter\/"]}]},{"@type":"ImageObject","inLanguage":"de","@id":"https:\/\/www.gymnasium-mariengarden.de\/wordpress\/unser-neuer-stellvertreter\/#primaryimage","url":"https:\/\/www.gymnasium-mariengarden.de\/wordpress\/wp-content\/uploads\/2016\/04\/Smirek.jpg","contentUrl":"https:\/\/www.gymnasium-mariengarden.de\/wordpress\/wp-content\/uploads\/2016\/04\/Smirek.jpg","width":427,"height":320},{"@type":"BreadcrumbList","@id":"https:\/\/www.gymnasium-mariengarden.de\/wordpress\/unser-neuer-stellvertreter\/#breadcrumb","itemListElement":[{"@type":"ListItem","position":1,"name":"Startseite","item":"https:\/\/www.gymnasium-mariengarden.de\/wordpress\/"},{"@type":"ListItem","position":2,"name":"Unser neuer Stellvertreter"}]},{"@type":"WebSite","@id":"https:\/\/www.gymnasium-mariengarden.de\/wordpress\/#website","url":"https:\/\/www.gymnasium-mariengarden.de\/wordpress\/","name":"Gymnasium Mariengarden","description":"Privates Gymnasium der Oblatenmissionare","alternateName":"Gymnasium Mariengarden Borken-Burlo","potentialAction":[{"@type":"SearchAction","target":{"@type":"EntryPoint","urlTemplate":"https:\/\/www.gymnasium-mariengarden.de\/wordpress\/?s={search_term_string}"},"query-input":{"@type":"PropertyValueSpecification","valueRequired":true,"valueName":"search_term_string"}}],"inLanguage":"de"},{"@type":"Person","@id":"https:\/\/www.gymnasium-mariengarden.de\/wordpress\/#\/schema\/person\/ad4c5361ce3709b98e9e018bdc4c2ee9","name":"Stephan Hansmann","url":"https:\/\/www.gymnasium-mariengarden.de\/wordpress\/author\/s-hansmann\/"}]}},"_links":{"self":[{"href":"https:\/\/www.gymnasium-mariengarden.de\/wordpress\/wp-json\/wp\/v2\/posts\/2584","targetHints":{"allow":["GET"]}}],"collection":[{"href":"https:\/\/www.gymnasium-mariengarden.de\/wordpress\/wp-json\/wp\/v2\/posts"}],"about":[{"href":"https:\/\/www.gymnasium-mariengarden.de\/wordpress\/wp-json\/wp\/v2\/types\/post"}],"author":[{"embeddable":true,"href":"https:\/\/www.gymnasium-mariengarden.de\/wordpress\/wp-json\/wp\/v2\/users\/29"}],"replies":[{"embeddable":true,"href":"https:\/\/www.gymnasium-mariengarden.de\/wordpress\/wp-json\/wp\/v2\/comments?post=2584"}],"version-history":[{"count":1,"href":"https:\/\/www.gymnasium-mariengarden.de\/wordpress\/wp-json\/wp\/v2\/posts\/2584\/revisions"}],"predecessor-version":[{"id":2586,"href":"https:\/\/www.gymnasium-mariengarden.de\/wordpress\/wp-json\/wp\/v2\/posts\/2584\/revisions\/2586"}],"wp:featuredmedia":[{"embeddable":true,"href":"https:\/\/www.gymnasium-mariengarden.de\/wordpress\/wp-json\/wp\/v2\/media\/2585"}],"wp:attachment":[{"href":"https:\/\/www.gymnasium-mariengarden.de\/wordpress\/wp-json\/wp\/v2\/media?parent=2584"}],"wp:term":[{"taxonomy":"category","embeddable":true,"href":"https:\/\/www.gymnasium-mariengarden.de\/wordpress\/wp-json\/wp\/v2\/categories?post=2584"},{"taxonomy":"post_tag","embeddable":true,"href":"https:\/\/www.gymnasium-mariengarden.de\/wordpress\/wp-json\/wp\/v2\/tags?post=2584"}],"curies":[{"name":"wp","href":"https:\/\/api.w.org\/{rel}","templated":true}]}}