{"id":2100,"date":"2012-01-14T13:16:41","date_gmt":"2012-01-14T12:16:41","guid":{"rendered":"http:\/\/gymnasium-mariengarden.de\/wordpress\/?p=2100"},"modified":"2016-06-23T18:05:31","modified_gmt":"2016-06-23T16:05:31","slug":"demnaechst-in-diesem-theater","status":"publish","type":"post","link":"https:\/\/www.gymnasium-mariengarden.de\/wordpress\/demnaechst-in-diesem-theater\/","title":{"rendered":"Demn\u00e4chst in diesem Theater"},"content":{"rendered":"<p>Schon jetzt machen wir auf die erste Theaterveranstaltung im Forum Mariengarden aufmerksam:<\/p>\n<p>\u201eKollaboration\u201c geht am <strong>12.03.2012 um 20.00 im Forum Mariengarden<\/strong> \u00fcber die B\u00fchne. Wolfgang Engel inszenierte die Produktion des Theaters am Rathaus Essen. B\u00fchnenbild und Kost\u00fcme sind von Horst Vogelgesang.<\/p>\n<p>Mehr Infos gibt es <a href=\"http:\/\/gymnasium-mariengarden.de\/2012\/03\/11\/\">hier<\/a>.<\/p>\n","protected":false},"excerpt":{"rendered":"<p>Schon jetzt machen wir auf die erste Theaterveranstaltung im Forum Mariengarden aufmerksam: \u201eKollaboration\u201c geht am 12.03.2012 um 20.00 im Forum Mariengarden \u00fcber die B\u00fchne. Wolfgang Engel inszenierte die Produktion des Theaters am Rathaus Essen. B\u00fchnenbild und Kost\u00fcme sind von Horst Vogelgesang. Mehr Infos gibt es hier.<\/p>\n","protected":false},"author":4,"featured_media":0,"comment_status":"open","ping_status":"open","sticky":false,"template":"","format":"standard","meta":{"footnotes":""},"categories":[9],"tags":[5],"class_list":["post-2100","post","type-post","status-publish","format-standard","hentry","category-theater","tag-forum-mariengarden"],"yoast_head":"<!-- This site is optimized with the Yoast SEO plugin v27.3 - https:\/\/yoast.com\/product\/yoast-seo-wordpress\/ -->\n<title>Demn\u00e4chst in diesem Theater - Gymnasium Mariengarden<\/title>\n<meta name=\"description\" content=\"Privates Gymnasium der Oblatenmissionare\" \/>\n<meta name=\"robots\" content=\"index, follow, max-snippet:-1, max-image-preview:large, max-video-preview:-1\" \/>\n<link rel=\"canonical\" href=\"https:\/\/www.gymnasium-mariengarden.de\/wordpress\/demnaechst-in-diesem-theater\/\" \/>\n<meta property=\"og:locale\" content=\"de_DE\" \/>\n<meta property=\"og:type\" content=\"article\" \/>\n<meta property=\"og:title\" content=\"Demn\u00e4chst in diesem Theater - Gymnasium Mariengarden\" \/>\n<meta property=\"og:description\" content=\"Privates Gymnasium der Oblatenmissionare\" \/>\n<meta property=\"og:url\" content=\"https:\/\/www.gymnasium-mariengarden.de\/wordpress\/demnaechst-in-diesem-theater\/\" \/>\n<meta property=\"og:site_name\" content=\"Gymnasium Mariengarden\" \/>\n<meta property=\"article:publisher\" content=\"https:\/\/www.facebook.com\/groups\/38812342437\/?locale=de_DE\" \/>\n<meta property=\"article:published_time\" content=\"2012-01-14T12:16:41+00:00\" \/>\n<meta property=\"article:modified_time\" content=\"2016-06-23T16:05:31+00:00\" \/>\n<meta name=\"author\" content=\"Christian Ertner\" \/>\n<meta name=\"twitter:card\" content=\"summary_large_image\" \/>\n<meta name=\"twitter:label1\" content=\"Verfasst von\" \/>\n\t<meta name=\"twitter:data1\" content=\"Christian Ertner\" \/>\n<script type=\"application\/ld+json\" class=\"yoast-schema-graph\">{\"@context\":\"https:\\\/\\\/schema.org\",\"@graph\":[{\"@type\":\"Article\",\"@id\":\"https:\\\/\\\/www.gymnasium-mariengarden.de\\\/wordpress\\\/demnaechst-in-diesem-theater\\\/#article\",\"isPartOf\":{\"@id\":\"https:\\\/\\\/www.gymnasium-mariengarden.de\\\/wordpress\\\/demnaechst-in-diesem-theater\\\/\"},\"author\":{\"name\":\"Christian Ertner\",\"@id\":\"https:\\\/\\\/www.gymnasium-mariengarden.de\\\/wordpress\\\/#\\\/schema\\\/person\\\/df224558fcbf911ac239111da1ac985d\"},\"headline\":\"Demn\u00e4chst in diesem Theater\",\"datePublished\":\"2012-01-14T12:16:41+00:00\",\"dateModified\":\"2016-06-23T16:05:31+00:00\",\"mainEntityOfPage\":{\"@id\":\"https:\\\/\\\/www.gymnasium-mariengarden.de\\\/wordpress\\\/demnaechst-in-diesem-theater\\\/\"},\"wordCount\":52,\"commentCount\":0,\"keywords\":[\"Forum Mariengarden\"],\"articleSection\":[\"Theater\"],\"inLanguage\":\"de\",\"potentialAction\":[{\"@type\":\"CommentAction\",\"name\":\"Comment\",\"target\":[\"https:\\\/\\\/www.gymnasium-mariengarden.de\\\/wordpress\\\/demnaechst-in-diesem-theater\\\/#respond\"]}]},{\"@type\":\"WebPage\",\"@id\":\"https:\\\/\\\/www.gymnasium-mariengarden.de\\\/wordpress\\\/demnaechst-in-diesem-theater\\\/\",\"url\":\"https:\\\/\\\/www.gymnasium-mariengarden.de\\\/wordpress\\\/demnaechst-in-diesem-theater\\\/\",\"name\":\"Demn\u00e4chst in diesem Theater - Gymnasium Mariengarden\",\"isPartOf\":{\"@id\":\"https:\\\/\\\/www.gymnasium-mariengarden.de\\\/wordpress\\\/#website\"},\"datePublished\":\"2012-01-14T12:16:41+00:00\",\"dateModified\":\"2016-06-23T16:05:31+00:00\",\"author\":{\"@id\":\"https:\\\/\\\/www.gymnasium-mariengarden.de\\\/wordpress\\\/#\\\/schema\\\/person\\\/df224558fcbf911ac239111da1ac985d\"},\"description\":\"Privates Gymnasium der Oblatenmissionare\",\"breadcrumb\":{\"@id\":\"https:\\\/\\\/www.gymnasium-mariengarden.de\\\/wordpress\\\/demnaechst-in-diesem-theater\\\/#breadcrumb\"},\"inLanguage\":\"de\",\"potentialAction\":[{\"@type\":\"ReadAction\",\"target\":[\"https:\\\/\\\/www.gymnasium-mariengarden.de\\\/wordpress\\\/demnaechst-in-diesem-theater\\\/\"]}]},{\"@type\":\"BreadcrumbList\",\"@id\":\"https:\\\/\\\/www.gymnasium-mariengarden.de\\\/wordpress\\\/demnaechst-in-diesem-theater\\\/#breadcrumb\",\"itemListElement\":[{\"@type\":\"ListItem\",\"position\":1,\"name\":\"Startseite\",\"item\":\"https:\\\/\\\/www.gymnasium-mariengarden.de\\\/wordpress\\\/\"},{\"@type\":\"ListItem\",\"position\":2,\"name\":\"Demn\u00e4chst in diesem Theater\"}]},{\"@type\":\"WebSite\",\"@id\":\"https:\\\/\\\/www.gymnasium-mariengarden.de\\\/wordpress\\\/#website\",\"url\":\"https:\\\/\\\/www.gymnasium-mariengarden.de\\\/wordpress\\\/\",\"name\":\"Gymnasium Mariengarden\",\"description\":\"Privates Gymnasium der Oblatenmissionare\",\"alternateName\":\"Gymnasium Mariengarden Borken-Burlo\",\"potentialAction\":[{\"@type\":\"SearchAction\",\"target\":{\"@type\":\"EntryPoint\",\"urlTemplate\":\"https:\\\/\\\/www.gymnasium-mariengarden.de\\\/wordpress\\\/?s={search_term_string}\"},\"query-input\":{\"@type\":\"PropertyValueSpecification\",\"valueRequired\":true,\"valueName\":\"search_term_string\"}}],\"inLanguage\":\"de\"},{\"@type\":\"Person\",\"@id\":\"https:\\\/\\\/www.gymnasium-mariengarden.de\\\/wordpress\\\/#\\\/schema\\\/person\\\/df224558fcbf911ac239111da1ac985d\",\"name\":\"Christian Ertner\",\"url\":\"https:\\\/\\\/www.gymnasium-mariengarden.de\\\/wordpress\\\/author\\\/c-ertner\\\/\"}]}<\/script>\n<!-- \/ Yoast SEO plugin. -->","yoast_head_json":{"title":"Demn\u00e4chst in diesem Theater - Gymnasium Mariengarden","description":"Privates Gymnasium der Oblatenmissionare","robots":{"index":"index","follow":"follow","max-snippet":"max-snippet:-1","max-image-preview":"max-image-preview:large","max-video-preview":"max-video-preview:-1"},"canonical":"https:\/\/www.gymnasium-mariengarden.de\/wordpress\/demnaechst-in-diesem-theater\/","og_locale":"de_DE","og_type":"article","og_title":"Demn\u00e4chst in diesem Theater - Gymnasium Mariengarden","og_description":"Privates Gymnasium der Oblatenmissionare","og_url":"https:\/\/www.gymnasium-mariengarden.de\/wordpress\/demnaechst-in-diesem-theater\/","og_site_name":"Gymnasium Mariengarden","article_publisher":"https:\/\/www.facebook.com\/groups\/38812342437\/?locale=de_DE","article_published_time":"2012-01-14T12:16:41+00:00","article_modified_time":"2016-06-23T16:05:31+00:00","author":"Christian Ertner","twitter_card":"summary_large_image","twitter_misc":{"Verfasst von":"Christian Ertner"},"schema":{"@context":"https:\/\/schema.org","@graph":[{"@type":"Article","@id":"https:\/\/www.gymnasium-mariengarden.de\/wordpress\/demnaechst-in-diesem-theater\/#article","isPartOf":{"@id":"https:\/\/www.gymnasium-mariengarden.de\/wordpress\/demnaechst-in-diesem-theater\/"},"author":{"name":"Christian Ertner","@id":"https:\/\/www.gymnasium-mariengarden.de\/wordpress\/#\/schema\/person\/df224558fcbf911ac239111da1ac985d"},"headline":"Demn\u00e4chst in diesem Theater","datePublished":"2012-01-14T12:16:41+00:00","dateModified":"2016-06-23T16:05:31+00:00","mainEntityOfPage":{"@id":"https:\/\/www.gymnasium-mariengarden.de\/wordpress\/demnaechst-in-diesem-theater\/"},"wordCount":52,"commentCount":0,"keywords":["Forum Mariengarden"],"articleSection":["Theater"],"inLanguage":"de","potentialAction":[{"@type":"CommentAction","name":"Comment","target":["https:\/\/www.gymnasium-mariengarden.de\/wordpress\/demnaechst-in-diesem-theater\/#respond"]}]},{"@type":"WebPage","@id":"https:\/\/www.gymnasium-mariengarden.de\/wordpress\/demnaechst-in-diesem-theater\/","url":"https:\/\/www.gymnasium-mariengarden.de\/wordpress\/demnaechst-in-diesem-theater\/","name":"Demn\u00e4chst in diesem Theater - Gymnasium Mariengarden","isPartOf":{"@id":"https:\/\/www.gymnasium-mariengarden.de\/wordpress\/#website"},"datePublished":"2012-01-14T12:16:41+00:00","dateModified":"2016-06-23T16:05:31+00:00","author":{"@id":"https:\/\/www.gymnasium-mariengarden.de\/wordpress\/#\/schema\/person\/df224558fcbf911ac239111da1ac985d"},"description":"Privates Gymnasium der Oblatenmissionare","breadcrumb":{"@id":"https:\/\/www.gymnasium-mariengarden.de\/wordpress\/demnaechst-in-diesem-theater\/#breadcrumb"},"inLanguage":"de","potentialAction":[{"@type":"ReadAction","target":["https:\/\/www.gymnasium-mariengarden.de\/wordpress\/demnaechst-in-diesem-theater\/"]}]},{"@type":"BreadcrumbList","@id":"https:\/\/www.gymnasium-mariengarden.de\/wordpress\/demnaechst-in-diesem-theater\/#breadcrumb","itemListElement":[{"@type":"ListItem","position":1,"name":"Startseite","item":"https:\/\/www.gymnasium-mariengarden.de\/wordpress\/"},{"@type":"ListItem","position":2,"name":"Demn\u00e4chst in diesem Theater"}]},{"@type":"WebSite","@id":"https:\/\/www.gymnasium-mariengarden.de\/wordpress\/#website","url":"https:\/\/www.gymnasium-mariengarden.de\/wordpress\/","name":"Gymnasium Mariengarden","description":"Privates Gymnasium der Oblatenmissionare","alternateName":"Gymnasium Mariengarden Borken-Burlo","potentialAction":[{"@type":"SearchAction","target":{"@type":"EntryPoint","urlTemplate":"https:\/\/www.gymnasium-mariengarden.de\/wordpress\/?s={search_term_string}"},"query-input":{"@type":"PropertyValueSpecification","valueRequired":true,"valueName":"search_term_string"}}],"inLanguage":"de"},{"@type":"Person","@id":"https:\/\/www.gymnasium-mariengarden.de\/wordpress\/#\/schema\/person\/df224558fcbf911ac239111da1ac985d","name":"Christian Ertner","url":"https:\/\/www.gymnasium-mariengarden.de\/wordpress\/author\/c-ertner\/"}]}},"_links":{"self":[{"href":"https:\/\/www.gymnasium-mariengarden.de\/wordpress\/wp-json\/wp\/v2\/posts\/2100","targetHints":{"allow":["GET"]}}],"collection":[{"href":"https:\/\/www.gymnasium-mariengarden.de\/wordpress\/wp-json\/wp\/v2\/posts"}],"about":[{"href":"https:\/\/www.gymnasium-mariengarden.de\/wordpress\/wp-json\/wp\/v2\/types\/post"}],"author":[{"embeddable":true,"href":"https:\/\/www.gymnasium-mariengarden.de\/wordpress\/wp-json\/wp\/v2\/users\/4"}],"replies":[{"embeddable":true,"href":"https:\/\/www.gymnasium-mariengarden.de\/wordpress\/wp-json\/wp\/v2\/comments?post=2100"}],"version-history":[{"count":3,"href":"https:\/\/www.gymnasium-mariengarden.de\/wordpress\/wp-json\/wp\/v2\/posts\/2100\/revisions"}],"predecessor-version":[{"id":3167,"href":"https:\/\/www.gymnasium-mariengarden.de\/wordpress\/wp-json\/wp\/v2\/posts\/2100\/revisions\/3167"}],"wp:attachment":[{"href":"https:\/\/www.gymnasium-mariengarden.de\/wordpress\/wp-json\/wp\/v2\/media?parent=2100"}],"wp:term":[{"taxonomy":"category","embeddable":true,"href":"https:\/\/www.gymnasium-mariengarden.de\/wordpress\/wp-json\/wp\/v2\/categories?post=2100"},{"taxonomy":"post_tag","embeddable":true,"href":"https:\/\/www.gymnasium-mariengarden.de\/wordpress\/wp-json\/wp\/v2\/tags?post=2100"}],"curies":[{"name":"wp","href":"https:\/\/api.w.org\/{rel}","templated":true}]}}