{"id":2055,"date":"2011-09-12T16:22:06","date_gmt":"2011-09-12T14:22:06","guid":{"rendered":"http:\/\/gymnasium-mariengarden.de\/wordpress\/?p=2055"},"modified":"2016-04-30T17:31:05","modified_gmt":"2016-04-30T15:31:05","slug":"silberne-dienstjubilaeen","status":"publish","type":"post","link":"https:\/\/www.gymnasium-mariengarden.de\/wordpress\/silberne-dienstjubilaeen\/","title":{"rendered":"Silberne Dienstjubil\u00e4en"},"content":{"rendered":"<p>Ein halbes Jahrhundert unterrichten Leo Gormann und Claus Franken vom Gymnasium Mariengarden nun bereits \u2013 zusammen gerechnet. Anl\u00e4sslich ihres 25-j\u00e4hrigen Jubil\u00e4ums im \u00f6ffentlichen Dienst konnte Schulleiter Michael Brands den beiden beliebten P\u00e4dagogen gleich am ersten Schultag eine Urkunde \u00fcberreichen. Auch Schulsekret\u00e4rin Birgit Tegeler kann seit den Sommerferien auf 25 Jahre im \u00f6ffentlichen Dienst zur\u00fcckblicken.<\/p>\n","protected":false},"excerpt":{"rendered":"<p>Ein halbes Jahrhundert unterrichten Leo Gormann und Claus Franken vom Gymnasium Mariengarden nun bereits \u2013 zusammen gerechnet. Anl\u00e4sslich ihres 25-j\u00e4hrigen Jubil\u00e4ums im \u00f6ffentlichen Dienst konnte Schulleiter Michael Brands den beiden beliebten P\u00e4dagogen gleich am ersten Schultag eine Urkunde \u00fcberreichen. Auch Schulsekret\u00e4rin Birgit Tegeler kann seit den Sommerferien auf 25 Jahre im \u00f6ffentlichen Dienst zur\u00fcckblicken.<\/p>\n","protected":false},"author":29,"featured_media":2054,"comment_status":"open","ping_status":"open","sticky":false,"template":"","format":"standard","meta":{"footnotes":""},"categories":[255],"tags":[],"class_list":["post-2055","post","type-post","status-publish","format-standard","has-post-thumbnail","hentry","category-berichte"],"yoast_head":"<!-- This site is optimized with the Yoast SEO plugin v27.3 - https:\/\/yoast.com\/product\/yoast-seo-wordpress\/ -->\n<title>Silberne Dienstjubil\u00e4en - Gymnasium Mariengarden<\/title>\n<meta name=\"description\" content=\"Privates Gymnasium der Oblatenmissionare\" \/>\n<meta name=\"robots\" content=\"index, follow, max-snippet:-1, max-image-preview:large, max-video-preview:-1\" \/>\n<link rel=\"canonical\" href=\"https:\/\/www.gymnasium-mariengarden.de\/wordpress\/silberne-dienstjubilaeen\/\" \/>\n<meta property=\"og:locale\" content=\"de_DE\" \/>\n<meta property=\"og:type\" content=\"article\" \/>\n<meta property=\"og:title\" content=\"Silberne Dienstjubil\u00e4en - Gymnasium Mariengarden\" \/>\n<meta property=\"og:description\" content=\"Privates Gymnasium der Oblatenmissionare\" \/>\n<meta property=\"og:url\" content=\"https:\/\/www.gymnasium-mariengarden.de\/wordpress\/silberne-dienstjubilaeen\/\" \/>\n<meta property=\"og:site_name\" content=\"Gymnasium Mariengarden\" \/>\n<meta property=\"article:publisher\" content=\"https:\/\/www.facebook.com\/groups\/38812342437\/?locale=de_DE\" \/>\n<meta property=\"article:published_time\" content=\"2011-09-12T14:22:06+00:00\" \/>\n<meta property=\"article:modified_time\" content=\"2016-04-30T15:31:05+00:00\" \/>\n<meta property=\"og:image\" content=\"https:\/\/www.gymnasium-mariengarden.de\/wordpress\/wp-content\/uploads\/2016\/03\/Fr_Gor_Klein.jpg\" \/>\n\t<meta property=\"og:image:width\" content=\"640\" \/>\n\t<meta property=\"og:image:height\" content=\"480\" \/>\n\t<meta property=\"og:image:type\" content=\"image\/jpeg\" \/>\n<meta name=\"author\" content=\"Stephan Hansmann\" \/>\n<meta name=\"twitter:card\" content=\"summary_large_image\" \/>\n<meta name=\"twitter:label1\" content=\"Verfasst von\" \/>\n\t<meta name=\"twitter:data1\" content=\"Stephan Hansmann\" \/>\n<script type=\"application\/ld+json\" class=\"yoast-schema-graph\">{\"@context\":\"https:\\\/\\\/schema.org\",\"@graph\":[{\"@type\":\"Article\",\"@id\":\"https:\\\/\\\/www.gymnasium-mariengarden.de\\\/wordpress\\\/silberne-dienstjubilaeen\\\/#article\",\"isPartOf\":{\"@id\":\"https:\\\/\\\/www.gymnasium-mariengarden.de\\\/wordpress\\\/silberne-dienstjubilaeen\\\/\"},\"author\":{\"name\":\"Stephan Hansmann\",\"@id\":\"https:\\\/\\\/www.gymnasium-mariengarden.de\\\/wordpress\\\/#\\\/schema\\\/person\\\/ad4c5361ce3709b98e9e018bdc4c2ee9\"},\"headline\":\"Silberne Dienstjubil\u00e4en\",\"datePublished\":\"2011-09-12T14:22:06+00:00\",\"dateModified\":\"2016-04-30T15:31:05+00:00\",\"mainEntityOfPage\":{\"@id\":\"https:\\\/\\\/www.gymnasium-mariengarden.de\\\/wordpress\\\/silberne-dienstjubilaeen\\\/\"},\"wordCount\":61,\"commentCount\":0,\"image\":{\"@id\":\"https:\\\/\\\/www.gymnasium-mariengarden.de\\\/wordpress\\\/silberne-dienstjubilaeen\\\/#primaryimage\"},\"thumbnailUrl\":\"https:\\\/\\\/www.gymnasium-mariengarden.de\\\/wordpress\\\/wp-content\\\/uploads\\\/2016\\\/03\\\/Fr_Gor_Klein.jpg\",\"articleSection\":[\"Berichte\"],\"inLanguage\":\"de\",\"potentialAction\":[{\"@type\":\"CommentAction\",\"name\":\"Comment\",\"target\":[\"https:\\\/\\\/www.gymnasium-mariengarden.de\\\/wordpress\\\/silberne-dienstjubilaeen\\\/#respond\"]}]},{\"@type\":\"WebPage\",\"@id\":\"https:\\\/\\\/www.gymnasium-mariengarden.de\\\/wordpress\\\/silberne-dienstjubilaeen\\\/\",\"url\":\"https:\\\/\\\/www.gymnasium-mariengarden.de\\\/wordpress\\\/silberne-dienstjubilaeen\\\/\",\"name\":\"Silberne Dienstjubil\u00e4en - Gymnasium Mariengarden\",\"isPartOf\":{\"@id\":\"https:\\\/\\\/www.gymnasium-mariengarden.de\\\/wordpress\\\/#website\"},\"primaryImageOfPage\":{\"@id\":\"https:\\\/\\\/www.gymnasium-mariengarden.de\\\/wordpress\\\/silberne-dienstjubilaeen\\\/#primaryimage\"},\"image\":{\"@id\":\"https:\\\/\\\/www.gymnasium-mariengarden.de\\\/wordpress\\\/silberne-dienstjubilaeen\\\/#primaryimage\"},\"thumbnailUrl\":\"https:\\\/\\\/www.gymnasium-mariengarden.de\\\/wordpress\\\/wp-content\\\/uploads\\\/2016\\\/03\\\/Fr_Gor_Klein.jpg\",\"datePublished\":\"2011-09-12T14:22:06+00:00\",\"dateModified\":\"2016-04-30T15:31:05+00:00\",\"author\":{\"@id\":\"https:\\\/\\\/www.gymnasium-mariengarden.de\\\/wordpress\\\/#\\\/schema\\\/person\\\/ad4c5361ce3709b98e9e018bdc4c2ee9\"},\"description\":\"Privates Gymnasium der Oblatenmissionare\",\"breadcrumb\":{\"@id\":\"https:\\\/\\\/www.gymnasium-mariengarden.de\\\/wordpress\\\/silberne-dienstjubilaeen\\\/#breadcrumb\"},\"inLanguage\":\"de\",\"potentialAction\":[{\"@type\":\"ReadAction\",\"target\":[\"https:\\\/\\\/www.gymnasium-mariengarden.de\\\/wordpress\\\/silberne-dienstjubilaeen\\\/\"]}]},{\"@type\":\"ImageObject\",\"inLanguage\":\"de\",\"@id\":\"https:\\\/\\\/www.gymnasium-mariengarden.de\\\/wordpress\\\/silberne-dienstjubilaeen\\\/#primaryimage\",\"url\":\"https:\\\/\\\/www.gymnasium-mariengarden.de\\\/wordpress\\\/wp-content\\\/uploads\\\/2016\\\/03\\\/Fr_Gor_Klein.jpg\",\"contentUrl\":\"https:\\\/\\\/www.gymnasium-mariengarden.de\\\/wordpress\\\/wp-content\\\/uploads\\\/2016\\\/03\\\/Fr_Gor_Klein.jpg\",\"width\":640,\"height\":480},{\"@type\":\"BreadcrumbList\",\"@id\":\"https:\\\/\\\/www.gymnasium-mariengarden.de\\\/wordpress\\\/silberne-dienstjubilaeen\\\/#breadcrumb\",\"itemListElement\":[{\"@type\":\"ListItem\",\"position\":1,\"name\":\"Startseite\",\"item\":\"https:\\\/\\\/www.gymnasium-mariengarden.de\\\/wordpress\\\/\"},{\"@type\":\"ListItem\",\"position\":2,\"name\":\"Silberne Dienstjubil\u00e4en\"}]},{\"@type\":\"WebSite\",\"@id\":\"https:\\\/\\\/www.gymnasium-mariengarden.de\\\/wordpress\\\/#website\",\"url\":\"https:\\\/\\\/www.gymnasium-mariengarden.de\\\/wordpress\\\/\",\"name\":\"Gymnasium Mariengarden\",\"description\":\"Privates Gymnasium der Oblatenmissionare\",\"alternateName\":\"Gymnasium Mariengarden Borken-Burlo\",\"potentialAction\":[{\"@type\":\"SearchAction\",\"target\":{\"@type\":\"EntryPoint\",\"urlTemplate\":\"https:\\\/\\\/www.gymnasium-mariengarden.de\\\/wordpress\\\/?s={search_term_string}\"},\"query-input\":{\"@type\":\"PropertyValueSpecification\",\"valueRequired\":true,\"valueName\":\"search_term_string\"}}],\"inLanguage\":\"de\"},{\"@type\":\"Person\",\"@id\":\"https:\\\/\\\/www.gymnasium-mariengarden.de\\\/wordpress\\\/#\\\/schema\\\/person\\\/ad4c5361ce3709b98e9e018bdc4c2ee9\",\"name\":\"Stephan Hansmann\",\"url\":\"https:\\\/\\\/www.gymnasium-mariengarden.de\\\/wordpress\\\/author\\\/s-hansmann\\\/\"}]}<\/script>\n<!-- \/ Yoast SEO plugin. -->","yoast_head_json":{"title":"Silberne Dienstjubil\u00e4en - Gymnasium Mariengarden","description":"Privates Gymnasium der Oblatenmissionare","robots":{"index":"index","follow":"follow","max-snippet":"max-snippet:-1","max-image-preview":"max-image-preview:large","max-video-preview":"max-video-preview:-1"},"canonical":"https:\/\/www.gymnasium-mariengarden.de\/wordpress\/silberne-dienstjubilaeen\/","og_locale":"de_DE","og_type":"article","og_title":"Silberne Dienstjubil\u00e4en - Gymnasium Mariengarden","og_description":"Privates Gymnasium der Oblatenmissionare","og_url":"https:\/\/www.gymnasium-mariengarden.de\/wordpress\/silberne-dienstjubilaeen\/","og_site_name":"Gymnasium Mariengarden","article_publisher":"https:\/\/www.facebook.com\/groups\/38812342437\/?locale=de_DE","article_published_time":"2011-09-12T14:22:06+00:00","article_modified_time":"2016-04-30T15:31:05+00:00","og_image":[{"width":640,"height":480,"url":"https:\/\/www.gymnasium-mariengarden.de\/wordpress\/wp-content\/uploads\/2016\/03\/Fr_Gor_Klein.jpg","type":"image\/jpeg"}],"author":"Stephan Hansmann","twitter_card":"summary_large_image","twitter_misc":{"Verfasst von":"Stephan Hansmann"},"schema":{"@context":"https:\/\/schema.org","@graph":[{"@type":"Article","@id":"https:\/\/www.gymnasium-mariengarden.de\/wordpress\/silberne-dienstjubilaeen\/#article","isPartOf":{"@id":"https:\/\/www.gymnasium-mariengarden.de\/wordpress\/silberne-dienstjubilaeen\/"},"author":{"name":"Stephan Hansmann","@id":"https:\/\/www.gymnasium-mariengarden.de\/wordpress\/#\/schema\/person\/ad4c5361ce3709b98e9e018bdc4c2ee9"},"headline":"Silberne Dienstjubil\u00e4en","datePublished":"2011-09-12T14:22:06+00:00","dateModified":"2016-04-30T15:31:05+00:00","mainEntityOfPage":{"@id":"https:\/\/www.gymnasium-mariengarden.de\/wordpress\/silberne-dienstjubilaeen\/"},"wordCount":61,"commentCount":0,"image":{"@id":"https:\/\/www.gymnasium-mariengarden.de\/wordpress\/silberne-dienstjubilaeen\/#primaryimage"},"thumbnailUrl":"https:\/\/www.gymnasium-mariengarden.de\/wordpress\/wp-content\/uploads\/2016\/03\/Fr_Gor_Klein.jpg","articleSection":["Berichte"],"inLanguage":"de","potentialAction":[{"@type":"CommentAction","name":"Comment","target":["https:\/\/www.gymnasium-mariengarden.de\/wordpress\/silberne-dienstjubilaeen\/#respond"]}]},{"@type":"WebPage","@id":"https:\/\/www.gymnasium-mariengarden.de\/wordpress\/silberne-dienstjubilaeen\/","url":"https:\/\/www.gymnasium-mariengarden.de\/wordpress\/silberne-dienstjubilaeen\/","name":"Silberne Dienstjubil\u00e4en - Gymnasium Mariengarden","isPartOf":{"@id":"https:\/\/www.gymnasium-mariengarden.de\/wordpress\/#website"},"primaryImageOfPage":{"@id":"https:\/\/www.gymnasium-mariengarden.de\/wordpress\/silberne-dienstjubilaeen\/#primaryimage"},"image":{"@id":"https:\/\/www.gymnasium-mariengarden.de\/wordpress\/silberne-dienstjubilaeen\/#primaryimage"},"thumbnailUrl":"https:\/\/www.gymnasium-mariengarden.de\/wordpress\/wp-content\/uploads\/2016\/03\/Fr_Gor_Klein.jpg","datePublished":"2011-09-12T14:22:06+00:00","dateModified":"2016-04-30T15:31:05+00:00","author":{"@id":"https:\/\/www.gymnasium-mariengarden.de\/wordpress\/#\/schema\/person\/ad4c5361ce3709b98e9e018bdc4c2ee9"},"description":"Privates Gymnasium der Oblatenmissionare","breadcrumb":{"@id":"https:\/\/www.gymnasium-mariengarden.de\/wordpress\/silberne-dienstjubilaeen\/#breadcrumb"},"inLanguage":"de","potentialAction":[{"@type":"ReadAction","target":["https:\/\/www.gymnasium-mariengarden.de\/wordpress\/silberne-dienstjubilaeen\/"]}]},{"@type":"ImageObject","inLanguage":"de","@id":"https:\/\/www.gymnasium-mariengarden.de\/wordpress\/silberne-dienstjubilaeen\/#primaryimage","url":"https:\/\/www.gymnasium-mariengarden.de\/wordpress\/wp-content\/uploads\/2016\/03\/Fr_Gor_Klein.jpg","contentUrl":"https:\/\/www.gymnasium-mariengarden.de\/wordpress\/wp-content\/uploads\/2016\/03\/Fr_Gor_Klein.jpg","width":640,"height":480},{"@type":"BreadcrumbList","@id":"https:\/\/www.gymnasium-mariengarden.de\/wordpress\/silberne-dienstjubilaeen\/#breadcrumb","itemListElement":[{"@type":"ListItem","position":1,"name":"Startseite","item":"https:\/\/www.gymnasium-mariengarden.de\/wordpress\/"},{"@type":"ListItem","position":2,"name":"Silberne Dienstjubil\u00e4en"}]},{"@type":"WebSite","@id":"https:\/\/www.gymnasium-mariengarden.de\/wordpress\/#website","url":"https:\/\/www.gymnasium-mariengarden.de\/wordpress\/","name":"Gymnasium Mariengarden","description":"Privates Gymnasium der Oblatenmissionare","alternateName":"Gymnasium Mariengarden Borken-Burlo","potentialAction":[{"@type":"SearchAction","target":{"@type":"EntryPoint","urlTemplate":"https:\/\/www.gymnasium-mariengarden.de\/wordpress\/?s={search_term_string}"},"query-input":{"@type":"PropertyValueSpecification","valueRequired":true,"valueName":"search_term_string"}}],"inLanguage":"de"},{"@type":"Person","@id":"https:\/\/www.gymnasium-mariengarden.de\/wordpress\/#\/schema\/person\/ad4c5361ce3709b98e9e018bdc4c2ee9","name":"Stephan Hansmann","url":"https:\/\/www.gymnasium-mariengarden.de\/wordpress\/author\/s-hansmann\/"}]}},"_links":{"self":[{"href":"https:\/\/www.gymnasium-mariengarden.de\/wordpress\/wp-json\/wp\/v2\/posts\/2055","targetHints":{"allow":["GET"]}}],"collection":[{"href":"https:\/\/www.gymnasium-mariengarden.de\/wordpress\/wp-json\/wp\/v2\/posts"}],"about":[{"href":"https:\/\/www.gymnasium-mariengarden.de\/wordpress\/wp-json\/wp\/v2\/types\/post"}],"author":[{"embeddable":true,"href":"https:\/\/www.gymnasium-mariengarden.de\/wordpress\/wp-json\/wp\/v2\/users\/29"}],"replies":[{"embeddable":true,"href":"https:\/\/www.gymnasium-mariengarden.de\/wordpress\/wp-json\/wp\/v2\/comments?post=2055"}],"version-history":[{"count":1,"href":"https:\/\/www.gymnasium-mariengarden.de\/wordpress\/wp-json\/wp\/v2\/posts\/2055\/revisions"}],"predecessor-version":[{"id":2056,"href":"https:\/\/www.gymnasium-mariengarden.de\/wordpress\/wp-json\/wp\/v2\/posts\/2055\/revisions\/2056"}],"wp:featuredmedia":[{"embeddable":true,"href":"https:\/\/www.gymnasium-mariengarden.de\/wordpress\/wp-json\/wp\/v2\/media\/2054"}],"wp:attachment":[{"href":"https:\/\/www.gymnasium-mariengarden.de\/wordpress\/wp-json\/wp\/v2\/media?parent=2055"}],"wp:term":[{"taxonomy":"category","embeddable":true,"href":"https:\/\/www.gymnasium-mariengarden.de\/wordpress\/wp-json\/wp\/v2\/categories?post=2055"},{"taxonomy":"post_tag","embeddable":true,"href":"https:\/\/www.gymnasium-mariengarden.de\/wordpress\/wp-json\/wp\/v2\/tags?post=2055"}],"curies":[{"name":"wp","href":"https:\/\/api.w.org\/{rel}","templated":true}]}}