{"id":2022,"date":"2015-01-07T20:01:14","date_gmt":"2015-01-07T19:01:14","guid":{"rendered":"http:\/\/gymnasium-mariengarden.de\/wordpress\/?p=2022"},"modified":"2016-06-27T19:45:40","modified_gmt":"2016-06-27T17:45:40","slug":"weihnachtskonzert-der-orchesterkurse-2","status":"publish","type":"post","link":"https:\/\/www.gymnasium-mariengarden.de\/wordpress\/weihnachtskonzert-der-orchesterkurse-2\/","title":{"rendered":"Weihnachtskonzert der Orchesterkurse"},"content":{"rendered":"<p>Kurz vor den Weihnachtsferien war es soweit. Die Orchesterkurse luden zum Weihnachtskonzert ein und pr\u00e4sentierten vor einem voll besetzten Forum, was sie in den letzten Wochen und Monaten erarbeitet hatten. Neben dem Ensemblespiel der beiden Kursorchester standen zahlreiche kammermusikalische Beitr\u00e4ge auf dem Programm, die die Sch\u00fclerinnen und Sch\u00fclern gemeinsam mit ihren Instrumentallehrern einstudiert hatten. Der H\u00f6hepunkt des Abends war das gemeinsame Spiel beider Kursorchester. Die 60 Musikerinnen und Musikern musizierten aufmerksam und konzentriert und wurden mit tosendem Beifall daf\u00fcr belohnt!<\/p>\n<p>&nbsp;<\/p>\n","protected":false},"excerpt":{"rendered":"<p>Kurz vor den Weihnachtsferien war es soweit. Die Orchesterkurse luden zum Weihnachtskonzert ein und pr\u00e4sentierten vor einem voll besetzten Forum, was sie in den letzten Wochen und Monaten erarbeitet hatten. Neben dem Ensemblespiel der beiden Kursorchester standen zahlreiche kammermusikalische Beitr\u00e4ge auf dem Programm, die die Sch\u00fclerinnen und Sch\u00fclern gemeinsam mit ihren Instrumentallehrern einstudiert hatten. Der &hellip; <a href=\"https:\/\/www.gymnasium-mariengarden.de\/wordpress\/weihnachtskonzert-der-orchesterkurse-2\/\" class=\"more-link\"><span class=\"screen-reader-text\">Weihnachtskonzert der Orchesterkurse<\/span> weiterlesen <span class=\"meta-nav\">&rarr;<\/span><\/a><\/p>\n","protected":false},"author":14,"featured_media":2024,"comment_status":"open","ping_status":"open","sticky":false,"template":"","format":"standard","meta":{"footnotes":""},"categories":[98],"tags":[5,115,6,96],"class_list":["post-2022","post","type-post","status-publish","format-standard","has-post-thumbnail","hentry","category-konzerte","tag-forum-mariengarden","tag-konzert","tag-orchesterkurse","tag-weihnachten"],"yoast_head":"<!-- This site is optimized with the Yoast SEO plugin v27.3 - https:\/\/yoast.com\/product\/yoast-seo-wordpress\/ -->\n<title>Weihnachtskonzert der Orchesterkurse - Gymnasium Mariengarden<\/title>\n<meta name=\"description\" content=\"Privates Gymnasium der Oblatenmissionare\" \/>\n<meta name=\"robots\" content=\"index, follow, max-snippet:-1, max-image-preview:large, max-video-preview:-1\" \/>\n<link rel=\"canonical\" href=\"https:\/\/www.gymnasium-mariengarden.de\/wordpress\/weihnachtskonzert-der-orchesterkurse-2\/\" \/>\n<meta property=\"og:locale\" content=\"de_DE\" \/>\n<meta property=\"og:type\" content=\"article\" \/>\n<meta property=\"og:title\" content=\"Weihnachtskonzert der Orchesterkurse - Gymnasium Mariengarden\" \/>\n<meta property=\"og:description\" content=\"Privates Gymnasium der Oblatenmissionare\" \/>\n<meta property=\"og:url\" content=\"https:\/\/www.gymnasium-mariengarden.de\/wordpress\/weihnachtskonzert-der-orchesterkurse-2\/\" \/>\n<meta property=\"og:site_name\" content=\"Gymnasium Mariengarden\" \/>\n<meta property=\"article:publisher\" content=\"https:\/\/www.facebook.com\/groups\/38812342437\/?locale=de_DE\" \/>\n<meta property=\"article:published_time\" content=\"2015-01-07T19:01:14+00:00\" \/>\n<meta property=\"article:modified_time\" content=\"2016-06-27T17:45:40+00:00\" \/>\n<meta property=\"og:image\" content=\"https:\/\/www.gymnasium-mariengarden.de\/wordpress\/wp-content\/uploads\/2015\/01\/Weihnachtskonzert2014.jpg\" \/>\n\t<meta property=\"og:image:width\" content=\"3838\" \/>\n\t<meta property=\"og:image:height\" content=\"1753\" \/>\n\t<meta property=\"og:image:type\" content=\"image\/jpeg\" \/>\n<meta name=\"author\" content=\"Ruth Glos\" \/>\n<meta name=\"twitter:card\" content=\"summary_large_image\" \/>\n<meta name=\"twitter:label1\" content=\"Verfasst von\" \/>\n\t<meta name=\"twitter:data1\" content=\"Ruth Glos\" \/>\n<script type=\"application\/ld+json\" class=\"yoast-schema-graph\">{\"@context\":\"https:\\\/\\\/schema.org\",\"@graph\":[{\"@type\":\"Article\",\"@id\":\"https:\\\/\\\/www.gymnasium-mariengarden.de\\\/wordpress\\\/weihnachtskonzert-der-orchesterkurse-2\\\/#article\",\"isPartOf\":{\"@id\":\"https:\\\/\\\/www.gymnasium-mariengarden.de\\\/wordpress\\\/weihnachtskonzert-der-orchesterkurse-2\\\/\"},\"author\":{\"name\":\"Ruth Glos\",\"@id\":\"https:\\\/\\\/www.gymnasium-mariengarden.de\\\/wordpress\\\/#\\\/schema\\\/person\\\/4babad71d4ab92d5971059d49a4b1fa3\"},\"headline\":\"Weihnachtskonzert der Orchesterkurse\",\"datePublished\":\"2015-01-07T19:01:14+00:00\",\"dateModified\":\"2016-06-27T17:45:40+00:00\",\"mainEntityOfPage\":{\"@id\":\"https:\\\/\\\/www.gymnasium-mariengarden.de\\\/wordpress\\\/weihnachtskonzert-der-orchesterkurse-2\\\/\"},\"wordCount\":89,\"commentCount\":0,\"image\":{\"@id\":\"https:\\\/\\\/www.gymnasium-mariengarden.de\\\/wordpress\\\/weihnachtskonzert-der-orchesterkurse-2\\\/#primaryimage\"},\"thumbnailUrl\":\"https:\\\/\\\/www.gymnasium-mariengarden.de\\\/wordpress\\\/wp-content\\\/uploads\\\/2015\\\/01\\\/Weihnachtskonzert2014.jpg\",\"keywords\":[\"Forum Mariengarden\",\"Konzert\",\"Orchesterkurse\",\"Weihnachten\"],\"articleSection\":[\"Konzerte\"],\"inLanguage\":\"de\",\"potentialAction\":[{\"@type\":\"CommentAction\",\"name\":\"Comment\",\"target\":[\"https:\\\/\\\/www.gymnasium-mariengarden.de\\\/wordpress\\\/weihnachtskonzert-der-orchesterkurse-2\\\/#respond\"]}]},{\"@type\":\"WebPage\",\"@id\":\"https:\\\/\\\/www.gymnasium-mariengarden.de\\\/wordpress\\\/weihnachtskonzert-der-orchesterkurse-2\\\/\",\"url\":\"https:\\\/\\\/www.gymnasium-mariengarden.de\\\/wordpress\\\/weihnachtskonzert-der-orchesterkurse-2\\\/\",\"name\":\"Weihnachtskonzert der Orchesterkurse - Gymnasium Mariengarden\",\"isPartOf\":{\"@id\":\"https:\\\/\\\/www.gymnasium-mariengarden.de\\\/wordpress\\\/#website\"},\"primaryImageOfPage\":{\"@id\":\"https:\\\/\\\/www.gymnasium-mariengarden.de\\\/wordpress\\\/weihnachtskonzert-der-orchesterkurse-2\\\/#primaryimage\"},\"image\":{\"@id\":\"https:\\\/\\\/www.gymnasium-mariengarden.de\\\/wordpress\\\/weihnachtskonzert-der-orchesterkurse-2\\\/#primaryimage\"},\"thumbnailUrl\":\"https:\\\/\\\/www.gymnasium-mariengarden.de\\\/wordpress\\\/wp-content\\\/uploads\\\/2015\\\/01\\\/Weihnachtskonzert2014.jpg\",\"datePublished\":\"2015-01-07T19:01:14+00:00\",\"dateModified\":\"2016-06-27T17:45:40+00:00\",\"author\":{\"@id\":\"https:\\\/\\\/www.gymnasium-mariengarden.de\\\/wordpress\\\/#\\\/schema\\\/person\\\/4babad71d4ab92d5971059d49a4b1fa3\"},\"description\":\"Privates Gymnasium der Oblatenmissionare\",\"breadcrumb\":{\"@id\":\"https:\\\/\\\/www.gymnasium-mariengarden.de\\\/wordpress\\\/weihnachtskonzert-der-orchesterkurse-2\\\/#breadcrumb\"},\"inLanguage\":\"de\",\"potentialAction\":[{\"@type\":\"ReadAction\",\"target\":[\"https:\\\/\\\/www.gymnasium-mariengarden.de\\\/wordpress\\\/weihnachtskonzert-der-orchesterkurse-2\\\/\"]}]},{\"@type\":\"ImageObject\",\"inLanguage\":\"de\",\"@id\":\"https:\\\/\\\/www.gymnasium-mariengarden.de\\\/wordpress\\\/weihnachtskonzert-der-orchesterkurse-2\\\/#primaryimage\",\"url\":\"https:\\\/\\\/www.gymnasium-mariengarden.de\\\/wordpress\\\/wp-content\\\/uploads\\\/2015\\\/01\\\/Weihnachtskonzert2014.jpg\",\"contentUrl\":\"https:\\\/\\\/www.gymnasium-mariengarden.de\\\/wordpress\\\/wp-content\\\/uploads\\\/2015\\\/01\\\/Weihnachtskonzert2014.jpg\",\"width\":3838,\"height\":1753},{\"@type\":\"BreadcrumbList\",\"@id\":\"https:\\\/\\\/www.gymnasium-mariengarden.de\\\/wordpress\\\/weihnachtskonzert-der-orchesterkurse-2\\\/#breadcrumb\",\"itemListElement\":[{\"@type\":\"ListItem\",\"position\":1,\"name\":\"Startseite\",\"item\":\"https:\\\/\\\/www.gymnasium-mariengarden.de\\\/wordpress\\\/\"},{\"@type\":\"ListItem\",\"position\":2,\"name\":\"Weihnachtskonzert der Orchesterkurse\"}]},{\"@type\":\"WebSite\",\"@id\":\"https:\\\/\\\/www.gymnasium-mariengarden.de\\\/wordpress\\\/#website\",\"url\":\"https:\\\/\\\/www.gymnasium-mariengarden.de\\\/wordpress\\\/\",\"name\":\"Gymnasium Mariengarden\",\"description\":\"Privates Gymnasium der Oblatenmissionare\",\"alternateName\":\"Gymnasium Mariengarden Borken-Burlo\",\"potentialAction\":[{\"@type\":\"SearchAction\",\"target\":{\"@type\":\"EntryPoint\",\"urlTemplate\":\"https:\\\/\\\/www.gymnasium-mariengarden.de\\\/wordpress\\\/?s={search_term_string}\"},\"query-input\":{\"@type\":\"PropertyValueSpecification\",\"valueRequired\":true,\"valueName\":\"search_term_string\"}}],\"inLanguage\":\"de\"},{\"@type\":\"Person\",\"@id\":\"https:\\\/\\\/www.gymnasium-mariengarden.de\\\/wordpress\\\/#\\\/schema\\\/person\\\/4babad71d4ab92d5971059d49a4b1fa3\",\"name\":\"Ruth Glos\",\"url\":\"https:\\\/\\\/www.gymnasium-mariengarden.de\\\/wordpress\\\/author\\\/r-glos\\\/\"}]}<\/script>\n<!-- \/ Yoast SEO plugin. -->","yoast_head_json":{"title":"Weihnachtskonzert der Orchesterkurse - Gymnasium Mariengarden","description":"Privates Gymnasium der Oblatenmissionare","robots":{"index":"index","follow":"follow","max-snippet":"max-snippet:-1","max-image-preview":"max-image-preview:large","max-video-preview":"max-video-preview:-1"},"canonical":"https:\/\/www.gymnasium-mariengarden.de\/wordpress\/weihnachtskonzert-der-orchesterkurse-2\/","og_locale":"de_DE","og_type":"article","og_title":"Weihnachtskonzert der Orchesterkurse - Gymnasium Mariengarden","og_description":"Privates Gymnasium der Oblatenmissionare","og_url":"https:\/\/www.gymnasium-mariengarden.de\/wordpress\/weihnachtskonzert-der-orchesterkurse-2\/","og_site_name":"Gymnasium Mariengarden","article_publisher":"https:\/\/www.facebook.com\/groups\/38812342437\/?locale=de_DE","article_published_time":"2015-01-07T19:01:14+00:00","article_modified_time":"2016-06-27T17:45:40+00:00","og_image":[{"width":3838,"height":1753,"url":"https:\/\/www.gymnasium-mariengarden.de\/wordpress\/wp-content\/uploads\/2015\/01\/Weihnachtskonzert2014.jpg","type":"image\/jpeg"}],"author":"Ruth Glos","twitter_card":"summary_large_image","twitter_misc":{"Verfasst von":"Ruth Glos"},"schema":{"@context":"https:\/\/schema.org","@graph":[{"@type":"Article","@id":"https:\/\/www.gymnasium-mariengarden.de\/wordpress\/weihnachtskonzert-der-orchesterkurse-2\/#article","isPartOf":{"@id":"https:\/\/www.gymnasium-mariengarden.de\/wordpress\/weihnachtskonzert-der-orchesterkurse-2\/"},"author":{"name":"Ruth Glos","@id":"https:\/\/www.gymnasium-mariengarden.de\/wordpress\/#\/schema\/person\/4babad71d4ab92d5971059d49a4b1fa3"},"headline":"Weihnachtskonzert der Orchesterkurse","datePublished":"2015-01-07T19:01:14+00:00","dateModified":"2016-06-27T17:45:40+00:00","mainEntityOfPage":{"@id":"https:\/\/www.gymnasium-mariengarden.de\/wordpress\/weihnachtskonzert-der-orchesterkurse-2\/"},"wordCount":89,"commentCount":0,"image":{"@id":"https:\/\/www.gymnasium-mariengarden.de\/wordpress\/weihnachtskonzert-der-orchesterkurse-2\/#primaryimage"},"thumbnailUrl":"https:\/\/www.gymnasium-mariengarden.de\/wordpress\/wp-content\/uploads\/2015\/01\/Weihnachtskonzert2014.jpg","keywords":["Forum Mariengarden","Konzert","Orchesterkurse","Weihnachten"],"articleSection":["Konzerte"],"inLanguage":"de","potentialAction":[{"@type":"CommentAction","name":"Comment","target":["https:\/\/www.gymnasium-mariengarden.de\/wordpress\/weihnachtskonzert-der-orchesterkurse-2\/#respond"]}]},{"@type":"WebPage","@id":"https:\/\/www.gymnasium-mariengarden.de\/wordpress\/weihnachtskonzert-der-orchesterkurse-2\/","url":"https:\/\/www.gymnasium-mariengarden.de\/wordpress\/weihnachtskonzert-der-orchesterkurse-2\/","name":"Weihnachtskonzert der Orchesterkurse - Gymnasium Mariengarden","isPartOf":{"@id":"https:\/\/www.gymnasium-mariengarden.de\/wordpress\/#website"},"primaryImageOfPage":{"@id":"https:\/\/www.gymnasium-mariengarden.de\/wordpress\/weihnachtskonzert-der-orchesterkurse-2\/#primaryimage"},"image":{"@id":"https:\/\/www.gymnasium-mariengarden.de\/wordpress\/weihnachtskonzert-der-orchesterkurse-2\/#primaryimage"},"thumbnailUrl":"https:\/\/www.gymnasium-mariengarden.de\/wordpress\/wp-content\/uploads\/2015\/01\/Weihnachtskonzert2014.jpg","datePublished":"2015-01-07T19:01:14+00:00","dateModified":"2016-06-27T17:45:40+00:00","author":{"@id":"https:\/\/www.gymnasium-mariengarden.de\/wordpress\/#\/schema\/person\/4babad71d4ab92d5971059d49a4b1fa3"},"description":"Privates Gymnasium der Oblatenmissionare","breadcrumb":{"@id":"https:\/\/www.gymnasium-mariengarden.de\/wordpress\/weihnachtskonzert-der-orchesterkurse-2\/#breadcrumb"},"inLanguage":"de","potentialAction":[{"@type":"ReadAction","target":["https:\/\/www.gymnasium-mariengarden.de\/wordpress\/weihnachtskonzert-der-orchesterkurse-2\/"]}]},{"@type":"ImageObject","inLanguage":"de","@id":"https:\/\/www.gymnasium-mariengarden.de\/wordpress\/weihnachtskonzert-der-orchesterkurse-2\/#primaryimage","url":"https:\/\/www.gymnasium-mariengarden.de\/wordpress\/wp-content\/uploads\/2015\/01\/Weihnachtskonzert2014.jpg","contentUrl":"https:\/\/www.gymnasium-mariengarden.de\/wordpress\/wp-content\/uploads\/2015\/01\/Weihnachtskonzert2014.jpg","width":3838,"height":1753},{"@type":"BreadcrumbList","@id":"https:\/\/www.gymnasium-mariengarden.de\/wordpress\/weihnachtskonzert-der-orchesterkurse-2\/#breadcrumb","itemListElement":[{"@type":"ListItem","position":1,"name":"Startseite","item":"https:\/\/www.gymnasium-mariengarden.de\/wordpress\/"},{"@type":"ListItem","position":2,"name":"Weihnachtskonzert der Orchesterkurse"}]},{"@type":"WebSite","@id":"https:\/\/www.gymnasium-mariengarden.de\/wordpress\/#website","url":"https:\/\/www.gymnasium-mariengarden.de\/wordpress\/","name":"Gymnasium Mariengarden","description":"Privates Gymnasium der Oblatenmissionare","alternateName":"Gymnasium Mariengarden Borken-Burlo","potentialAction":[{"@type":"SearchAction","target":{"@type":"EntryPoint","urlTemplate":"https:\/\/www.gymnasium-mariengarden.de\/wordpress\/?s={search_term_string}"},"query-input":{"@type":"PropertyValueSpecification","valueRequired":true,"valueName":"search_term_string"}}],"inLanguage":"de"},{"@type":"Person","@id":"https:\/\/www.gymnasium-mariengarden.de\/wordpress\/#\/schema\/person\/4babad71d4ab92d5971059d49a4b1fa3","name":"Ruth Glos","url":"https:\/\/www.gymnasium-mariengarden.de\/wordpress\/author\/r-glos\/"}]}},"_links":{"self":[{"href":"https:\/\/www.gymnasium-mariengarden.de\/wordpress\/wp-json\/wp\/v2\/posts\/2022","targetHints":{"allow":["GET"]}}],"collection":[{"href":"https:\/\/www.gymnasium-mariengarden.de\/wordpress\/wp-json\/wp\/v2\/posts"}],"about":[{"href":"https:\/\/www.gymnasium-mariengarden.de\/wordpress\/wp-json\/wp\/v2\/types\/post"}],"author":[{"embeddable":true,"href":"https:\/\/www.gymnasium-mariengarden.de\/wordpress\/wp-json\/wp\/v2\/users\/14"}],"replies":[{"embeddable":true,"href":"https:\/\/www.gymnasium-mariengarden.de\/wordpress\/wp-json\/wp\/v2\/comments?post=2022"}],"version-history":[{"count":5,"href":"https:\/\/www.gymnasium-mariengarden.de\/wordpress\/wp-json\/wp\/v2\/posts\/2022\/revisions"}],"predecessor-version":[{"id":2036,"href":"https:\/\/www.gymnasium-mariengarden.de\/wordpress\/wp-json\/wp\/v2\/posts\/2022\/revisions\/2036"}],"wp:featuredmedia":[{"embeddable":true,"href":"https:\/\/www.gymnasium-mariengarden.de\/wordpress\/wp-json\/wp\/v2\/media\/2024"}],"wp:attachment":[{"href":"https:\/\/www.gymnasium-mariengarden.de\/wordpress\/wp-json\/wp\/v2\/media?parent=2022"}],"wp:term":[{"taxonomy":"category","embeddable":true,"href":"https:\/\/www.gymnasium-mariengarden.de\/wordpress\/wp-json\/wp\/v2\/categories?post=2022"},{"taxonomy":"post_tag","embeddable":true,"href":"https:\/\/www.gymnasium-mariengarden.de\/wordpress\/wp-json\/wp\/v2\/tags?post=2022"}],"curies":[{"name":"wp","href":"https:\/\/api.w.org\/{rel}","templated":true}]}}