{"id":2019,"date":"2015-01-25T17:12:55","date_gmt":"2015-01-25T16:12:55","guid":{"rendered":"http:\/\/gymnasium-mariengarden.de\/wordpress\/?p=2019"},"modified":"2016-06-27T19:42:56","modified_gmt":"2016-06-27T17:42:56","slug":"mariengardener-turnerinnen-erfolgreich","status":"publish","type":"post","link":"https:\/\/www.gymnasium-mariengarden.de\/wordpress\/mariengardener-turnerinnen-erfolgreich\/","title":{"rendered":"Mariengardener Turnerinnen erfolgreich"},"content":{"rendered":"<p>Zu Beginn des Jahres fanden in Lengerich die Bezirksmeisterschaften im Ger\u00e4tturnen der M\u00e4dchen Wettkampfklasse III statt. Unsere Schulmannschaft (Charlotte Hellenkamp 6b, Emilia Repinski 8a, Hannah Ruhnau 7d, Marie Sch\u00fctte 8a und Carolin Weidlich 6b) absolvierte gegen 9 gegnerische Teams einen tollen Wettkampf, der am Ende mit dem Vizemeistertitel belohnt wurde. Mit einem Durchschnittswert von 15 Punkten pro Ger\u00e4t und Turnerin ( 4 kommen jeweils in die Wertung), erturnten sich die M\u00e4dchen beachtliche 239,45 Punkte. Damit lagen sie nur 3 Punkte hinter der siegreichen Mannschaft aus Mettingen.<\/p>\n<p>Karl-Heinz van Hall betreute die jungen Turnerinnen und zeigte sich begeistert von der Qualit\u00e4t der Ausf\u00fchrung der Pflicht\u00fcbungen an den 4 Ger\u00e4ten Boden; Sprung, Barren und Schwebebalken: \u201eEs gab so gut wie keinen groben Schnitzer, was sonst in dieser Sportart h\u00e4ufig vorkommt, vor allem, wenn die Nerven nicht mitspielen. Aber unsere M\u00e4dchen waren hochkonzentriert und technisch sicher im Wettkampf.\u201c F\u00fcr das n\u00e4chste Jahr m\u00f6chte unsere Schule mit weiteren Teams an den Start gehen und diese attraktive Sportart wieder fester im au\u00dferschulischen Wettkampfbereich etablieren.<\/p>\n","protected":false},"excerpt":{"rendered":"<p>Zu Beginn des Jahres fanden in Lengerich die Bezirksmeisterschaften im Ger\u00e4tturnen der M\u00e4dchen Wettkampfklasse III statt. Unsere Schulmannschaft (Charlotte Hellenkamp 6b, Emilia Repinski 8a, Hannah Ruhnau 7d, Marie Sch\u00fctte 8a und Carolin Weidlich 6b) absolvierte gegen 9 gegnerische Teams einen tollen Wettkampf, der am Ende mit dem Vizemeistertitel belohnt wurde. Mit einem Durchschnittswert von 15 &hellip; <a href=\"https:\/\/www.gymnasium-mariengarden.de\/wordpress\/mariengardener-turnerinnen-erfolgreich\/\" class=\"more-link\"><span class=\"screen-reader-text\">Mariengardener Turnerinnen erfolgreich<\/span> weiterlesen <span class=\"meta-nav\">&rarr;<\/span><\/a><\/p>\n","protected":false},"author":28,"featured_media":2020,"comment_status":"open","ping_status":"open","sticky":false,"template":"","format":"standard","meta":{"footnotes":""},"categories":[100],"tags":[172],"class_list":["post-2019","post","type-post","status-publish","format-standard","has-post-thumbnail","hentry","category-sport","tag-turnen"],"yoast_head":"<!-- This site is optimized with the Yoast SEO plugin v27.3 - https:\/\/yoast.com\/product\/yoast-seo-wordpress\/ -->\n<title>Mariengardener Turnerinnen erfolgreich - Gymnasium Mariengarden<\/title>\n<meta name=\"description\" content=\"Privates Gymnasium der Oblatenmissionare\" \/>\n<meta name=\"robots\" content=\"index, follow, max-snippet:-1, max-image-preview:large, max-video-preview:-1\" \/>\n<link rel=\"canonical\" href=\"https:\/\/www.gymnasium-mariengarden.de\/wordpress\/mariengardener-turnerinnen-erfolgreich\/\" \/>\n<meta property=\"og:locale\" content=\"de_DE\" \/>\n<meta property=\"og:type\" content=\"article\" \/>\n<meta property=\"og:title\" content=\"Mariengardener Turnerinnen erfolgreich - Gymnasium Mariengarden\" \/>\n<meta property=\"og:description\" content=\"Privates Gymnasium der Oblatenmissionare\" \/>\n<meta property=\"og:url\" content=\"https:\/\/www.gymnasium-mariengarden.de\/wordpress\/mariengardener-turnerinnen-erfolgreich\/\" \/>\n<meta property=\"og:site_name\" content=\"Gymnasium Mariengarden\" \/>\n<meta property=\"article:publisher\" content=\"https:\/\/www.facebook.com\/groups\/38812342437\/?locale=de_DE\" \/>\n<meta property=\"article:published_time\" content=\"2015-01-25T16:12:55+00:00\" \/>\n<meta property=\"article:modified_time\" content=\"2016-06-27T17:42:56+00:00\" \/>\n<meta property=\"og:image\" content=\"https:\/\/www.gymnasium-mariengarden.de\/wordpress\/wp-content\/uploads\/2016\/03\/turnerinnen.jpg\" \/>\n\t<meta property=\"og:image:width\" content=\"640\" \/>\n\t<meta property=\"og:image:height\" content=\"438\" \/>\n\t<meta property=\"og:image:type\" content=\"image\/jpeg\" \/>\n<meta name=\"author\" content=\"Karl-Heinz van Hall\" \/>\n<meta name=\"twitter:card\" content=\"summary_large_image\" \/>\n<meta name=\"twitter:label1\" content=\"Verfasst von\" \/>\n\t<meta name=\"twitter:data1\" content=\"Karl-Heinz van Hall\" \/>\n\t<meta name=\"twitter:label2\" content=\"Gesch\u00e4tzte Lesezeit\" \/>\n\t<meta name=\"twitter:data2\" content=\"1\u00a0Minute\" \/>\n<script type=\"application\/ld+json\" class=\"yoast-schema-graph\">{\"@context\":\"https:\\\/\\\/schema.org\",\"@graph\":[{\"@type\":\"Article\",\"@id\":\"https:\\\/\\\/www.gymnasium-mariengarden.de\\\/wordpress\\\/mariengardener-turnerinnen-erfolgreich\\\/#article\",\"isPartOf\":{\"@id\":\"https:\\\/\\\/www.gymnasium-mariengarden.de\\\/wordpress\\\/mariengardener-turnerinnen-erfolgreich\\\/\"},\"author\":{\"name\":\"Karl-Heinz van Hall\",\"@id\":\"https:\\\/\\\/www.gymnasium-mariengarden.de\\\/wordpress\\\/#\\\/schema\\\/person\\\/bc6b30e14807aac4b7edf48b2cc49513\"},\"headline\":\"Mariengardener Turnerinnen erfolgreich\",\"datePublished\":\"2015-01-25T16:12:55+00:00\",\"dateModified\":\"2016-06-27T17:42:56+00:00\",\"mainEntityOfPage\":{\"@id\":\"https:\\\/\\\/www.gymnasium-mariengarden.de\\\/wordpress\\\/mariengardener-turnerinnen-erfolgreich\\\/\"},\"wordCount\":180,\"commentCount\":0,\"image\":{\"@id\":\"https:\\\/\\\/www.gymnasium-mariengarden.de\\\/wordpress\\\/mariengardener-turnerinnen-erfolgreich\\\/#primaryimage\"},\"thumbnailUrl\":\"https:\\\/\\\/www.gymnasium-mariengarden.de\\\/wordpress\\\/wp-content\\\/uploads\\\/2016\\\/03\\\/turnerinnen.jpg\",\"keywords\":[\"Turnen\"],\"articleSection\":[\"Sport\"],\"inLanguage\":\"de\",\"potentialAction\":[{\"@type\":\"CommentAction\",\"name\":\"Comment\",\"target\":[\"https:\\\/\\\/www.gymnasium-mariengarden.de\\\/wordpress\\\/mariengardener-turnerinnen-erfolgreich\\\/#respond\"]}]},{\"@type\":\"WebPage\",\"@id\":\"https:\\\/\\\/www.gymnasium-mariengarden.de\\\/wordpress\\\/mariengardener-turnerinnen-erfolgreich\\\/\",\"url\":\"https:\\\/\\\/www.gymnasium-mariengarden.de\\\/wordpress\\\/mariengardener-turnerinnen-erfolgreich\\\/\",\"name\":\"Mariengardener Turnerinnen erfolgreich - Gymnasium Mariengarden\",\"isPartOf\":{\"@id\":\"https:\\\/\\\/www.gymnasium-mariengarden.de\\\/wordpress\\\/#website\"},\"primaryImageOfPage\":{\"@id\":\"https:\\\/\\\/www.gymnasium-mariengarden.de\\\/wordpress\\\/mariengardener-turnerinnen-erfolgreich\\\/#primaryimage\"},\"image\":{\"@id\":\"https:\\\/\\\/www.gymnasium-mariengarden.de\\\/wordpress\\\/mariengardener-turnerinnen-erfolgreich\\\/#primaryimage\"},\"thumbnailUrl\":\"https:\\\/\\\/www.gymnasium-mariengarden.de\\\/wordpress\\\/wp-content\\\/uploads\\\/2016\\\/03\\\/turnerinnen.jpg\",\"datePublished\":\"2015-01-25T16:12:55+00:00\",\"dateModified\":\"2016-06-27T17:42:56+00:00\",\"author\":{\"@id\":\"https:\\\/\\\/www.gymnasium-mariengarden.de\\\/wordpress\\\/#\\\/schema\\\/person\\\/bc6b30e14807aac4b7edf48b2cc49513\"},\"description\":\"Privates Gymnasium der Oblatenmissionare\",\"breadcrumb\":{\"@id\":\"https:\\\/\\\/www.gymnasium-mariengarden.de\\\/wordpress\\\/mariengardener-turnerinnen-erfolgreich\\\/#breadcrumb\"},\"inLanguage\":\"de\",\"potentialAction\":[{\"@type\":\"ReadAction\",\"target\":[\"https:\\\/\\\/www.gymnasium-mariengarden.de\\\/wordpress\\\/mariengardener-turnerinnen-erfolgreich\\\/\"]}]},{\"@type\":\"ImageObject\",\"inLanguage\":\"de\",\"@id\":\"https:\\\/\\\/www.gymnasium-mariengarden.de\\\/wordpress\\\/mariengardener-turnerinnen-erfolgreich\\\/#primaryimage\",\"url\":\"https:\\\/\\\/www.gymnasium-mariengarden.de\\\/wordpress\\\/wp-content\\\/uploads\\\/2016\\\/03\\\/turnerinnen.jpg\",\"contentUrl\":\"https:\\\/\\\/www.gymnasium-mariengarden.de\\\/wordpress\\\/wp-content\\\/uploads\\\/2016\\\/03\\\/turnerinnen.jpg\",\"width\":640,\"height\":438},{\"@type\":\"BreadcrumbList\",\"@id\":\"https:\\\/\\\/www.gymnasium-mariengarden.de\\\/wordpress\\\/mariengardener-turnerinnen-erfolgreich\\\/#breadcrumb\",\"itemListElement\":[{\"@type\":\"ListItem\",\"position\":1,\"name\":\"Startseite\",\"item\":\"https:\\\/\\\/www.gymnasium-mariengarden.de\\\/wordpress\\\/\"},{\"@type\":\"ListItem\",\"position\":2,\"name\":\"Mariengardener Turnerinnen erfolgreich\"}]},{\"@type\":\"WebSite\",\"@id\":\"https:\\\/\\\/www.gymnasium-mariengarden.de\\\/wordpress\\\/#website\",\"url\":\"https:\\\/\\\/www.gymnasium-mariengarden.de\\\/wordpress\\\/\",\"name\":\"Gymnasium Mariengarden\",\"description\":\"Privates Gymnasium der Oblatenmissionare\",\"alternateName\":\"Gymnasium Mariengarden Borken-Burlo\",\"potentialAction\":[{\"@type\":\"SearchAction\",\"target\":{\"@type\":\"EntryPoint\",\"urlTemplate\":\"https:\\\/\\\/www.gymnasium-mariengarden.de\\\/wordpress\\\/?s={search_term_string}\"},\"query-input\":{\"@type\":\"PropertyValueSpecification\",\"valueRequired\":true,\"valueName\":\"search_term_string\"}}],\"inLanguage\":\"de\"},{\"@type\":\"Person\",\"@id\":\"https:\\\/\\\/www.gymnasium-mariengarden.de\\\/wordpress\\\/#\\\/schema\\\/person\\\/bc6b30e14807aac4b7edf48b2cc49513\",\"name\":\"Karl-Heinz van Hall\",\"url\":\"https:\\\/\\\/www.gymnasium-mariengarden.de\\\/wordpress\\\/author\\\/k-h-v-hall\\\/\"}]}<\/script>\n<!-- \/ Yoast SEO plugin. -->","yoast_head_json":{"title":"Mariengardener Turnerinnen erfolgreich - Gymnasium Mariengarden","description":"Privates Gymnasium der Oblatenmissionare","robots":{"index":"index","follow":"follow","max-snippet":"max-snippet:-1","max-image-preview":"max-image-preview:large","max-video-preview":"max-video-preview:-1"},"canonical":"https:\/\/www.gymnasium-mariengarden.de\/wordpress\/mariengardener-turnerinnen-erfolgreich\/","og_locale":"de_DE","og_type":"article","og_title":"Mariengardener Turnerinnen erfolgreich - Gymnasium Mariengarden","og_description":"Privates Gymnasium der Oblatenmissionare","og_url":"https:\/\/www.gymnasium-mariengarden.de\/wordpress\/mariengardener-turnerinnen-erfolgreich\/","og_site_name":"Gymnasium Mariengarden","article_publisher":"https:\/\/www.facebook.com\/groups\/38812342437\/?locale=de_DE","article_published_time":"2015-01-25T16:12:55+00:00","article_modified_time":"2016-06-27T17:42:56+00:00","og_image":[{"width":640,"height":438,"url":"https:\/\/www.gymnasium-mariengarden.de\/wordpress\/wp-content\/uploads\/2016\/03\/turnerinnen.jpg","type":"image\/jpeg"}],"author":"Karl-Heinz van Hall","twitter_card":"summary_large_image","twitter_misc":{"Verfasst von":"Karl-Heinz van Hall","Gesch\u00e4tzte Lesezeit":"1\u00a0Minute"},"schema":{"@context":"https:\/\/schema.org","@graph":[{"@type":"Article","@id":"https:\/\/www.gymnasium-mariengarden.de\/wordpress\/mariengardener-turnerinnen-erfolgreich\/#article","isPartOf":{"@id":"https:\/\/www.gymnasium-mariengarden.de\/wordpress\/mariengardener-turnerinnen-erfolgreich\/"},"author":{"name":"Karl-Heinz van Hall","@id":"https:\/\/www.gymnasium-mariengarden.de\/wordpress\/#\/schema\/person\/bc6b30e14807aac4b7edf48b2cc49513"},"headline":"Mariengardener Turnerinnen erfolgreich","datePublished":"2015-01-25T16:12:55+00:00","dateModified":"2016-06-27T17:42:56+00:00","mainEntityOfPage":{"@id":"https:\/\/www.gymnasium-mariengarden.de\/wordpress\/mariengardener-turnerinnen-erfolgreich\/"},"wordCount":180,"commentCount":0,"image":{"@id":"https:\/\/www.gymnasium-mariengarden.de\/wordpress\/mariengardener-turnerinnen-erfolgreich\/#primaryimage"},"thumbnailUrl":"https:\/\/www.gymnasium-mariengarden.de\/wordpress\/wp-content\/uploads\/2016\/03\/turnerinnen.jpg","keywords":["Turnen"],"articleSection":["Sport"],"inLanguage":"de","potentialAction":[{"@type":"CommentAction","name":"Comment","target":["https:\/\/www.gymnasium-mariengarden.de\/wordpress\/mariengardener-turnerinnen-erfolgreich\/#respond"]}]},{"@type":"WebPage","@id":"https:\/\/www.gymnasium-mariengarden.de\/wordpress\/mariengardener-turnerinnen-erfolgreich\/","url":"https:\/\/www.gymnasium-mariengarden.de\/wordpress\/mariengardener-turnerinnen-erfolgreich\/","name":"Mariengardener Turnerinnen erfolgreich - Gymnasium Mariengarden","isPartOf":{"@id":"https:\/\/www.gymnasium-mariengarden.de\/wordpress\/#website"},"primaryImageOfPage":{"@id":"https:\/\/www.gymnasium-mariengarden.de\/wordpress\/mariengardener-turnerinnen-erfolgreich\/#primaryimage"},"image":{"@id":"https:\/\/www.gymnasium-mariengarden.de\/wordpress\/mariengardener-turnerinnen-erfolgreich\/#primaryimage"},"thumbnailUrl":"https:\/\/www.gymnasium-mariengarden.de\/wordpress\/wp-content\/uploads\/2016\/03\/turnerinnen.jpg","datePublished":"2015-01-25T16:12:55+00:00","dateModified":"2016-06-27T17:42:56+00:00","author":{"@id":"https:\/\/www.gymnasium-mariengarden.de\/wordpress\/#\/schema\/person\/bc6b30e14807aac4b7edf48b2cc49513"},"description":"Privates Gymnasium der Oblatenmissionare","breadcrumb":{"@id":"https:\/\/www.gymnasium-mariengarden.de\/wordpress\/mariengardener-turnerinnen-erfolgreich\/#breadcrumb"},"inLanguage":"de","potentialAction":[{"@type":"ReadAction","target":["https:\/\/www.gymnasium-mariengarden.de\/wordpress\/mariengardener-turnerinnen-erfolgreich\/"]}]},{"@type":"ImageObject","inLanguage":"de","@id":"https:\/\/www.gymnasium-mariengarden.de\/wordpress\/mariengardener-turnerinnen-erfolgreich\/#primaryimage","url":"https:\/\/www.gymnasium-mariengarden.de\/wordpress\/wp-content\/uploads\/2016\/03\/turnerinnen.jpg","contentUrl":"https:\/\/www.gymnasium-mariengarden.de\/wordpress\/wp-content\/uploads\/2016\/03\/turnerinnen.jpg","width":640,"height":438},{"@type":"BreadcrumbList","@id":"https:\/\/www.gymnasium-mariengarden.de\/wordpress\/mariengardener-turnerinnen-erfolgreich\/#breadcrumb","itemListElement":[{"@type":"ListItem","position":1,"name":"Startseite","item":"https:\/\/www.gymnasium-mariengarden.de\/wordpress\/"},{"@type":"ListItem","position":2,"name":"Mariengardener Turnerinnen erfolgreich"}]},{"@type":"WebSite","@id":"https:\/\/www.gymnasium-mariengarden.de\/wordpress\/#website","url":"https:\/\/www.gymnasium-mariengarden.de\/wordpress\/","name":"Gymnasium Mariengarden","description":"Privates Gymnasium der Oblatenmissionare","alternateName":"Gymnasium Mariengarden Borken-Burlo","potentialAction":[{"@type":"SearchAction","target":{"@type":"EntryPoint","urlTemplate":"https:\/\/www.gymnasium-mariengarden.de\/wordpress\/?s={search_term_string}"},"query-input":{"@type":"PropertyValueSpecification","valueRequired":true,"valueName":"search_term_string"}}],"inLanguage":"de"},{"@type":"Person","@id":"https:\/\/www.gymnasium-mariengarden.de\/wordpress\/#\/schema\/person\/bc6b30e14807aac4b7edf48b2cc49513","name":"Karl-Heinz van Hall","url":"https:\/\/www.gymnasium-mariengarden.de\/wordpress\/author\/k-h-v-hall\/"}]}},"_links":{"self":[{"href":"https:\/\/www.gymnasium-mariengarden.de\/wordpress\/wp-json\/wp\/v2\/posts\/2019","targetHints":{"allow":["GET"]}}],"collection":[{"href":"https:\/\/www.gymnasium-mariengarden.de\/wordpress\/wp-json\/wp\/v2\/posts"}],"about":[{"href":"https:\/\/www.gymnasium-mariengarden.de\/wordpress\/wp-json\/wp\/v2\/types\/post"}],"author":[{"embeddable":true,"href":"https:\/\/www.gymnasium-mariengarden.de\/wordpress\/wp-json\/wp\/v2\/users\/28"}],"replies":[{"embeddable":true,"href":"https:\/\/www.gymnasium-mariengarden.de\/wordpress\/wp-json\/wp\/v2\/comments?post=2019"}],"version-history":[{"count":1,"href":"https:\/\/www.gymnasium-mariengarden.de\/wordpress\/wp-json\/wp\/v2\/posts\/2019\/revisions"}],"predecessor-version":[{"id":2021,"href":"https:\/\/www.gymnasium-mariengarden.de\/wordpress\/wp-json\/wp\/v2\/posts\/2019\/revisions\/2021"}],"wp:featuredmedia":[{"embeddable":true,"href":"https:\/\/www.gymnasium-mariengarden.de\/wordpress\/wp-json\/wp\/v2\/media\/2020"}],"wp:attachment":[{"href":"https:\/\/www.gymnasium-mariengarden.de\/wordpress\/wp-json\/wp\/v2\/media?parent=2019"}],"wp:term":[{"taxonomy":"category","embeddable":true,"href":"https:\/\/www.gymnasium-mariengarden.de\/wordpress\/wp-json\/wp\/v2\/categories?post=2019"},{"taxonomy":"post_tag","embeddable":true,"href":"https:\/\/www.gymnasium-mariengarden.de\/wordpress\/wp-json\/wp\/v2\/tags?post=2019"}],"curies":[{"name":"wp","href":"https:\/\/api.w.org\/{rel}","templated":true}]}}