{"id":1942,"date":"2015-07-17T15:41:43","date_gmt":"2015-07-17T13:41:43","guid":{"rendered":"http:\/\/gymnasium-mariengarden.de\/wordpress\/?p=1942"},"modified":"2020-10-07T18:47:24","modified_gmt":"2020-10-07T16:47:24","slug":"abi-gala-auf-dvd","status":"publish","type":"post","link":"https:\/\/www.gymnasium-mariengarden.de\/wordpress\/abi-gala-auf-dvd\/","title":{"rendered":"Abigala auf DVD"},"content":{"rendered":"<p>Es ist soweit, die Abigala geht in die n\u00e4chste Runde und ist bald auf DVD erh\u00e4ltlich.<\/p>\n<p>Freuen Sie sich auf die komplette Abigala 2015 und zus\u00e4tzlich jede Menge Bonusmaterial. Erleben Sie exklusive Blicke hinter die Kulissen und sehen sie im \u201eMaking of\u201c, wie alles entstand. Au\u00dferdemgibt es das Beste aus den letzten 8 Jahren und vieles mehr. Jetzt DVD sichern und unter folgender Adresse (mit Namen und Anzahl) vorbestellen: abigala.mariengarden@gmail.com Erleben Sie schon vorab zwei packende Minuten im <a title=\"Trailer Abigala\" href=\"https:\/\/www.youtube.com\/watch?v=b8qPYhXEGbA\" target=\"_blank\" rel=\"noopener noreferrer\">ABI 20:15 Trailer<\/a>!<\/p>\n","protected":false},"excerpt":{"rendered":"<p>Es ist soweit, die Abigala geht in die n\u00e4chste Runde und ist bald auf DVD erh\u00e4ltlich. Freuen Sie sich auf die komplette Abigala 2015 und zus\u00e4tzlich jede Menge Bonusmaterial. Erleben Sie exklusive Blicke hinter die Kulissen und sehen sie im \u201eMaking of\u201c, wie alles entstand. Au\u00dferdemgibt es das Beste aus den letzten 8 Jahren und &hellip; <a href=\"https:\/\/www.gymnasium-mariengarden.de\/wordpress\/abi-gala-auf-dvd\/\" class=\"more-link\"><span class=\"screen-reader-text\">Abigala auf DVD<\/span> weiterlesen <span class=\"meta-nav\">&rarr;<\/span><\/a><\/p>\n","protected":false},"author":4,"featured_media":0,"comment_status":"open","ping_status":"open","sticky":false,"template":"","format":"standard","meta":{"footnotes":""},"categories":[283],"tags":[128],"class_list":["post-1942","post","type-post","status-publish","format-standard","hentry","category-ankuendigung","tag-abigala"],"yoast_head":"<!-- This site is optimized with the Yoast SEO plugin v27.3 - https:\/\/yoast.com\/product\/yoast-seo-wordpress\/ -->\n<title>Abigala auf DVD - Gymnasium Mariengarden<\/title>\n<meta name=\"description\" content=\"Privates Gymnasium der Oblatenmissionare\" \/>\n<meta name=\"robots\" content=\"index, follow, max-snippet:-1, max-image-preview:large, max-video-preview:-1\" \/>\n<link rel=\"canonical\" href=\"https:\/\/www.gymnasium-mariengarden.de\/wordpress\/abi-gala-auf-dvd\/\" \/>\n<meta property=\"og:locale\" content=\"de_DE\" \/>\n<meta property=\"og:type\" content=\"article\" \/>\n<meta property=\"og:title\" content=\"Abigala auf DVD - Gymnasium Mariengarden\" \/>\n<meta property=\"og:description\" content=\"Privates Gymnasium der Oblatenmissionare\" \/>\n<meta property=\"og:url\" content=\"https:\/\/www.gymnasium-mariengarden.de\/wordpress\/abi-gala-auf-dvd\/\" \/>\n<meta property=\"og:site_name\" content=\"Gymnasium Mariengarden\" \/>\n<meta property=\"article:publisher\" content=\"https:\/\/www.facebook.com\/groups\/38812342437\/?locale=de_DE\" \/>\n<meta property=\"article:published_time\" content=\"2015-07-17T13:41:43+00:00\" \/>\n<meta property=\"article:modified_time\" content=\"2020-10-07T16:47:24+00:00\" \/>\n<meta name=\"author\" content=\"Christian Ertner\" \/>\n<meta name=\"twitter:card\" content=\"summary_large_image\" \/>\n<meta name=\"twitter:label1\" content=\"Verfasst von\" \/>\n\t<meta name=\"twitter:data1\" content=\"Christian Ertner\" \/>\n<script type=\"application\/ld+json\" class=\"yoast-schema-graph\">{\"@context\":\"https:\\\/\\\/schema.org\",\"@graph\":[{\"@type\":\"Article\",\"@id\":\"https:\\\/\\\/www.gymnasium-mariengarden.de\\\/wordpress\\\/abi-gala-auf-dvd\\\/#article\",\"isPartOf\":{\"@id\":\"https:\\\/\\\/www.gymnasium-mariengarden.de\\\/wordpress\\\/abi-gala-auf-dvd\\\/\"},\"author\":{\"name\":\"Christian Ertner\",\"@id\":\"https:\\\/\\\/www.gymnasium-mariengarden.de\\\/wordpress\\\/#\\\/schema\\\/person\\\/df224558fcbf911ac239111da1ac985d\"},\"headline\":\"Abigala auf DVD\",\"datePublished\":\"2015-07-17T13:41:43+00:00\",\"dateModified\":\"2020-10-07T16:47:24+00:00\",\"mainEntityOfPage\":{\"@id\":\"https:\\\/\\\/www.gymnasium-mariengarden.de\\\/wordpress\\\/abi-gala-auf-dvd\\\/\"},\"wordCount\":88,\"commentCount\":0,\"keywords\":[\"Abigala\"],\"articleSection\":[\"Ank\u00fcndigungen\"],\"inLanguage\":\"de\",\"potentialAction\":[{\"@type\":\"CommentAction\",\"name\":\"Comment\",\"target\":[\"https:\\\/\\\/www.gymnasium-mariengarden.de\\\/wordpress\\\/abi-gala-auf-dvd\\\/#respond\"]}]},{\"@type\":\"WebPage\",\"@id\":\"https:\\\/\\\/www.gymnasium-mariengarden.de\\\/wordpress\\\/abi-gala-auf-dvd\\\/\",\"url\":\"https:\\\/\\\/www.gymnasium-mariengarden.de\\\/wordpress\\\/abi-gala-auf-dvd\\\/\",\"name\":\"Abigala auf DVD - Gymnasium Mariengarden\",\"isPartOf\":{\"@id\":\"https:\\\/\\\/www.gymnasium-mariengarden.de\\\/wordpress\\\/#website\"},\"datePublished\":\"2015-07-17T13:41:43+00:00\",\"dateModified\":\"2020-10-07T16:47:24+00:00\",\"author\":{\"@id\":\"https:\\\/\\\/www.gymnasium-mariengarden.de\\\/wordpress\\\/#\\\/schema\\\/person\\\/df224558fcbf911ac239111da1ac985d\"},\"description\":\"Privates Gymnasium der Oblatenmissionare\",\"breadcrumb\":{\"@id\":\"https:\\\/\\\/www.gymnasium-mariengarden.de\\\/wordpress\\\/abi-gala-auf-dvd\\\/#breadcrumb\"},\"inLanguage\":\"de\",\"potentialAction\":[{\"@type\":\"ReadAction\",\"target\":[\"https:\\\/\\\/www.gymnasium-mariengarden.de\\\/wordpress\\\/abi-gala-auf-dvd\\\/\"]}]},{\"@type\":\"BreadcrumbList\",\"@id\":\"https:\\\/\\\/www.gymnasium-mariengarden.de\\\/wordpress\\\/abi-gala-auf-dvd\\\/#breadcrumb\",\"itemListElement\":[{\"@type\":\"ListItem\",\"position\":1,\"name\":\"Startseite\",\"item\":\"https:\\\/\\\/www.gymnasium-mariengarden.de\\\/wordpress\\\/\"},{\"@type\":\"ListItem\",\"position\":2,\"name\":\"Abigala auf DVD\"}]},{\"@type\":\"WebSite\",\"@id\":\"https:\\\/\\\/www.gymnasium-mariengarden.de\\\/wordpress\\\/#website\",\"url\":\"https:\\\/\\\/www.gymnasium-mariengarden.de\\\/wordpress\\\/\",\"name\":\"Gymnasium Mariengarden\",\"description\":\"Privates Gymnasium der Oblatenmissionare\",\"alternateName\":\"Gymnasium Mariengarden Borken-Burlo\",\"potentialAction\":[{\"@type\":\"SearchAction\",\"target\":{\"@type\":\"EntryPoint\",\"urlTemplate\":\"https:\\\/\\\/www.gymnasium-mariengarden.de\\\/wordpress\\\/?s={search_term_string}\"},\"query-input\":{\"@type\":\"PropertyValueSpecification\",\"valueRequired\":true,\"valueName\":\"search_term_string\"}}],\"inLanguage\":\"de\"},{\"@type\":\"Person\",\"@id\":\"https:\\\/\\\/www.gymnasium-mariengarden.de\\\/wordpress\\\/#\\\/schema\\\/person\\\/df224558fcbf911ac239111da1ac985d\",\"name\":\"Christian Ertner\",\"url\":\"https:\\\/\\\/www.gymnasium-mariengarden.de\\\/wordpress\\\/author\\\/c-ertner\\\/\"}]}<\/script>\n<!-- \/ Yoast SEO plugin. -->","yoast_head_json":{"title":"Abigala auf DVD - Gymnasium Mariengarden","description":"Privates Gymnasium der Oblatenmissionare","robots":{"index":"index","follow":"follow","max-snippet":"max-snippet:-1","max-image-preview":"max-image-preview:large","max-video-preview":"max-video-preview:-1"},"canonical":"https:\/\/www.gymnasium-mariengarden.de\/wordpress\/abi-gala-auf-dvd\/","og_locale":"de_DE","og_type":"article","og_title":"Abigala auf DVD - Gymnasium Mariengarden","og_description":"Privates Gymnasium der Oblatenmissionare","og_url":"https:\/\/www.gymnasium-mariengarden.de\/wordpress\/abi-gala-auf-dvd\/","og_site_name":"Gymnasium Mariengarden","article_publisher":"https:\/\/www.facebook.com\/groups\/38812342437\/?locale=de_DE","article_published_time":"2015-07-17T13:41:43+00:00","article_modified_time":"2020-10-07T16:47:24+00:00","author":"Christian Ertner","twitter_card":"summary_large_image","twitter_misc":{"Verfasst von":"Christian Ertner"},"schema":{"@context":"https:\/\/schema.org","@graph":[{"@type":"Article","@id":"https:\/\/www.gymnasium-mariengarden.de\/wordpress\/abi-gala-auf-dvd\/#article","isPartOf":{"@id":"https:\/\/www.gymnasium-mariengarden.de\/wordpress\/abi-gala-auf-dvd\/"},"author":{"name":"Christian Ertner","@id":"https:\/\/www.gymnasium-mariengarden.de\/wordpress\/#\/schema\/person\/df224558fcbf911ac239111da1ac985d"},"headline":"Abigala auf DVD","datePublished":"2015-07-17T13:41:43+00:00","dateModified":"2020-10-07T16:47:24+00:00","mainEntityOfPage":{"@id":"https:\/\/www.gymnasium-mariengarden.de\/wordpress\/abi-gala-auf-dvd\/"},"wordCount":88,"commentCount":0,"keywords":["Abigala"],"articleSection":["Ank\u00fcndigungen"],"inLanguage":"de","potentialAction":[{"@type":"CommentAction","name":"Comment","target":["https:\/\/www.gymnasium-mariengarden.de\/wordpress\/abi-gala-auf-dvd\/#respond"]}]},{"@type":"WebPage","@id":"https:\/\/www.gymnasium-mariengarden.de\/wordpress\/abi-gala-auf-dvd\/","url":"https:\/\/www.gymnasium-mariengarden.de\/wordpress\/abi-gala-auf-dvd\/","name":"Abigala auf DVD - Gymnasium Mariengarden","isPartOf":{"@id":"https:\/\/www.gymnasium-mariengarden.de\/wordpress\/#website"},"datePublished":"2015-07-17T13:41:43+00:00","dateModified":"2020-10-07T16:47:24+00:00","author":{"@id":"https:\/\/www.gymnasium-mariengarden.de\/wordpress\/#\/schema\/person\/df224558fcbf911ac239111da1ac985d"},"description":"Privates Gymnasium der Oblatenmissionare","breadcrumb":{"@id":"https:\/\/www.gymnasium-mariengarden.de\/wordpress\/abi-gala-auf-dvd\/#breadcrumb"},"inLanguage":"de","potentialAction":[{"@type":"ReadAction","target":["https:\/\/www.gymnasium-mariengarden.de\/wordpress\/abi-gala-auf-dvd\/"]}]},{"@type":"BreadcrumbList","@id":"https:\/\/www.gymnasium-mariengarden.de\/wordpress\/abi-gala-auf-dvd\/#breadcrumb","itemListElement":[{"@type":"ListItem","position":1,"name":"Startseite","item":"https:\/\/www.gymnasium-mariengarden.de\/wordpress\/"},{"@type":"ListItem","position":2,"name":"Abigala auf DVD"}]},{"@type":"WebSite","@id":"https:\/\/www.gymnasium-mariengarden.de\/wordpress\/#website","url":"https:\/\/www.gymnasium-mariengarden.de\/wordpress\/","name":"Gymnasium Mariengarden","description":"Privates Gymnasium der Oblatenmissionare","alternateName":"Gymnasium Mariengarden Borken-Burlo","potentialAction":[{"@type":"SearchAction","target":{"@type":"EntryPoint","urlTemplate":"https:\/\/www.gymnasium-mariengarden.de\/wordpress\/?s={search_term_string}"},"query-input":{"@type":"PropertyValueSpecification","valueRequired":true,"valueName":"search_term_string"}}],"inLanguage":"de"},{"@type":"Person","@id":"https:\/\/www.gymnasium-mariengarden.de\/wordpress\/#\/schema\/person\/df224558fcbf911ac239111da1ac985d","name":"Christian Ertner","url":"https:\/\/www.gymnasium-mariengarden.de\/wordpress\/author\/c-ertner\/"}]}},"_links":{"self":[{"href":"https:\/\/www.gymnasium-mariengarden.de\/wordpress\/wp-json\/wp\/v2\/posts\/1942","targetHints":{"allow":["GET"]}}],"collection":[{"href":"https:\/\/www.gymnasium-mariengarden.de\/wordpress\/wp-json\/wp\/v2\/posts"}],"about":[{"href":"https:\/\/www.gymnasium-mariengarden.de\/wordpress\/wp-json\/wp\/v2\/types\/post"}],"author":[{"embeddable":true,"href":"https:\/\/www.gymnasium-mariengarden.de\/wordpress\/wp-json\/wp\/v2\/users\/4"}],"replies":[{"embeddable":true,"href":"https:\/\/www.gymnasium-mariengarden.de\/wordpress\/wp-json\/wp\/v2\/comments?post=1942"}],"version-history":[{"count":3,"href":"https:\/\/www.gymnasium-mariengarden.de\/wordpress\/wp-json\/wp\/v2\/posts\/1942\/revisions"}],"predecessor-version":[{"id":6691,"href":"https:\/\/www.gymnasium-mariengarden.de\/wordpress\/wp-json\/wp\/v2\/posts\/1942\/revisions\/6691"}],"wp:attachment":[{"href":"https:\/\/www.gymnasium-mariengarden.de\/wordpress\/wp-json\/wp\/v2\/media?parent=1942"}],"wp:term":[{"taxonomy":"category","embeddable":true,"href":"https:\/\/www.gymnasium-mariengarden.de\/wordpress\/wp-json\/wp\/v2\/categories?post=1942"},{"taxonomy":"post_tag","embeddable":true,"href":"https:\/\/www.gymnasium-mariengarden.de\/wordpress\/wp-json\/wp\/v2\/tags?post=1942"}],"curies":[{"name":"wp","href":"https:\/\/api.w.org\/{rel}","templated":true}]}}