{"id":1817,"date":"2011-05-03T09:37:27","date_gmt":"2011-05-03T07:37:27","guid":{"rendered":"http:\/\/gymnasium-mariengarden.de\/wordpress\/?p=1817"},"modified":"2016-06-29T10:00:16","modified_gmt":"2016-06-29T08:00:16","slug":"richtfest-forum-mariengarden","status":"publish","type":"post","link":"https:\/\/www.gymnasium-mariengarden.de\/wordpress\/richtfest-forum-mariengarden\/","title":{"rendered":"Richtfest Forum Mariengarden"},"content":{"rendered":"<p>Am Freitag, dem 20. Mai, soll das Richtfest des Forums Mariengarden stattfinden. Nach der 3. Stunde treffen sich alle Sch\u00fcler und Kollegen auf dem Schulhof. In Anwesenheit von Vertretern der Schulleitung, des Schultr\u00e4gers und des B\u00fcrgermeister der Stadt Borken wird der Richtspruch verlesen. Nach einer kleinen offiziellen Feier gibt es Suppe und Getr\u00e4nke f\u00fcr alle. Der Nachmittagsunterricht entf\u00e4llt.<\/p>\n","protected":false},"excerpt":{"rendered":"<p>Am Freitag, dem 20. Mai, soll das Richtfest des Forums Mariengarden stattfinden. Nach der 3. Stunde treffen sich alle Sch\u00fcler und Kollegen auf dem Schulhof. In Anwesenheit von Vertretern der Schulleitung, des Schultr\u00e4gers und des B\u00fcrgermeister der Stadt Borken wird der Richtspruch verlesen. Nach einer kleinen offiziellen Feier gibt es Suppe und Getr\u00e4nke f\u00fcr alle. &hellip; <a href=\"https:\/\/www.gymnasium-mariengarden.de\/wordpress\/richtfest-forum-mariengarden\/\" class=\"more-link\"><span class=\"screen-reader-text\">Richtfest Forum Mariengarden<\/span> weiterlesen <span class=\"meta-nav\">&rarr;<\/span><\/a><\/p>\n","protected":false},"author":4,"featured_media":0,"comment_status":"open","ping_status":"open","sticky":false,"template":"","format":"standard","meta":{"footnotes":""},"categories":[251],"tags":[5],"class_list":["post-1817","post","type-post","status-publish","format-standard","hentry","category-neuigkeiten","tag-forum-mariengarden"],"yoast_head":"<!-- This site is optimized with the Yoast SEO plugin v27.3 - https:\/\/yoast.com\/product\/yoast-seo-wordpress\/ -->\n<title>Richtfest Forum Mariengarden - Gymnasium Mariengarden<\/title>\n<meta name=\"description\" content=\"Privates Gymnasium der Oblatenmissionare\" \/>\n<meta name=\"robots\" content=\"index, follow, max-snippet:-1, max-image-preview:large, max-video-preview:-1\" \/>\n<link rel=\"canonical\" href=\"https:\/\/www.gymnasium-mariengarden.de\/wordpress\/richtfest-forum-mariengarden\/\" \/>\n<meta property=\"og:locale\" content=\"de_DE\" \/>\n<meta property=\"og:type\" content=\"article\" \/>\n<meta property=\"og:title\" content=\"Richtfest Forum Mariengarden - Gymnasium Mariengarden\" \/>\n<meta property=\"og:description\" content=\"Privates Gymnasium der Oblatenmissionare\" \/>\n<meta property=\"og:url\" content=\"https:\/\/www.gymnasium-mariengarden.de\/wordpress\/richtfest-forum-mariengarden\/\" \/>\n<meta property=\"og:site_name\" content=\"Gymnasium Mariengarden\" \/>\n<meta property=\"article:publisher\" content=\"https:\/\/www.facebook.com\/groups\/38812342437\/?locale=de_DE\" \/>\n<meta property=\"article:published_time\" content=\"2011-05-03T07:37:27+00:00\" \/>\n<meta property=\"article:modified_time\" content=\"2016-06-29T08:00:16+00:00\" \/>\n<meta name=\"author\" content=\"Christian Ertner\" \/>\n<meta name=\"twitter:card\" content=\"summary_large_image\" \/>\n<meta name=\"twitter:label1\" content=\"Verfasst von\" \/>\n\t<meta name=\"twitter:data1\" content=\"Christian Ertner\" \/>\n<script type=\"application\/ld+json\" class=\"yoast-schema-graph\">{\"@context\":\"https:\\\/\\\/schema.org\",\"@graph\":[{\"@type\":\"Article\",\"@id\":\"https:\\\/\\\/www.gymnasium-mariengarden.de\\\/wordpress\\\/richtfest-forum-mariengarden\\\/#article\",\"isPartOf\":{\"@id\":\"https:\\\/\\\/www.gymnasium-mariengarden.de\\\/wordpress\\\/richtfest-forum-mariengarden\\\/\"},\"author\":{\"name\":\"Christian Ertner\",\"@id\":\"https:\\\/\\\/www.gymnasium-mariengarden.de\\\/wordpress\\\/#\\\/schema\\\/person\\\/df224558fcbf911ac239111da1ac985d\"},\"headline\":\"Richtfest Forum Mariengarden\",\"datePublished\":\"2011-05-03T07:37:27+00:00\",\"dateModified\":\"2016-06-29T08:00:16+00:00\",\"mainEntityOfPage\":{\"@id\":\"https:\\\/\\\/www.gymnasium-mariengarden.de\\\/wordpress\\\/richtfest-forum-mariengarden\\\/\"},\"wordCount\":65,\"commentCount\":0,\"keywords\":[\"Forum Mariengarden\"],\"articleSection\":[\"Neuigkeiten\"],\"inLanguage\":\"de\",\"potentialAction\":[{\"@type\":\"CommentAction\",\"name\":\"Comment\",\"target\":[\"https:\\\/\\\/www.gymnasium-mariengarden.de\\\/wordpress\\\/richtfest-forum-mariengarden\\\/#respond\"]}]},{\"@type\":\"WebPage\",\"@id\":\"https:\\\/\\\/www.gymnasium-mariengarden.de\\\/wordpress\\\/richtfest-forum-mariengarden\\\/\",\"url\":\"https:\\\/\\\/www.gymnasium-mariengarden.de\\\/wordpress\\\/richtfest-forum-mariengarden\\\/\",\"name\":\"Richtfest Forum Mariengarden - Gymnasium Mariengarden\",\"isPartOf\":{\"@id\":\"https:\\\/\\\/www.gymnasium-mariengarden.de\\\/wordpress\\\/#website\"},\"datePublished\":\"2011-05-03T07:37:27+00:00\",\"dateModified\":\"2016-06-29T08:00:16+00:00\",\"author\":{\"@id\":\"https:\\\/\\\/www.gymnasium-mariengarden.de\\\/wordpress\\\/#\\\/schema\\\/person\\\/df224558fcbf911ac239111da1ac985d\"},\"description\":\"Privates Gymnasium der Oblatenmissionare\",\"breadcrumb\":{\"@id\":\"https:\\\/\\\/www.gymnasium-mariengarden.de\\\/wordpress\\\/richtfest-forum-mariengarden\\\/#breadcrumb\"},\"inLanguage\":\"de\",\"potentialAction\":[{\"@type\":\"ReadAction\",\"target\":[\"https:\\\/\\\/www.gymnasium-mariengarden.de\\\/wordpress\\\/richtfest-forum-mariengarden\\\/\"]}]},{\"@type\":\"BreadcrumbList\",\"@id\":\"https:\\\/\\\/www.gymnasium-mariengarden.de\\\/wordpress\\\/richtfest-forum-mariengarden\\\/#breadcrumb\",\"itemListElement\":[{\"@type\":\"ListItem\",\"position\":1,\"name\":\"Startseite\",\"item\":\"https:\\\/\\\/www.gymnasium-mariengarden.de\\\/wordpress\\\/\"},{\"@type\":\"ListItem\",\"position\":2,\"name\":\"Richtfest Forum Mariengarden\"}]},{\"@type\":\"WebSite\",\"@id\":\"https:\\\/\\\/www.gymnasium-mariengarden.de\\\/wordpress\\\/#website\",\"url\":\"https:\\\/\\\/www.gymnasium-mariengarden.de\\\/wordpress\\\/\",\"name\":\"Gymnasium Mariengarden\",\"description\":\"Privates Gymnasium der Oblatenmissionare\",\"alternateName\":\"Gymnasium Mariengarden Borken-Burlo\",\"potentialAction\":[{\"@type\":\"SearchAction\",\"target\":{\"@type\":\"EntryPoint\",\"urlTemplate\":\"https:\\\/\\\/www.gymnasium-mariengarden.de\\\/wordpress\\\/?s={search_term_string}\"},\"query-input\":{\"@type\":\"PropertyValueSpecification\",\"valueRequired\":true,\"valueName\":\"search_term_string\"}}],\"inLanguage\":\"de\"},{\"@type\":\"Person\",\"@id\":\"https:\\\/\\\/www.gymnasium-mariengarden.de\\\/wordpress\\\/#\\\/schema\\\/person\\\/df224558fcbf911ac239111da1ac985d\",\"name\":\"Christian Ertner\",\"url\":\"https:\\\/\\\/www.gymnasium-mariengarden.de\\\/wordpress\\\/author\\\/c-ertner\\\/\"}]}<\/script>\n<!-- \/ Yoast SEO plugin. -->","yoast_head_json":{"title":"Richtfest Forum Mariengarden - Gymnasium Mariengarden","description":"Privates Gymnasium der Oblatenmissionare","robots":{"index":"index","follow":"follow","max-snippet":"max-snippet:-1","max-image-preview":"max-image-preview:large","max-video-preview":"max-video-preview:-1"},"canonical":"https:\/\/www.gymnasium-mariengarden.de\/wordpress\/richtfest-forum-mariengarden\/","og_locale":"de_DE","og_type":"article","og_title":"Richtfest Forum Mariengarden - Gymnasium Mariengarden","og_description":"Privates Gymnasium der Oblatenmissionare","og_url":"https:\/\/www.gymnasium-mariengarden.de\/wordpress\/richtfest-forum-mariengarden\/","og_site_name":"Gymnasium Mariengarden","article_publisher":"https:\/\/www.facebook.com\/groups\/38812342437\/?locale=de_DE","article_published_time":"2011-05-03T07:37:27+00:00","article_modified_time":"2016-06-29T08:00:16+00:00","author":"Christian Ertner","twitter_card":"summary_large_image","twitter_misc":{"Verfasst von":"Christian Ertner"},"schema":{"@context":"https:\/\/schema.org","@graph":[{"@type":"Article","@id":"https:\/\/www.gymnasium-mariengarden.de\/wordpress\/richtfest-forum-mariengarden\/#article","isPartOf":{"@id":"https:\/\/www.gymnasium-mariengarden.de\/wordpress\/richtfest-forum-mariengarden\/"},"author":{"name":"Christian Ertner","@id":"https:\/\/www.gymnasium-mariengarden.de\/wordpress\/#\/schema\/person\/df224558fcbf911ac239111da1ac985d"},"headline":"Richtfest Forum Mariengarden","datePublished":"2011-05-03T07:37:27+00:00","dateModified":"2016-06-29T08:00:16+00:00","mainEntityOfPage":{"@id":"https:\/\/www.gymnasium-mariengarden.de\/wordpress\/richtfest-forum-mariengarden\/"},"wordCount":65,"commentCount":0,"keywords":["Forum Mariengarden"],"articleSection":["Neuigkeiten"],"inLanguage":"de","potentialAction":[{"@type":"CommentAction","name":"Comment","target":["https:\/\/www.gymnasium-mariengarden.de\/wordpress\/richtfest-forum-mariengarden\/#respond"]}]},{"@type":"WebPage","@id":"https:\/\/www.gymnasium-mariengarden.de\/wordpress\/richtfest-forum-mariengarden\/","url":"https:\/\/www.gymnasium-mariengarden.de\/wordpress\/richtfest-forum-mariengarden\/","name":"Richtfest Forum Mariengarden - Gymnasium Mariengarden","isPartOf":{"@id":"https:\/\/www.gymnasium-mariengarden.de\/wordpress\/#website"},"datePublished":"2011-05-03T07:37:27+00:00","dateModified":"2016-06-29T08:00:16+00:00","author":{"@id":"https:\/\/www.gymnasium-mariengarden.de\/wordpress\/#\/schema\/person\/df224558fcbf911ac239111da1ac985d"},"description":"Privates Gymnasium der Oblatenmissionare","breadcrumb":{"@id":"https:\/\/www.gymnasium-mariengarden.de\/wordpress\/richtfest-forum-mariengarden\/#breadcrumb"},"inLanguage":"de","potentialAction":[{"@type":"ReadAction","target":["https:\/\/www.gymnasium-mariengarden.de\/wordpress\/richtfest-forum-mariengarden\/"]}]},{"@type":"BreadcrumbList","@id":"https:\/\/www.gymnasium-mariengarden.de\/wordpress\/richtfest-forum-mariengarden\/#breadcrumb","itemListElement":[{"@type":"ListItem","position":1,"name":"Startseite","item":"https:\/\/www.gymnasium-mariengarden.de\/wordpress\/"},{"@type":"ListItem","position":2,"name":"Richtfest Forum Mariengarden"}]},{"@type":"WebSite","@id":"https:\/\/www.gymnasium-mariengarden.de\/wordpress\/#website","url":"https:\/\/www.gymnasium-mariengarden.de\/wordpress\/","name":"Gymnasium Mariengarden","description":"Privates Gymnasium der Oblatenmissionare","alternateName":"Gymnasium Mariengarden Borken-Burlo","potentialAction":[{"@type":"SearchAction","target":{"@type":"EntryPoint","urlTemplate":"https:\/\/www.gymnasium-mariengarden.de\/wordpress\/?s={search_term_string}"},"query-input":{"@type":"PropertyValueSpecification","valueRequired":true,"valueName":"search_term_string"}}],"inLanguage":"de"},{"@type":"Person","@id":"https:\/\/www.gymnasium-mariengarden.de\/wordpress\/#\/schema\/person\/df224558fcbf911ac239111da1ac985d","name":"Christian Ertner","url":"https:\/\/www.gymnasium-mariengarden.de\/wordpress\/author\/c-ertner\/"}]}},"_links":{"self":[{"href":"https:\/\/www.gymnasium-mariengarden.de\/wordpress\/wp-json\/wp\/v2\/posts\/1817","targetHints":{"allow":["GET"]}}],"collection":[{"href":"https:\/\/www.gymnasium-mariengarden.de\/wordpress\/wp-json\/wp\/v2\/posts"}],"about":[{"href":"https:\/\/www.gymnasium-mariengarden.de\/wordpress\/wp-json\/wp\/v2\/types\/post"}],"author":[{"embeddable":true,"href":"https:\/\/www.gymnasium-mariengarden.de\/wordpress\/wp-json\/wp\/v2\/users\/4"}],"replies":[{"embeddable":true,"href":"https:\/\/www.gymnasium-mariengarden.de\/wordpress\/wp-json\/wp\/v2\/comments?post=1817"}],"version-history":[{"count":1,"href":"https:\/\/www.gymnasium-mariengarden.de\/wordpress\/wp-json\/wp\/v2\/posts\/1817\/revisions"}],"predecessor-version":[{"id":1818,"href":"https:\/\/www.gymnasium-mariengarden.de\/wordpress\/wp-json\/wp\/v2\/posts\/1817\/revisions\/1818"}],"wp:attachment":[{"href":"https:\/\/www.gymnasium-mariengarden.de\/wordpress\/wp-json\/wp\/v2\/media?parent=1817"}],"wp:term":[{"taxonomy":"category","embeddable":true,"href":"https:\/\/www.gymnasium-mariengarden.de\/wordpress\/wp-json\/wp\/v2\/categories?post=1817"},{"taxonomy":"post_tag","embeddable":true,"href":"https:\/\/www.gymnasium-mariengarden.de\/wordpress\/wp-json\/wp\/v2\/tags?post=1817"}],"curies":[{"name":"wp","href":"https:\/\/api.w.org\/{rel}","templated":true}]}}