{"id":17083,"date":"2026-04-26T11:00:44","date_gmt":"2026-04-26T09:00:44","guid":{"rendered":"https:\/\/www.gymnasium-mariengarden.de\/wordpress\/?p=17083"},"modified":"2026-04-26T11:00:44","modified_gmt":"2026-04-26T09:00:44","slug":"wenn-der-vater-mit-den-soehnen-im-musicgarden-cembalo-tasteninstrumente","status":"publish","type":"post","link":"https:\/\/www.gymnasium-mariengarden.de\/wordpress\/wenn-der-vater-mit-den-soehnen-im-musicgarden-cembalo-tasteninstrumente\/","title":{"rendered":"Wenn der Vater mit den S\u00f6hnen im music!garden&#8230;"},"content":{"rendered":"\n<p>Konzert f\u00fcr 2 Cembali mit Improvisationen im Stil Johann Sebastian  Bachs und Werken seiner S\u00f6hne Carl Philipp und Johann Christian<\/p>\n\n\n\n<figure class=\"wp-block-image size-large\"><img loading=\"lazy\" decoding=\"async\" width=\"1024\" height=\"641\" src=\"https:\/\/www.gymnasium-mariengarden.de\/wordpress\/wp-content\/uploads\/2026\/04\/A.-A.-Grychtolik-2-credit-Guido-Werner-1024x641.jpg\" alt=\"\" class=\"wp-image-17085\" srcset=\"https:\/\/www.gymnasium-mariengarden.de\/wordpress\/wp-content\/uploads\/2026\/04\/A.-A.-Grychtolik-2-credit-Guido-Werner-1024x641.jpg 1024w, https:\/\/www.gymnasium-mariengarden.de\/wordpress\/wp-content\/uploads\/2026\/04\/A.-A.-Grychtolik-2-credit-Guido-Werner-300x188.jpg 300w, https:\/\/www.gymnasium-mariengarden.de\/wordpress\/wp-content\/uploads\/2026\/04\/A.-A.-Grychtolik-2-credit-Guido-Werner-768x481.jpg 768w, https:\/\/www.gymnasium-mariengarden.de\/wordpress\/wp-content\/uploads\/2026\/04\/A.-A.-Grychtolik-2-credit-Guido-Werner-1536x961.jpg 1536w, https:\/\/www.gymnasium-mariengarden.de\/wordpress\/wp-content\/uploads\/2026\/04\/A.-A.-Grychtolik-2-credit-Guido-Werner-2048x1281.jpg 2048w\" sizes=\"auto, (max-width: 1024px) 100vw, 1024px\" \/><figcaption class=\"wp-element-caption\">Foto Credit Guido Werner<\/figcaption><\/figure>\n\n\n\n<p>Am Donnerstag, 11. Juni 2026, 19.00 Uhr, erwartet die Besucher im Burloer Forum Mariengarden ein besonderes Highlight: Mit Aleksandra und Alexander Grychtolik gastiert eines der international profiliertesten Cembalisten-Paare, dass die Barockmusik durch die sch\u00f6pferische Sprengkraft der&nbsp;Improvisation&nbsp;und durch k\u00fchne Werkbearbeitungen revolutioniert hat. Zwei Meisterinstrumente aus dem 20. Jahrhundert machen ebenfalls die weite Reise von Weimar nach Burlo, um die beiden durch zahlreichen TV-Produktionen und CD-Einspielungen als auch durch Festivals und zahlreiche Konzerte in renommierten H\u00e4usern bekannten K\u00fcnstler zu unterst\u00fctzen.<\/p>\n\n\n\n<p>Das Programm umfasst Werke der Bach-S\u00f6hne Johann Christian und Carl Philipp Emanuel Bach, aber auch Improvisationen im Stil von Johann Sebastian Bach. Karten sind im Vorverkauf ab 11. Mai beim Schulsekretariat Gymnasium Burlo (02862\/589112) erh\u00e4ltlich und an der Abendkasse.<\/p>\n\n\n\n<p>Eintrittspreise: Erw. \u20ac 22 &#8211; Erm. \u20ac 16 &#8211; SuS \u20ac5 &#8211; Fam. \u20ac 46<\/p>\n\n\n\n<p><strong>Weitere Informationen \u00fcber die K\u00fcnstler<\/strong><\/p>\n\n\n\n<p><strong>Aleksandra und Alexander Grychtolik<\/strong> repr\u00e4sentieren die&nbsp;Spitze einer k\u00fcnstlerischen Bewegung, die die Auff\u00fchrungskultur revolutioniert und als dynamische Kunstform der Gegenwart erneuert.&nbsp;Als eines der international profiliertesten Cembalisten-Paare haben sie die Barockmusik durch die sch\u00f6pferische Sprengkraft der&nbsp;Improvisation&nbsp;und durch k\u00fchne Werkbearbeitungen revolutioniert. Mit einem tiefen Verst\u00e4ndnis f\u00fcr historische Klang\u00e4sthetik, die von der Fachwelt als \u201emagisch\u201c und von &#8222;orchestraler Pracht&#8220; beschrieben wird, setzen sie als Solisten neue Ma\u00dfst\u00e4be.<\/p>\n\n\n\n<p>Ihr k\u00fcnstlerisches Schaffen spiegelt sich u.a. in zahleichen TV-Produktionen f\u00fcr den europ\u00e4ischen Kultursender ARTE sowie in einer Reihe preisgekr\u00f6nter CD-Einspielungen wider: Die bahnbrechenden Rekonstruktionen von Bach-Vokalwerken f\u00fcr Sony (Deutsche Harmonia Mundi) mit ihrem Ensemble \u201eDeutsche Hofmusik\u201c wurden in die \u201eBach333\u201c-Gesamtedition der Deutschen Grammophon aufgenommen. Ausgezeichnet durch Nominierungen f\u00fcr den ECHO Klassik sowie f\u00fcr den Preis der Deutschen Schallplattenkritik, gelten ihre Einspielungen heute als Referenz f\u00fcr eine vision\u00e4re Verbindung von Kunst und Wissenschaft.<\/p>\n\n\n\n<p>Aleksandra und Alexander Grychtolik konzertieren auf zwei Meisterinstrumenten von Cornelis Bom, von denen eines aus der Sammlung von Gustav Leonhardt, einem der einflussreichsten Cembalisten des 20. Jahrhunderts, stammt. Sie konzertieren regelm\u00e4\u00dfig in renommierten Konzerth\u00e4usern wie der Alten Oper Frankfurt und auf f\u00fchrenden Festivals wie dem Bachfest Leipzig, dem Festival van Vlaanderen und dem Festival J. S. Bach de Lausanne sowie in den Kulturmetropolen Europas, Asiens, und Amerikas. 2021 waren sie zudem Artists in Residence beim Internationalen Bachfest Schaffhausen (Schweiz). F\u00fcr ihren Einsatz um das europ\u00e4ische Musikerbe wurde ihnen 2025 durch Eduard Prinz von Anhalt (Cousin Charles III.) der &nbsp;Verdienstordens des Askanischen Hausordens verliehen.<\/p>\n\n\n\n<p class=\"has-text-align-left\">W\u00e4hrend Alexander Grychtolik zudem als Visiting Researcher an der Sacred Heart University in Tokio sowie als Honorarprofessor an der Hochschule f\u00fcr Musik FRANZ LISZT Weimar wirkt, transferiert Aleksandra Grychtolik ihre kulturpolitische Expertise aus ihrer T\u00e4tigkeit f\u00fcr EU-Institutionen in Br\u00fcssel in die Gestaltung zukunftsweisender Kulturformate. Mit wegweisenden Projekten, wie der immersiven Synthese von Architektur und Musik im virtuell rekonstruierten Konzertst\u00e4tten der Bach-Zeit oder in der Zusammenarbeit mit Spitzenensembles wie dem Barockorchester Il Gardellino aus Belgien kuratieren Aleksandra und Alexander Grychtolik eine neue Form des Konzerterlebnisses.<\/p>\n\n\n\n<p>www. grychtolik.com<\/p>\n","protected":false},"excerpt":{"rendered":"<p>Konzert f\u00fcr 2 Cembali mit Improvisationen im Stil Johann Sebastian Bachs und Werken seiner S\u00f6hne Carl Philipp und Johann Christian Am Donnerstag, 11. Juni 2026, 19.00 Uhr, erwartet die Besucher im Burloer Forum Mariengarden ein besonderes Highlight: Mit Aleksandra und Alexander Grychtolik gastiert eines der international profiliertesten Cembalisten-Paare, dass die Barockmusik durch die sch\u00f6pferische Sprengkraft &hellip; <a href=\"https:\/\/www.gymnasium-mariengarden.de\/wordpress\/wenn-der-vater-mit-den-soehnen-im-musicgarden-cembalo-tasteninstrumente\/\" class=\"more-link\"><span class=\"screen-reader-text\">Wenn der Vater mit den S\u00f6hnen im music!garden&#8230;<\/span> weiterlesen <span class=\"meta-nav\">&rarr;<\/span><\/a><\/p>\n","protected":false},"author":24,"featured_media":0,"comment_status":"closed","ping_status":"closed","sticky":false,"template":"","format":"standard","meta":{"footnotes":""},"categories":[1],"tags":[],"class_list":["post-17083","post","type-post","status-publish","format-standard","hentry","category-allgemein"],"yoast_head":"<!-- This site is optimized with the Yoast SEO plugin v27.3 - https:\/\/yoast.com\/product\/yoast-seo-wordpress\/ -->\n<title>Wenn der Vater mit den S\u00f6hnen im music!garden... - Gymnasium Mariengarden<\/title>\n<meta name=\"description\" content=\"Privates Gymnasium der Oblatenmissionare music!garden Konzert\" \/>\n<meta name=\"robots\" content=\"index, follow, max-snippet:-1, max-image-preview:large, max-video-preview:-1\" \/>\n<link rel=\"canonical\" href=\"https:\/\/www.gymnasium-mariengarden.de\/wordpress\/wenn-der-vater-mit-den-soehnen-im-musicgarden-cembalo-tasteninstrumente\/\" \/>\n<meta property=\"og:locale\" content=\"de_DE\" \/>\n<meta property=\"og:type\" content=\"article\" \/>\n<meta property=\"og:title\" content=\"Wenn der Vater mit den S\u00f6hnen im music!garden... - Gymnasium Mariengarden\" \/>\n<meta property=\"og:description\" content=\"Privates Gymnasium der Oblatenmissionare music!garden Konzert\" \/>\n<meta property=\"og:url\" content=\"https:\/\/www.gymnasium-mariengarden.de\/wordpress\/wenn-der-vater-mit-den-soehnen-im-musicgarden-cembalo-tasteninstrumente\/\" \/>\n<meta property=\"og:site_name\" content=\"Gymnasium Mariengarden\" \/>\n<meta property=\"article:publisher\" content=\"https:\/\/www.facebook.com\/groups\/38812342437\/?locale=de_DE\" \/>\n<meta property=\"article:published_time\" content=\"2026-04-26T09:00:44+00:00\" \/>\n<meta property=\"og:image\" content=\"https:\/\/www.gymnasium-mariengarden.de\/wordpress\/wp-content\/uploads\/2026\/04\/A.-A.-Grychtolik-2-credit-Guido-Werner-scaled.jpg\" \/>\n\t<meta property=\"og:image:width\" content=\"2560\" \/>\n\t<meta property=\"og:image:height\" content=\"1602\" \/>\n\t<meta property=\"og:image:type\" content=\"image\/jpeg\" \/>\n<meta name=\"author\" content=\"Kurt-Ludwig Forg\" \/>\n<meta name=\"twitter:card\" content=\"summary_large_image\" \/>\n<meta name=\"twitter:label1\" content=\"Verfasst von\" \/>\n\t<meta name=\"twitter:data1\" content=\"Kurt-Ludwig Forg\" \/>\n\t<meta name=\"twitter:label2\" content=\"Gesch\u00e4tzte Lesezeit\" \/>\n\t<meta name=\"twitter:data2\" content=\"3\u00a0Minuten\" \/>\n<script type=\"application\/ld+json\" class=\"yoast-schema-graph\">{\"@context\":\"https:\\\/\\\/schema.org\",\"@graph\":[{\"@type\":\"Article\",\"@id\":\"https:\\\/\\\/www.gymnasium-mariengarden.de\\\/wordpress\\\/wenn-der-vater-mit-den-soehnen-im-musicgarden-cembalo-tasteninstrumente\\\/#article\",\"isPartOf\":{\"@id\":\"https:\\\/\\\/www.gymnasium-mariengarden.de\\\/wordpress\\\/wenn-der-vater-mit-den-soehnen-im-musicgarden-cembalo-tasteninstrumente\\\/\"},\"author\":{\"name\":\"Kurt-Ludwig Forg\",\"@id\":\"https:\\\/\\\/www.gymnasium-mariengarden.de\\\/wordpress\\\/#\\\/schema\\\/person\\\/ccad7b867a2cbd49bc8187ce23552536\"},\"headline\":\"Wenn der Vater mit den S\u00f6hnen im music!garden&#8230;\",\"datePublished\":\"2026-04-26T09:00:44+00:00\",\"mainEntityOfPage\":{\"@id\":\"https:\\\/\\\/www.gymnasium-mariengarden.de\\\/wordpress\\\/wenn-der-vater-mit-den-soehnen-im-musicgarden-cembalo-tasteninstrumente\\\/\"},\"wordCount\":534,\"image\":{\"@id\":\"https:\\\/\\\/www.gymnasium-mariengarden.de\\\/wordpress\\\/wenn-der-vater-mit-den-soehnen-im-musicgarden-cembalo-tasteninstrumente\\\/#primaryimage\"},\"thumbnailUrl\":\"https:\\\/\\\/www.gymnasium-mariengarden.de\\\/wordpress\\\/wp-content\\\/uploads\\\/2026\\\/04\\\/A.-A.-Grychtolik-2-credit-Guido-Werner-1024x641.jpg\",\"inLanguage\":\"de\"},{\"@type\":\"WebPage\",\"@id\":\"https:\\\/\\\/www.gymnasium-mariengarden.de\\\/wordpress\\\/wenn-der-vater-mit-den-soehnen-im-musicgarden-cembalo-tasteninstrumente\\\/\",\"url\":\"https:\\\/\\\/www.gymnasium-mariengarden.de\\\/wordpress\\\/wenn-der-vater-mit-den-soehnen-im-musicgarden-cembalo-tasteninstrumente\\\/\",\"name\":\"Wenn der Vater mit den S\u00f6hnen im music!garden... - Gymnasium Mariengarden\",\"isPartOf\":{\"@id\":\"https:\\\/\\\/www.gymnasium-mariengarden.de\\\/wordpress\\\/#website\"},\"primaryImageOfPage\":{\"@id\":\"https:\\\/\\\/www.gymnasium-mariengarden.de\\\/wordpress\\\/wenn-der-vater-mit-den-soehnen-im-musicgarden-cembalo-tasteninstrumente\\\/#primaryimage\"},\"image\":{\"@id\":\"https:\\\/\\\/www.gymnasium-mariengarden.de\\\/wordpress\\\/wenn-der-vater-mit-den-soehnen-im-musicgarden-cembalo-tasteninstrumente\\\/#primaryimage\"},\"thumbnailUrl\":\"https:\\\/\\\/www.gymnasium-mariengarden.de\\\/wordpress\\\/wp-content\\\/uploads\\\/2026\\\/04\\\/A.-A.-Grychtolik-2-credit-Guido-Werner-1024x641.jpg\",\"datePublished\":\"2026-04-26T09:00:44+00:00\",\"author\":{\"@id\":\"https:\\\/\\\/www.gymnasium-mariengarden.de\\\/wordpress\\\/#\\\/schema\\\/person\\\/ccad7b867a2cbd49bc8187ce23552536\"},\"description\":\"Privates Gymnasium der Oblatenmissionare music!garden Konzert\",\"breadcrumb\":{\"@id\":\"https:\\\/\\\/www.gymnasium-mariengarden.de\\\/wordpress\\\/wenn-der-vater-mit-den-soehnen-im-musicgarden-cembalo-tasteninstrumente\\\/#breadcrumb\"},\"inLanguage\":\"de\",\"potentialAction\":[{\"@type\":\"ReadAction\",\"target\":[\"https:\\\/\\\/www.gymnasium-mariengarden.de\\\/wordpress\\\/wenn-der-vater-mit-den-soehnen-im-musicgarden-cembalo-tasteninstrumente\\\/\"]}]},{\"@type\":\"ImageObject\",\"inLanguage\":\"de\",\"@id\":\"https:\\\/\\\/www.gymnasium-mariengarden.de\\\/wordpress\\\/wenn-der-vater-mit-den-soehnen-im-musicgarden-cembalo-tasteninstrumente\\\/#primaryimage\",\"url\":\"https:\\\/\\\/www.gymnasium-mariengarden.de\\\/wordpress\\\/wp-content\\\/uploads\\\/2026\\\/04\\\/A.-A.-Grychtolik-2-credit-Guido-Werner-scaled.jpg\",\"contentUrl\":\"https:\\\/\\\/www.gymnasium-mariengarden.de\\\/wordpress\\\/wp-content\\\/uploads\\\/2026\\\/04\\\/A.-A.-Grychtolik-2-credit-Guido-Werner-scaled.jpg\",\"width\":2560,\"height\":1602},{\"@type\":\"BreadcrumbList\",\"@id\":\"https:\\\/\\\/www.gymnasium-mariengarden.de\\\/wordpress\\\/wenn-der-vater-mit-den-soehnen-im-musicgarden-cembalo-tasteninstrumente\\\/#breadcrumb\",\"itemListElement\":[{\"@type\":\"ListItem\",\"position\":1,\"name\":\"Startseite\",\"item\":\"https:\\\/\\\/www.gymnasium-mariengarden.de\\\/wordpress\\\/\"},{\"@type\":\"ListItem\",\"position\":2,\"name\":\"Wenn der Vater mit den S\u00f6hnen im music!garden&#8230;\"}]},{\"@type\":\"WebSite\",\"@id\":\"https:\\\/\\\/www.gymnasium-mariengarden.de\\\/wordpress\\\/#website\",\"url\":\"https:\\\/\\\/www.gymnasium-mariengarden.de\\\/wordpress\\\/\",\"name\":\"Gymnasium Mariengarden\",\"description\":\"Privates Gymnasium der Oblatenmissionare\",\"alternateName\":\"Gymnasium Mariengarden Borken-Burlo\",\"potentialAction\":[{\"@type\":\"SearchAction\",\"target\":{\"@type\":\"EntryPoint\",\"urlTemplate\":\"https:\\\/\\\/www.gymnasium-mariengarden.de\\\/wordpress\\\/?s={search_term_string}\"},\"query-input\":{\"@type\":\"PropertyValueSpecification\",\"valueRequired\":true,\"valueName\":\"search_term_string\"}}],\"inLanguage\":\"de\"},{\"@type\":\"Person\",\"@id\":\"https:\\\/\\\/www.gymnasium-mariengarden.de\\\/wordpress\\\/#\\\/schema\\\/person\\\/ccad7b867a2cbd49bc8187ce23552536\",\"name\":\"Kurt-Ludwig Forg\",\"url\":\"https:\\\/\\\/www.gymnasium-mariengarden.de\\\/wordpress\\\/author\\\/k-l-forg\\\/\"}]}<\/script>\n<!-- \/ Yoast SEO plugin. -->","yoast_head_json":{"title":"Wenn der Vater mit den S\u00f6hnen im music!garden... - Gymnasium Mariengarden","description":"Privates Gymnasium der Oblatenmissionare music!garden Konzert","robots":{"index":"index","follow":"follow","max-snippet":"max-snippet:-1","max-image-preview":"max-image-preview:large","max-video-preview":"max-video-preview:-1"},"canonical":"https:\/\/www.gymnasium-mariengarden.de\/wordpress\/wenn-der-vater-mit-den-soehnen-im-musicgarden-cembalo-tasteninstrumente\/","og_locale":"de_DE","og_type":"article","og_title":"Wenn der Vater mit den S\u00f6hnen im music!garden... - Gymnasium Mariengarden","og_description":"Privates Gymnasium der Oblatenmissionare music!garden Konzert","og_url":"https:\/\/www.gymnasium-mariengarden.de\/wordpress\/wenn-der-vater-mit-den-soehnen-im-musicgarden-cembalo-tasteninstrumente\/","og_site_name":"Gymnasium Mariengarden","article_publisher":"https:\/\/www.facebook.com\/groups\/38812342437\/?locale=de_DE","article_published_time":"2026-04-26T09:00:44+00:00","og_image":[{"width":2560,"height":1602,"url":"https:\/\/www.gymnasium-mariengarden.de\/wordpress\/wp-content\/uploads\/2026\/04\/A.-A.-Grychtolik-2-credit-Guido-Werner-scaled.jpg","type":"image\/jpeg"}],"author":"Kurt-Ludwig Forg","twitter_card":"summary_large_image","twitter_misc":{"Verfasst von":"Kurt-Ludwig Forg","Gesch\u00e4tzte Lesezeit":"3\u00a0Minuten"},"schema":{"@context":"https:\/\/schema.org","@graph":[{"@type":"Article","@id":"https:\/\/www.gymnasium-mariengarden.de\/wordpress\/wenn-der-vater-mit-den-soehnen-im-musicgarden-cembalo-tasteninstrumente\/#article","isPartOf":{"@id":"https:\/\/www.gymnasium-mariengarden.de\/wordpress\/wenn-der-vater-mit-den-soehnen-im-musicgarden-cembalo-tasteninstrumente\/"},"author":{"name":"Kurt-Ludwig Forg","@id":"https:\/\/www.gymnasium-mariengarden.de\/wordpress\/#\/schema\/person\/ccad7b867a2cbd49bc8187ce23552536"},"headline":"Wenn der Vater mit den S\u00f6hnen im music!garden&#8230;","datePublished":"2026-04-26T09:00:44+00:00","mainEntityOfPage":{"@id":"https:\/\/www.gymnasium-mariengarden.de\/wordpress\/wenn-der-vater-mit-den-soehnen-im-musicgarden-cembalo-tasteninstrumente\/"},"wordCount":534,"image":{"@id":"https:\/\/www.gymnasium-mariengarden.de\/wordpress\/wenn-der-vater-mit-den-soehnen-im-musicgarden-cembalo-tasteninstrumente\/#primaryimage"},"thumbnailUrl":"https:\/\/www.gymnasium-mariengarden.de\/wordpress\/wp-content\/uploads\/2026\/04\/A.-A.-Grychtolik-2-credit-Guido-Werner-1024x641.jpg","inLanguage":"de"},{"@type":"WebPage","@id":"https:\/\/www.gymnasium-mariengarden.de\/wordpress\/wenn-der-vater-mit-den-soehnen-im-musicgarden-cembalo-tasteninstrumente\/","url":"https:\/\/www.gymnasium-mariengarden.de\/wordpress\/wenn-der-vater-mit-den-soehnen-im-musicgarden-cembalo-tasteninstrumente\/","name":"Wenn der Vater mit den S\u00f6hnen im music!garden... - Gymnasium Mariengarden","isPartOf":{"@id":"https:\/\/www.gymnasium-mariengarden.de\/wordpress\/#website"},"primaryImageOfPage":{"@id":"https:\/\/www.gymnasium-mariengarden.de\/wordpress\/wenn-der-vater-mit-den-soehnen-im-musicgarden-cembalo-tasteninstrumente\/#primaryimage"},"image":{"@id":"https:\/\/www.gymnasium-mariengarden.de\/wordpress\/wenn-der-vater-mit-den-soehnen-im-musicgarden-cembalo-tasteninstrumente\/#primaryimage"},"thumbnailUrl":"https:\/\/www.gymnasium-mariengarden.de\/wordpress\/wp-content\/uploads\/2026\/04\/A.-A.-Grychtolik-2-credit-Guido-Werner-1024x641.jpg","datePublished":"2026-04-26T09:00:44+00:00","author":{"@id":"https:\/\/www.gymnasium-mariengarden.de\/wordpress\/#\/schema\/person\/ccad7b867a2cbd49bc8187ce23552536"},"description":"Privates Gymnasium der Oblatenmissionare music!garden Konzert","breadcrumb":{"@id":"https:\/\/www.gymnasium-mariengarden.de\/wordpress\/wenn-der-vater-mit-den-soehnen-im-musicgarden-cembalo-tasteninstrumente\/#breadcrumb"},"inLanguage":"de","potentialAction":[{"@type":"ReadAction","target":["https:\/\/www.gymnasium-mariengarden.de\/wordpress\/wenn-der-vater-mit-den-soehnen-im-musicgarden-cembalo-tasteninstrumente\/"]}]},{"@type":"ImageObject","inLanguage":"de","@id":"https:\/\/www.gymnasium-mariengarden.de\/wordpress\/wenn-der-vater-mit-den-soehnen-im-musicgarden-cembalo-tasteninstrumente\/#primaryimage","url":"https:\/\/www.gymnasium-mariengarden.de\/wordpress\/wp-content\/uploads\/2026\/04\/A.-A.-Grychtolik-2-credit-Guido-Werner-scaled.jpg","contentUrl":"https:\/\/www.gymnasium-mariengarden.de\/wordpress\/wp-content\/uploads\/2026\/04\/A.-A.-Grychtolik-2-credit-Guido-Werner-scaled.jpg","width":2560,"height":1602},{"@type":"BreadcrumbList","@id":"https:\/\/www.gymnasium-mariengarden.de\/wordpress\/wenn-der-vater-mit-den-soehnen-im-musicgarden-cembalo-tasteninstrumente\/#breadcrumb","itemListElement":[{"@type":"ListItem","position":1,"name":"Startseite","item":"https:\/\/www.gymnasium-mariengarden.de\/wordpress\/"},{"@type":"ListItem","position":2,"name":"Wenn der Vater mit den S\u00f6hnen im music!garden&#8230;"}]},{"@type":"WebSite","@id":"https:\/\/www.gymnasium-mariengarden.de\/wordpress\/#website","url":"https:\/\/www.gymnasium-mariengarden.de\/wordpress\/","name":"Gymnasium Mariengarden","description":"Privates Gymnasium der Oblatenmissionare","alternateName":"Gymnasium Mariengarden Borken-Burlo","potentialAction":[{"@type":"SearchAction","target":{"@type":"EntryPoint","urlTemplate":"https:\/\/www.gymnasium-mariengarden.de\/wordpress\/?s={search_term_string}"},"query-input":{"@type":"PropertyValueSpecification","valueRequired":true,"valueName":"search_term_string"}}],"inLanguage":"de"},{"@type":"Person","@id":"https:\/\/www.gymnasium-mariengarden.de\/wordpress\/#\/schema\/person\/ccad7b867a2cbd49bc8187ce23552536","name":"Kurt-Ludwig Forg","url":"https:\/\/www.gymnasium-mariengarden.de\/wordpress\/author\/k-l-forg\/"}]}},"_links":{"self":[{"href":"https:\/\/www.gymnasium-mariengarden.de\/wordpress\/wp-json\/wp\/v2\/posts\/17083","targetHints":{"allow":["GET"]}}],"collection":[{"href":"https:\/\/www.gymnasium-mariengarden.de\/wordpress\/wp-json\/wp\/v2\/posts"}],"about":[{"href":"https:\/\/www.gymnasium-mariengarden.de\/wordpress\/wp-json\/wp\/v2\/types\/post"}],"author":[{"embeddable":true,"href":"https:\/\/www.gymnasium-mariengarden.de\/wordpress\/wp-json\/wp\/v2\/users\/24"}],"replies":[{"embeddable":true,"href":"https:\/\/www.gymnasium-mariengarden.de\/wordpress\/wp-json\/wp\/v2\/comments?post=17083"}],"version-history":[{"count":2,"href":"https:\/\/www.gymnasium-mariengarden.de\/wordpress\/wp-json\/wp\/v2\/posts\/17083\/revisions"}],"predecessor-version":[{"id":17086,"href":"https:\/\/www.gymnasium-mariengarden.de\/wordpress\/wp-json\/wp\/v2\/posts\/17083\/revisions\/17086"}],"wp:attachment":[{"href":"https:\/\/www.gymnasium-mariengarden.de\/wordpress\/wp-json\/wp\/v2\/media?parent=17083"}],"wp:term":[{"taxonomy":"category","embeddable":true,"href":"https:\/\/www.gymnasium-mariengarden.de\/wordpress\/wp-json\/wp\/v2\/categories?post=17083"},{"taxonomy":"post_tag","embeddable":true,"href":"https:\/\/www.gymnasium-mariengarden.de\/wordpress\/wp-json\/wp\/v2\/tags?post=17083"}],"curies":[{"name":"wp","href":"https:\/\/api.w.org\/{rel}","templated":true}]}}