{"id":17030,"date":"2026-03-26T14:59:08","date_gmt":"2026-03-26T13:59:08","guid":{"rendered":"https:\/\/www.gymnasium-mariengarden.de\/wordpress\/?p=17030"},"modified":"2026-03-26T14:59:09","modified_gmt":"2026-03-26T13:59:09","slug":"bildungskonferenz","status":"publish","type":"post","link":"https:\/\/www.gymnasium-mariengarden.de\/wordpress\/bildungskonferenz\/","title":{"rendered":"Bildungskonferenz"},"content":{"rendered":"\n<p>In der vergangenen Woche war die 12. Bildungskonferenz des Kreises Borken zu Gast im Forum Mariengarden. Dabei kamen Fachkr\u00e4fte aus verschiedensten Bereichen rund um das Thema \u201eBildung\u201c zusammen, um \u00fcber das diesj\u00e4hrige Thema \u201eBleibt alles anders \u2013 Ver\u00e4nderung gestalten\u201c zu diskutieren. Er\u00f6ffnet wurde die Veranstaltung durch eine Gespr\u00e4chsrunde mit Landrat Dr. Kai Zwicker, Stephan Krems von der Bezirksregierung M\u00fcnster und Elisabeth B\u00fcning, Fachbereichsleiterin f\u00fcr Bildung und Schule beim Kreis Borken. <\/p>\n\n\n\n<figure class=\"wp-block-image size-large\"><img loading=\"lazy\" decoding=\"async\" width=\"1024\" height=\"683\" src=\"https:\/\/www.gymnasium-mariengarden.de\/wordpress\/wp-content\/uploads\/2026\/03\/Bildungskonferenz_Foto-1-1024x683.jpg\" alt=\"\" class=\"wp-image-17032\" srcset=\"https:\/\/www.gymnasium-mariengarden.de\/wordpress\/wp-content\/uploads\/2026\/03\/Bildungskonferenz_Foto-1-1024x683.jpg 1024w, https:\/\/www.gymnasium-mariengarden.de\/wordpress\/wp-content\/uploads\/2026\/03\/Bildungskonferenz_Foto-1-300x200.jpg 300w, https:\/\/www.gymnasium-mariengarden.de\/wordpress\/wp-content\/uploads\/2026\/03\/Bildungskonferenz_Foto-1-768x512.jpg 768w, https:\/\/www.gymnasium-mariengarden.de\/wordpress\/wp-content\/uploads\/2026\/03\/Bildungskonferenz_Foto-1-1536x1024.jpg 1536w, https:\/\/www.gymnasium-mariengarden.de\/wordpress\/wp-content\/uploads\/2026\/03\/Bildungskonferenz_Foto-1-2048x1365.jpg 2048w\" sizes=\"auto, (max-width: 1024px) 100vw, 1024px\" \/><\/figure>\n\n\n\n<!--more-->\n\n\n\n<p>Auf Einladung des Bildungsb\u00fcros nahmen dabei auch Mitglieder der Sch\u00fclervertretung sowie weitere Oberstufensch\u00fcler des Gymnasiums Mariengarden teil, um die Perspektive von Jugendlichen in die Konferenz mit rund 120 Vertretern aus Politik, Kommunalverwaltung, Schulleitungen, Wirtschaftsf\u00f6rderung und au\u00dferschulischer Bildung einzubringen.<\/p>\n\n\n\n<p><br>Im Zentrum stand dabei die Frage, was Sch\u00fclerinnen und Sch\u00fcler von Bildung erwarten, um in einer sich rasch ver\u00e4ndernden Welt gut zurechtzukommen. Die Sch\u00fclersprecher Helena Ebber und Felix Roring berichteten anhand von zwei \u201eWord Clouds\u201c \u00fcber die Ergebnisse einer Sch\u00fclerumfrage, wobei sie insbesondere den Umgang mit k\u00fcnstlicher Intelligenz, das Erlernen von Alltagskompetenzen und die Bedeutung sozialer Kompetenzen hervorhoben. Im Anschluss hielt Myrle Dziak-Mahler, Bildungsexpertin und Gesch\u00e4ftsf\u00fchrerin der lernlog GmbH, einen Impulsvortrag zur Umsetzung von Ver\u00e4nderungsprozessen im Bildungsbereich und diskutierte diese anhand von Praxisbeispielen mit Vertretern des Katholischen Bildungswerks und der Ahauser OGS-Projektgruppe. <\/p>\n\n\n\n<p>Kurz vor Ende der Veranstaltung wurden mit Irina Luca und Felix Roring erneut die Sch\u00fclervertreter auf die B\u00fchne gebeten, um gemeinsam mit Fachbereichsleiterin Elisabeth B\u00fcning und der Referentin Myrle Dziak-Mahler ihren Blick auf das Thema \u201eVer\u00e4nderung\u201c zu diskutieren. <\/p>\n\n\n\n<p>Zum Abschluss blickte Kreisdirektor Dr. Ansgar H\u00f6rster auf die Bildungskonferenz zur\u00fcck und betonte, dass \u201eBildung von Menschen und Beziehungen\u201c lebt. Wir bedanken uns herzlich f\u00fcr die Einladung und die spannenden Impulse.<\/p>\n","protected":false},"excerpt":{"rendered":"<p>In der vergangenen Woche war die 12. Bildungskonferenz des Kreises Borken zu Gast im Forum Mariengarden. Dabei kamen Fachkr\u00e4fte aus verschiedensten Bereichen rund um das Thema \u201eBildung\u201c zusammen, um \u00fcber das diesj\u00e4hrige Thema \u201eBleibt alles anders \u2013 Ver\u00e4nderung gestalten\u201c zu diskutieren. Er\u00f6ffnet wurde die Veranstaltung durch eine Gespr\u00e4chsrunde mit Landrat Dr. Kai Zwicker, Stephan Krems &hellip; <a href=\"https:\/\/www.gymnasium-mariengarden.de\/wordpress\/bildungskonferenz\/\" class=\"more-link\"><span class=\"screen-reader-text\">Bildungskonferenz<\/span> weiterlesen <span class=\"meta-nav\">&rarr;<\/span><\/a><\/p>\n","protected":false},"author":27,"featured_media":17031,"comment_status":"closed","ping_status":"closed","sticky":false,"template":"","format":"standard","meta":{"footnotes":""},"categories":[380],"tags":[902,5,904,905],"class_list":["post-17030","post","type-post","status-publish","format-standard","has-post-thumbnail","hentry","category-fortbildung","tag-bildungskonferenz","tag-forum-mariengarden","tag-kreis-borken","tag-reginal"],"yoast_head":"<!-- This site is optimized with the Yoast SEO plugin v27.3 - https:\/\/yoast.com\/product\/yoast-seo-wordpress\/ -->\n<title>Bildungskonferenz - Gymnasium Mariengarden<\/title>\n<meta name=\"description\" content=\"Privates Gymnasium der Oblatenmissionare\" \/>\n<meta name=\"robots\" content=\"index, follow, max-snippet:-1, max-image-preview:large, max-video-preview:-1\" \/>\n<link rel=\"canonical\" href=\"https:\/\/www.gymnasium-mariengarden.de\/wordpress\/bildungskonferenz\/\" \/>\n<meta property=\"og:locale\" content=\"de_DE\" \/>\n<meta property=\"og:type\" content=\"article\" \/>\n<meta property=\"og:title\" content=\"Bildungskonferenz - Gymnasium Mariengarden\" \/>\n<meta property=\"og:description\" content=\"Privates Gymnasium der Oblatenmissionare\" \/>\n<meta property=\"og:url\" content=\"https:\/\/www.gymnasium-mariengarden.de\/wordpress\/bildungskonferenz\/\" \/>\n<meta property=\"og:site_name\" content=\"Gymnasium Mariengarden\" \/>\n<meta property=\"article:publisher\" content=\"https:\/\/www.facebook.com\/groups\/38812342437\/?locale=de_DE\" \/>\n<meta property=\"article:published_time\" content=\"2026-03-26T13:59:08+00:00\" \/>\n<meta property=\"article:modified_time\" content=\"2026-03-26T13:59:09+00:00\" \/>\n<meta property=\"og:image\" content=\"https:\/\/www.gymnasium-mariengarden.de\/wordpress\/wp-content\/uploads\/2026\/03\/DSC07428.jpg\" \/>\n\t<meta property=\"og:image:width\" content=\"1280\" \/>\n\t<meta property=\"og:image:height\" content=\"853\" \/>\n\t<meta property=\"og:image:type\" content=\"image\/jpeg\" \/>\n<meta name=\"author\" content=\"Daniel te Vrugt\" \/>\n<meta name=\"twitter:card\" content=\"summary_large_image\" \/>\n<meta name=\"twitter:label1\" content=\"Verfasst von\" \/>\n\t<meta name=\"twitter:data1\" content=\"Daniel te Vrugt\" \/>\n\t<meta name=\"twitter:label2\" content=\"Gesch\u00e4tzte Lesezeit\" \/>\n\t<meta name=\"twitter:data2\" content=\"2\u00a0Minuten\" \/>\n<script type=\"application\/ld+json\" class=\"yoast-schema-graph\">{\"@context\":\"https:\\\/\\\/schema.org\",\"@graph\":[{\"@type\":\"Article\",\"@id\":\"https:\\\/\\\/www.gymnasium-mariengarden.de\\\/wordpress\\\/bildungskonferenz\\\/#article\",\"isPartOf\":{\"@id\":\"https:\\\/\\\/www.gymnasium-mariengarden.de\\\/wordpress\\\/bildungskonferenz\\\/\"},\"author\":{\"name\":\"Daniel te Vrugt\",\"@id\":\"https:\\\/\\\/www.gymnasium-mariengarden.de\\\/wordpress\\\/#\\\/schema\\\/person\\\/f00e5f476d9c6265e7646e533e54dc89\"},\"headline\":\"Bildungskonferenz\",\"datePublished\":\"2026-03-26T13:59:08+00:00\",\"dateModified\":\"2026-03-26T13:59:09+00:00\",\"mainEntityOfPage\":{\"@id\":\"https:\\\/\\\/www.gymnasium-mariengarden.de\\\/wordpress\\\/bildungskonferenz\\\/\"},\"wordCount\":296,\"image\":{\"@id\":\"https:\\\/\\\/www.gymnasium-mariengarden.de\\\/wordpress\\\/bildungskonferenz\\\/#primaryimage\"},\"thumbnailUrl\":\"https:\\\/\\\/www.gymnasium-mariengarden.de\\\/wordpress\\\/wp-content\\\/uploads\\\/2026\\\/03\\\/DSC07428.jpg\",\"keywords\":[\"Bildungskonferenz\",\"Forum Mariengarden\",\"Kreis Borken\",\"Reginal\"],\"articleSection\":[\"Fortbildung\"],\"inLanguage\":\"de\"},{\"@type\":\"WebPage\",\"@id\":\"https:\\\/\\\/www.gymnasium-mariengarden.de\\\/wordpress\\\/bildungskonferenz\\\/\",\"url\":\"https:\\\/\\\/www.gymnasium-mariengarden.de\\\/wordpress\\\/bildungskonferenz\\\/\",\"name\":\"Bildungskonferenz - Gymnasium Mariengarden\",\"isPartOf\":{\"@id\":\"https:\\\/\\\/www.gymnasium-mariengarden.de\\\/wordpress\\\/#website\"},\"primaryImageOfPage\":{\"@id\":\"https:\\\/\\\/www.gymnasium-mariengarden.de\\\/wordpress\\\/bildungskonferenz\\\/#primaryimage\"},\"image\":{\"@id\":\"https:\\\/\\\/www.gymnasium-mariengarden.de\\\/wordpress\\\/bildungskonferenz\\\/#primaryimage\"},\"thumbnailUrl\":\"https:\\\/\\\/www.gymnasium-mariengarden.de\\\/wordpress\\\/wp-content\\\/uploads\\\/2026\\\/03\\\/DSC07428.jpg\",\"datePublished\":\"2026-03-26T13:59:08+00:00\",\"dateModified\":\"2026-03-26T13:59:09+00:00\",\"author\":{\"@id\":\"https:\\\/\\\/www.gymnasium-mariengarden.de\\\/wordpress\\\/#\\\/schema\\\/person\\\/f00e5f476d9c6265e7646e533e54dc89\"},\"description\":\"Privates Gymnasium der Oblatenmissionare\",\"breadcrumb\":{\"@id\":\"https:\\\/\\\/www.gymnasium-mariengarden.de\\\/wordpress\\\/bildungskonferenz\\\/#breadcrumb\"},\"inLanguage\":\"de\",\"potentialAction\":[{\"@type\":\"ReadAction\",\"target\":[\"https:\\\/\\\/www.gymnasium-mariengarden.de\\\/wordpress\\\/bildungskonferenz\\\/\"]}]},{\"@type\":\"ImageObject\",\"inLanguage\":\"de\",\"@id\":\"https:\\\/\\\/www.gymnasium-mariengarden.de\\\/wordpress\\\/bildungskonferenz\\\/#primaryimage\",\"url\":\"https:\\\/\\\/www.gymnasium-mariengarden.de\\\/wordpress\\\/wp-content\\\/uploads\\\/2026\\\/03\\\/DSC07428.jpg\",\"contentUrl\":\"https:\\\/\\\/www.gymnasium-mariengarden.de\\\/wordpress\\\/wp-content\\\/uploads\\\/2026\\\/03\\\/DSC07428.jpg\",\"width\":1280,\"height\":853},{\"@type\":\"BreadcrumbList\",\"@id\":\"https:\\\/\\\/www.gymnasium-mariengarden.de\\\/wordpress\\\/bildungskonferenz\\\/#breadcrumb\",\"itemListElement\":[{\"@type\":\"ListItem\",\"position\":1,\"name\":\"Startseite\",\"item\":\"https:\\\/\\\/www.gymnasium-mariengarden.de\\\/wordpress\\\/\"},{\"@type\":\"ListItem\",\"position\":2,\"name\":\"Bildungskonferenz\"}]},{\"@type\":\"WebSite\",\"@id\":\"https:\\\/\\\/www.gymnasium-mariengarden.de\\\/wordpress\\\/#website\",\"url\":\"https:\\\/\\\/www.gymnasium-mariengarden.de\\\/wordpress\\\/\",\"name\":\"Gymnasium Mariengarden\",\"description\":\"Privates Gymnasium der Oblatenmissionare\",\"alternateName\":\"Gymnasium Mariengarden Borken-Burlo\",\"potentialAction\":[{\"@type\":\"SearchAction\",\"target\":{\"@type\":\"EntryPoint\",\"urlTemplate\":\"https:\\\/\\\/www.gymnasium-mariengarden.de\\\/wordpress\\\/?s={search_term_string}\"},\"query-input\":{\"@type\":\"PropertyValueSpecification\",\"valueRequired\":true,\"valueName\":\"search_term_string\"}}],\"inLanguage\":\"de\"},{\"@type\":\"Person\",\"@id\":\"https:\\\/\\\/www.gymnasium-mariengarden.de\\\/wordpress\\\/#\\\/schema\\\/person\\\/f00e5f476d9c6265e7646e533e54dc89\",\"name\":\"Daniel te Vrugt\",\"url\":\"https:\\\/\\\/www.gymnasium-mariengarden.de\\\/wordpress\\\/author\\\/d-te-vrugt\\\/\"}]}<\/script>\n<!-- \/ Yoast SEO plugin. -->","yoast_head_json":{"title":"Bildungskonferenz - Gymnasium Mariengarden","description":"Privates Gymnasium der Oblatenmissionare","robots":{"index":"index","follow":"follow","max-snippet":"max-snippet:-1","max-image-preview":"max-image-preview:large","max-video-preview":"max-video-preview:-1"},"canonical":"https:\/\/www.gymnasium-mariengarden.de\/wordpress\/bildungskonferenz\/","og_locale":"de_DE","og_type":"article","og_title":"Bildungskonferenz - Gymnasium Mariengarden","og_description":"Privates Gymnasium der Oblatenmissionare","og_url":"https:\/\/www.gymnasium-mariengarden.de\/wordpress\/bildungskonferenz\/","og_site_name":"Gymnasium Mariengarden","article_publisher":"https:\/\/www.facebook.com\/groups\/38812342437\/?locale=de_DE","article_published_time":"2026-03-26T13:59:08+00:00","article_modified_time":"2026-03-26T13:59:09+00:00","og_image":[{"width":1280,"height":853,"url":"https:\/\/www.gymnasium-mariengarden.de\/wordpress\/wp-content\/uploads\/2026\/03\/DSC07428.jpg","type":"image\/jpeg"}],"author":"Daniel te Vrugt","twitter_card":"summary_large_image","twitter_misc":{"Verfasst von":"Daniel te Vrugt","Gesch\u00e4tzte Lesezeit":"2\u00a0Minuten"},"schema":{"@context":"https:\/\/schema.org","@graph":[{"@type":"Article","@id":"https:\/\/www.gymnasium-mariengarden.de\/wordpress\/bildungskonferenz\/#article","isPartOf":{"@id":"https:\/\/www.gymnasium-mariengarden.de\/wordpress\/bildungskonferenz\/"},"author":{"name":"Daniel te Vrugt","@id":"https:\/\/www.gymnasium-mariengarden.de\/wordpress\/#\/schema\/person\/f00e5f476d9c6265e7646e533e54dc89"},"headline":"Bildungskonferenz","datePublished":"2026-03-26T13:59:08+00:00","dateModified":"2026-03-26T13:59:09+00:00","mainEntityOfPage":{"@id":"https:\/\/www.gymnasium-mariengarden.de\/wordpress\/bildungskonferenz\/"},"wordCount":296,"image":{"@id":"https:\/\/www.gymnasium-mariengarden.de\/wordpress\/bildungskonferenz\/#primaryimage"},"thumbnailUrl":"https:\/\/www.gymnasium-mariengarden.de\/wordpress\/wp-content\/uploads\/2026\/03\/DSC07428.jpg","keywords":["Bildungskonferenz","Forum Mariengarden","Kreis Borken","Reginal"],"articleSection":["Fortbildung"],"inLanguage":"de"},{"@type":"WebPage","@id":"https:\/\/www.gymnasium-mariengarden.de\/wordpress\/bildungskonferenz\/","url":"https:\/\/www.gymnasium-mariengarden.de\/wordpress\/bildungskonferenz\/","name":"Bildungskonferenz - Gymnasium Mariengarden","isPartOf":{"@id":"https:\/\/www.gymnasium-mariengarden.de\/wordpress\/#website"},"primaryImageOfPage":{"@id":"https:\/\/www.gymnasium-mariengarden.de\/wordpress\/bildungskonferenz\/#primaryimage"},"image":{"@id":"https:\/\/www.gymnasium-mariengarden.de\/wordpress\/bildungskonferenz\/#primaryimage"},"thumbnailUrl":"https:\/\/www.gymnasium-mariengarden.de\/wordpress\/wp-content\/uploads\/2026\/03\/DSC07428.jpg","datePublished":"2026-03-26T13:59:08+00:00","dateModified":"2026-03-26T13:59:09+00:00","author":{"@id":"https:\/\/www.gymnasium-mariengarden.de\/wordpress\/#\/schema\/person\/f00e5f476d9c6265e7646e533e54dc89"},"description":"Privates Gymnasium der Oblatenmissionare","breadcrumb":{"@id":"https:\/\/www.gymnasium-mariengarden.de\/wordpress\/bildungskonferenz\/#breadcrumb"},"inLanguage":"de","potentialAction":[{"@type":"ReadAction","target":["https:\/\/www.gymnasium-mariengarden.de\/wordpress\/bildungskonferenz\/"]}]},{"@type":"ImageObject","inLanguage":"de","@id":"https:\/\/www.gymnasium-mariengarden.de\/wordpress\/bildungskonferenz\/#primaryimage","url":"https:\/\/www.gymnasium-mariengarden.de\/wordpress\/wp-content\/uploads\/2026\/03\/DSC07428.jpg","contentUrl":"https:\/\/www.gymnasium-mariengarden.de\/wordpress\/wp-content\/uploads\/2026\/03\/DSC07428.jpg","width":1280,"height":853},{"@type":"BreadcrumbList","@id":"https:\/\/www.gymnasium-mariengarden.de\/wordpress\/bildungskonferenz\/#breadcrumb","itemListElement":[{"@type":"ListItem","position":1,"name":"Startseite","item":"https:\/\/www.gymnasium-mariengarden.de\/wordpress\/"},{"@type":"ListItem","position":2,"name":"Bildungskonferenz"}]},{"@type":"WebSite","@id":"https:\/\/www.gymnasium-mariengarden.de\/wordpress\/#website","url":"https:\/\/www.gymnasium-mariengarden.de\/wordpress\/","name":"Gymnasium Mariengarden","description":"Privates Gymnasium der Oblatenmissionare","alternateName":"Gymnasium Mariengarden Borken-Burlo","potentialAction":[{"@type":"SearchAction","target":{"@type":"EntryPoint","urlTemplate":"https:\/\/www.gymnasium-mariengarden.de\/wordpress\/?s={search_term_string}"},"query-input":{"@type":"PropertyValueSpecification","valueRequired":true,"valueName":"search_term_string"}}],"inLanguage":"de"},{"@type":"Person","@id":"https:\/\/www.gymnasium-mariengarden.de\/wordpress\/#\/schema\/person\/f00e5f476d9c6265e7646e533e54dc89","name":"Daniel te Vrugt","url":"https:\/\/www.gymnasium-mariengarden.de\/wordpress\/author\/d-te-vrugt\/"}]}},"_links":{"self":[{"href":"https:\/\/www.gymnasium-mariengarden.de\/wordpress\/wp-json\/wp\/v2\/posts\/17030","targetHints":{"allow":["GET"]}}],"collection":[{"href":"https:\/\/www.gymnasium-mariengarden.de\/wordpress\/wp-json\/wp\/v2\/posts"}],"about":[{"href":"https:\/\/www.gymnasium-mariengarden.de\/wordpress\/wp-json\/wp\/v2\/types\/post"}],"author":[{"embeddable":true,"href":"https:\/\/www.gymnasium-mariengarden.de\/wordpress\/wp-json\/wp\/v2\/users\/27"}],"replies":[{"embeddable":true,"href":"https:\/\/www.gymnasium-mariengarden.de\/wordpress\/wp-json\/wp\/v2\/comments?post=17030"}],"version-history":[{"count":2,"href":"https:\/\/www.gymnasium-mariengarden.de\/wordpress\/wp-json\/wp\/v2\/posts\/17030\/revisions"}],"predecessor-version":[{"id":17035,"href":"https:\/\/www.gymnasium-mariengarden.de\/wordpress\/wp-json\/wp\/v2\/posts\/17030\/revisions\/17035"}],"wp:featuredmedia":[{"embeddable":true,"href":"https:\/\/www.gymnasium-mariengarden.de\/wordpress\/wp-json\/wp\/v2\/media\/17031"}],"wp:attachment":[{"href":"https:\/\/www.gymnasium-mariengarden.de\/wordpress\/wp-json\/wp\/v2\/media?parent=17030"}],"wp:term":[{"taxonomy":"category","embeddable":true,"href":"https:\/\/www.gymnasium-mariengarden.de\/wordpress\/wp-json\/wp\/v2\/categories?post=17030"},{"taxonomy":"post_tag","embeddable":true,"href":"https:\/\/www.gymnasium-mariengarden.de\/wordpress\/wp-json\/wp\/v2\/tags?post=17030"}],"curies":[{"name":"wp","href":"https:\/\/api.w.org\/{rel}","templated":true}]}}