{"id":17009,"date":"2026-03-16T12:27:30","date_gmt":"2026-03-16T11:27:30","guid":{"rendered":"https:\/\/www.gymnasium-mariengarden.de\/wordpress\/?p=17009"},"modified":"2026-03-16T12:29:38","modified_gmt":"2026-03-16T11:29:38","slug":"erfolgreich-bei-delf","status":"publish","type":"post","link":"https:\/\/www.gymnasium-mariengarden.de\/wordpress\/erfolgreich-bei-delf\/","title":{"rendered":"Erfolgreich bei DELF"},"content":{"rendered":"\n<p>Gro\u00dfe Freude in der DELF-AG unserer Schule: Sieben engagierte Sch\u00fclerinnen und Sch\u00fcler haben in diesem Schuljahr erfolgreich an der DELF-AG teilgenommen und die international anerkannte Sprachpr\u00fcfung auf dem Niveau A2 mit sehr guten Ergebnissen bestanden.<\/p>\n\n\n\n<p><\/p>\n\n\n\n<p>Lisa Verrieth und Elena Tubes, zwei Teilnehmerinnen, berichten \u00fcber ihre Erfahrungen mit der Pr\u00fcfung:<\/p>\n\n\n\n<p>\u201eUm erst einmal DELF zu erkl\u00e4ren: Es handelt sich hierbei um eine franz\u00f6sische Pr\u00fcfung, welche sechs Stufen umfasst, die bew\u00e4ltigt werden k\u00f6nnen, wobei diese von Mal zu Mal schwieriger werden. Diese Pr\u00fcfung besteht aus insgesamt vier Pr\u00fcfungsbereichen: Lese- und H\u00f6rverstehen, einem Schreibtext und einer m\u00fcndlichen Pr\u00fcfung.<\/p>\n\n\n\n<!--more-->\n\n\n\n<p>Es ist schon ziemlich aufregend bei dieser Pr\u00fcfung mitzumachen, aber trotzdem hat es viel Spa\u00df gemacht. Wir haben uns gut darauf vorbereitet, indem wir uns jeden Mittwoch in der f\u00fcnften Stunde getroffen haben, um mit Vokabel-Mindmaps, Arbeitsbl\u00e4ttern, H\u00f6rverstehensaufgaben und gemeinsamen Gespr\u00e4chen zu \u00fcben.<\/p>\n\n\n\n<p>F\u00fcr die m\u00fcndliche Pr\u00fcfung haben wir uns in M\u00fcnster getroffen. Nach einer 10-min\u00fctigen Vorbereitungszeit ging es endlich los und wir wurden zu unseren Pr\u00fcferinnen und Pr\u00fcfern gef\u00fchrt, um mit ihnen zu sprechen und unsere Aufgaben zu erf\u00fcllen. Den schriftlichen Teil der Pr\u00fcfung haben wir am darauffolgenden Wochenende in der Schule bearbeitet.\u201c<\/p>\n\n\n\n<p>Nun sind die Ergebnisse da \u2013 und sie k\u00f6nnen sich wirklich sehen lassen: <strong>Alle sieben Sch\u00fclerinnen und Sch\u00fcler haben die Pr\u00fcfung sehr erfolgreich bestanden.<\/strong> Besonders hervorzuheben ist ein Sch\u00fcler, Fiete B\u00fcsken, der in <strong>allen Pr\u00fcfungsbereichen die volle Punktzahl<\/strong> erreichen konnte \u2013 eine au\u00dfergew\u00f6hnliche Leistung. Dar\u00fcber hinaus erzielten <strong>f\u00fcnf Sch\u00fclerinnen und Sch\u00fcler in der m\u00fcndlichen Pr\u00fcfung ebenfalls die maximale Punktzahl<\/strong>. Dieses Ergebnis zeigt eindrucksvoll, dass sie sich auch in franz\u00f6sischsprachigen L\u00e4ndern sicher und kompetent verst\u00e4ndigen k\u00f6nnen.<\/p>\n\n\n\n<p>F\u00e9licitations an unsere erfolgreichen Kandidatinnen und Kandidaten!<\/p>\n","protected":false},"excerpt":{"rendered":"<p>Gro\u00dfe Freude in der DELF-AG unserer Schule: Sieben engagierte Sch\u00fclerinnen und Sch\u00fcler haben in diesem Schuljahr erfolgreich an der DELF-AG teilgenommen und die international anerkannte Sprachpr\u00fcfung auf dem Niveau A2 mit sehr guten Ergebnissen bestanden. Lisa Verrieth und Elena Tubes, zwei Teilnehmerinnen, berichten \u00fcber ihre Erfahrungen mit der Pr\u00fcfung: \u201eUm erst einmal DELF zu erkl\u00e4ren: &hellip; <a href=\"https:\/\/www.gymnasium-mariengarden.de\/wordpress\/erfolgreich-bei-delf\/\" class=\"more-link\"><span class=\"screen-reader-text\">Erfolgreich bei DELF<\/span> weiterlesen <span class=\"meta-nav\">&rarr;<\/span><\/a><\/p>\n","protected":false},"author":4,"featured_media":17010,"comment_status":"closed","ping_status":"closed","sticky":false,"template":"","format":"standard","meta":{"footnotes":""},"categories":[1],"tags":[],"class_list":["post-17009","post","type-post","status-publish","format-standard","has-post-thumbnail","hentry","category-allgemein"],"yoast_head":"<!-- This site is optimized with the Yoast SEO plugin v27.3 - https:\/\/yoast.com\/product\/yoast-seo-wordpress\/ -->\n<title>Erfolgreich bei DELF - Gymnasium Mariengarden<\/title>\n<meta name=\"description\" content=\"Privates Gymnasium der Oblatenmissionare\" \/>\n<meta name=\"robots\" content=\"index, follow, max-snippet:-1, max-image-preview:large, max-video-preview:-1\" \/>\n<link rel=\"canonical\" href=\"https:\/\/www.gymnasium-mariengarden.de\/wordpress\/erfolgreich-bei-delf\/\" \/>\n<meta property=\"og:locale\" content=\"de_DE\" \/>\n<meta property=\"og:type\" content=\"article\" \/>\n<meta property=\"og:title\" content=\"Erfolgreich bei DELF - Gymnasium Mariengarden\" \/>\n<meta property=\"og:description\" content=\"Privates Gymnasium der Oblatenmissionare\" \/>\n<meta property=\"og:url\" content=\"https:\/\/www.gymnasium-mariengarden.de\/wordpress\/erfolgreich-bei-delf\/\" \/>\n<meta property=\"og:site_name\" content=\"Gymnasium Mariengarden\" \/>\n<meta property=\"article:publisher\" content=\"https:\/\/www.facebook.com\/groups\/38812342437\/?locale=de_DE\" \/>\n<meta property=\"article:published_time\" content=\"2026-03-16T11:27:30+00:00\" \/>\n<meta property=\"article:modified_time\" content=\"2026-03-16T11:29:38+00:00\" \/>\n<meta property=\"og:image\" content=\"https:\/\/www.gymnasium-mariengarden.de\/wordpress\/wp-content\/uploads\/2026\/03\/Screenshot-2026-03-16-122821.png\" \/>\n\t<meta property=\"og:image:width\" content=\"574\" \/>\n\t<meta property=\"og:image:height\" content=\"426\" \/>\n\t<meta property=\"og:image:type\" content=\"image\/png\" \/>\n<meta name=\"author\" content=\"Christian Ertner\" \/>\n<meta name=\"twitter:card\" content=\"summary_large_image\" \/>\n<meta name=\"twitter:label1\" content=\"Verfasst von\" \/>\n\t<meta name=\"twitter:data1\" content=\"Christian Ertner\" \/>\n\t<meta name=\"twitter:label2\" content=\"Gesch\u00e4tzte Lesezeit\" \/>\n\t<meta name=\"twitter:data2\" content=\"2\u00a0Minuten\" \/>\n<script type=\"application\/ld+json\" class=\"yoast-schema-graph\">{\"@context\":\"https:\\\/\\\/schema.org\",\"@graph\":[{\"@type\":\"Article\",\"@id\":\"https:\\\/\\\/www.gymnasium-mariengarden.de\\\/wordpress\\\/erfolgreich-bei-delf\\\/#article\",\"isPartOf\":{\"@id\":\"https:\\\/\\\/www.gymnasium-mariengarden.de\\\/wordpress\\\/erfolgreich-bei-delf\\\/\"},\"author\":{\"name\":\"Christian Ertner\",\"@id\":\"https:\\\/\\\/www.gymnasium-mariengarden.de\\\/wordpress\\\/#\\\/schema\\\/person\\\/df224558fcbf911ac239111da1ac985d\"},\"headline\":\"Erfolgreich bei DELF\",\"datePublished\":\"2026-03-16T11:27:30+00:00\",\"dateModified\":\"2026-03-16T11:29:38+00:00\",\"mainEntityOfPage\":{\"@id\":\"https:\\\/\\\/www.gymnasium-mariengarden.de\\\/wordpress\\\/erfolgreich-bei-delf\\\/\"},\"wordCount\":322,\"image\":{\"@id\":\"https:\\\/\\\/www.gymnasium-mariengarden.de\\\/wordpress\\\/erfolgreich-bei-delf\\\/#primaryimage\"},\"thumbnailUrl\":\"https:\\\/\\\/www.gymnasium-mariengarden.de\\\/wordpress\\\/wp-content\\\/uploads\\\/2026\\\/03\\\/Screenshot-2026-03-16-122821.png\",\"inLanguage\":\"de\"},{\"@type\":\"WebPage\",\"@id\":\"https:\\\/\\\/www.gymnasium-mariengarden.de\\\/wordpress\\\/erfolgreich-bei-delf\\\/\",\"url\":\"https:\\\/\\\/www.gymnasium-mariengarden.de\\\/wordpress\\\/erfolgreich-bei-delf\\\/\",\"name\":\"Erfolgreich bei DELF - Gymnasium Mariengarden\",\"isPartOf\":{\"@id\":\"https:\\\/\\\/www.gymnasium-mariengarden.de\\\/wordpress\\\/#website\"},\"primaryImageOfPage\":{\"@id\":\"https:\\\/\\\/www.gymnasium-mariengarden.de\\\/wordpress\\\/erfolgreich-bei-delf\\\/#primaryimage\"},\"image\":{\"@id\":\"https:\\\/\\\/www.gymnasium-mariengarden.de\\\/wordpress\\\/erfolgreich-bei-delf\\\/#primaryimage\"},\"thumbnailUrl\":\"https:\\\/\\\/www.gymnasium-mariengarden.de\\\/wordpress\\\/wp-content\\\/uploads\\\/2026\\\/03\\\/Screenshot-2026-03-16-122821.png\",\"datePublished\":\"2026-03-16T11:27:30+00:00\",\"dateModified\":\"2026-03-16T11:29:38+00:00\",\"author\":{\"@id\":\"https:\\\/\\\/www.gymnasium-mariengarden.de\\\/wordpress\\\/#\\\/schema\\\/person\\\/df224558fcbf911ac239111da1ac985d\"},\"description\":\"Privates Gymnasium der Oblatenmissionare\",\"breadcrumb\":{\"@id\":\"https:\\\/\\\/www.gymnasium-mariengarden.de\\\/wordpress\\\/erfolgreich-bei-delf\\\/#breadcrumb\"},\"inLanguage\":\"de\",\"potentialAction\":[{\"@type\":\"ReadAction\",\"target\":[\"https:\\\/\\\/www.gymnasium-mariengarden.de\\\/wordpress\\\/erfolgreich-bei-delf\\\/\"]}]},{\"@type\":\"ImageObject\",\"inLanguage\":\"de\",\"@id\":\"https:\\\/\\\/www.gymnasium-mariengarden.de\\\/wordpress\\\/erfolgreich-bei-delf\\\/#primaryimage\",\"url\":\"https:\\\/\\\/www.gymnasium-mariengarden.de\\\/wordpress\\\/wp-content\\\/uploads\\\/2026\\\/03\\\/Screenshot-2026-03-16-122821.png\",\"contentUrl\":\"https:\\\/\\\/www.gymnasium-mariengarden.de\\\/wordpress\\\/wp-content\\\/uploads\\\/2026\\\/03\\\/Screenshot-2026-03-16-122821.png\",\"width\":574,\"height\":426},{\"@type\":\"BreadcrumbList\",\"@id\":\"https:\\\/\\\/www.gymnasium-mariengarden.de\\\/wordpress\\\/erfolgreich-bei-delf\\\/#breadcrumb\",\"itemListElement\":[{\"@type\":\"ListItem\",\"position\":1,\"name\":\"Startseite\",\"item\":\"https:\\\/\\\/www.gymnasium-mariengarden.de\\\/wordpress\\\/\"},{\"@type\":\"ListItem\",\"position\":2,\"name\":\"Erfolgreich bei DELF\"}]},{\"@type\":\"WebSite\",\"@id\":\"https:\\\/\\\/www.gymnasium-mariengarden.de\\\/wordpress\\\/#website\",\"url\":\"https:\\\/\\\/www.gymnasium-mariengarden.de\\\/wordpress\\\/\",\"name\":\"Gymnasium Mariengarden\",\"description\":\"Privates Gymnasium der Oblatenmissionare\",\"alternateName\":\"Gymnasium Mariengarden Borken-Burlo\",\"potentialAction\":[{\"@type\":\"SearchAction\",\"target\":{\"@type\":\"EntryPoint\",\"urlTemplate\":\"https:\\\/\\\/www.gymnasium-mariengarden.de\\\/wordpress\\\/?s={search_term_string}\"},\"query-input\":{\"@type\":\"PropertyValueSpecification\",\"valueRequired\":true,\"valueName\":\"search_term_string\"}}],\"inLanguage\":\"de\"},{\"@type\":\"Person\",\"@id\":\"https:\\\/\\\/www.gymnasium-mariengarden.de\\\/wordpress\\\/#\\\/schema\\\/person\\\/df224558fcbf911ac239111da1ac985d\",\"name\":\"Christian Ertner\",\"url\":\"https:\\\/\\\/www.gymnasium-mariengarden.de\\\/wordpress\\\/author\\\/c-ertner\\\/\"}]}<\/script>\n<!-- \/ Yoast SEO plugin. -->","yoast_head_json":{"title":"Erfolgreich bei DELF - Gymnasium Mariengarden","description":"Privates Gymnasium der Oblatenmissionare","robots":{"index":"index","follow":"follow","max-snippet":"max-snippet:-1","max-image-preview":"max-image-preview:large","max-video-preview":"max-video-preview:-1"},"canonical":"https:\/\/www.gymnasium-mariengarden.de\/wordpress\/erfolgreich-bei-delf\/","og_locale":"de_DE","og_type":"article","og_title":"Erfolgreich bei DELF - Gymnasium Mariengarden","og_description":"Privates Gymnasium der Oblatenmissionare","og_url":"https:\/\/www.gymnasium-mariengarden.de\/wordpress\/erfolgreich-bei-delf\/","og_site_name":"Gymnasium Mariengarden","article_publisher":"https:\/\/www.facebook.com\/groups\/38812342437\/?locale=de_DE","article_published_time":"2026-03-16T11:27:30+00:00","article_modified_time":"2026-03-16T11:29:38+00:00","og_image":[{"width":574,"height":426,"url":"https:\/\/www.gymnasium-mariengarden.de\/wordpress\/wp-content\/uploads\/2026\/03\/Screenshot-2026-03-16-122821.png","type":"image\/png"}],"author":"Christian Ertner","twitter_card":"summary_large_image","twitter_misc":{"Verfasst von":"Christian Ertner","Gesch\u00e4tzte Lesezeit":"2\u00a0Minuten"},"schema":{"@context":"https:\/\/schema.org","@graph":[{"@type":"Article","@id":"https:\/\/www.gymnasium-mariengarden.de\/wordpress\/erfolgreich-bei-delf\/#article","isPartOf":{"@id":"https:\/\/www.gymnasium-mariengarden.de\/wordpress\/erfolgreich-bei-delf\/"},"author":{"name":"Christian Ertner","@id":"https:\/\/www.gymnasium-mariengarden.de\/wordpress\/#\/schema\/person\/df224558fcbf911ac239111da1ac985d"},"headline":"Erfolgreich bei DELF","datePublished":"2026-03-16T11:27:30+00:00","dateModified":"2026-03-16T11:29:38+00:00","mainEntityOfPage":{"@id":"https:\/\/www.gymnasium-mariengarden.de\/wordpress\/erfolgreich-bei-delf\/"},"wordCount":322,"image":{"@id":"https:\/\/www.gymnasium-mariengarden.de\/wordpress\/erfolgreich-bei-delf\/#primaryimage"},"thumbnailUrl":"https:\/\/www.gymnasium-mariengarden.de\/wordpress\/wp-content\/uploads\/2026\/03\/Screenshot-2026-03-16-122821.png","inLanguage":"de"},{"@type":"WebPage","@id":"https:\/\/www.gymnasium-mariengarden.de\/wordpress\/erfolgreich-bei-delf\/","url":"https:\/\/www.gymnasium-mariengarden.de\/wordpress\/erfolgreich-bei-delf\/","name":"Erfolgreich bei DELF - Gymnasium Mariengarden","isPartOf":{"@id":"https:\/\/www.gymnasium-mariengarden.de\/wordpress\/#website"},"primaryImageOfPage":{"@id":"https:\/\/www.gymnasium-mariengarden.de\/wordpress\/erfolgreich-bei-delf\/#primaryimage"},"image":{"@id":"https:\/\/www.gymnasium-mariengarden.de\/wordpress\/erfolgreich-bei-delf\/#primaryimage"},"thumbnailUrl":"https:\/\/www.gymnasium-mariengarden.de\/wordpress\/wp-content\/uploads\/2026\/03\/Screenshot-2026-03-16-122821.png","datePublished":"2026-03-16T11:27:30+00:00","dateModified":"2026-03-16T11:29:38+00:00","author":{"@id":"https:\/\/www.gymnasium-mariengarden.de\/wordpress\/#\/schema\/person\/df224558fcbf911ac239111da1ac985d"},"description":"Privates Gymnasium der Oblatenmissionare","breadcrumb":{"@id":"https:\/\/www.gymnasium-mariengarden.de\/wordpress\/erfolgreich-bei-delf\/#breadcrumb"},"inLanguage":"de","potentialAction":[{"@type":"ReadAction","target":["https:\/\/www.gymnasium-mariengarden.de\/wordpress\/erfolgreich-bei-delf\/"]}]},{"@type":"ImageObject","inLanguage":"de","@id":"https:\/\/www.gymnasium-mariengarden.de\/wordpress\/erfolgreich-bei-delf\/#primaryimage","url":"https:\/\/www.gymnasium-mariengarden.de\/wordpress\/wp-content\/uploads\/2026\/03\/Screenshot-2026-03-16-122821.png","contentUrl":"https:\/\/www.gymnasium-mariengarden.de\/wordpress\/wp-content\/uploads\/2026\/03\/Screenshot-2026-03-16-122821.png","width":574,"height":426},{"@type":"BreadcrumbList","@id":"https:\/\/www.gymnasium-mariengarden.de\/wordpress\/erfolgreich-bei-delf\/#breadcrumb","itemListElement":[{"@type":"ListItem","position":1,"name":"Startseite","item":"https:\/\/www.gymnasium-mariengarden.de\/wordpress\/"},{"@type":"ListItem","position":2,"name":"Erfolgreich bei DELF"}]},{"@type":"WebSite","@id":"https:\/\/www.gymnasium-mariengarden.de\/wordpress\/#website","url":"https:\/\/www.gymnasium-mariengarden.de\/wordpress\/","name":"Gymnasium Mariengarden","description":"Privates Gymnasium der Oblatenmissionare","alternateName":"Gymnasium Mariengarden Borken-Burlo","potentialAction":[{"@type":"SearchAction","target":{"@type":"EntryPoint","urlTemplate":"https:\/\/www.gymnasium-mariengarden.de\/wordpress\/?s={search_term_string}"},"query-input":{"@type":"PropertyValueSpecification","valueRequired":true,"valueName":"search_term_string"}}],"inLanguage":"de"},{"@type":"Person","@id":"https:\/\/www.gymnasium-mariengarden.de\/wordpress\/#\/schema\/person\/df224558fcbf911ac239111da1ac985d","name":"Christian Ertner","url":"https:\/\/www.gymnasium-mariengarden.de\/wordpress\/author\/c-ertner\/"}]}},"_links":{"self":[{"href":"https:\/\/www.gymnasium-mariengarden.de\/wordpress\/wp-json\/wp\/v2\/posts\/17009","targetHints":{"allow":["GET"]}}],"collection":[{"href":"https:\/\/www.gymnasium-mariengarden.de\/wordpress\/wp-json\/wp\/v2\/posts"}],"about":[{"href":"https:\/\/www.gymnasium-mariengarden.de\/wordpress\/wp-json\/wp\/v2\/types\/post"}],"author":[{"embeddable":true,"href":"https:\/\/www.gymnasium-mariengarden.de\/wordpress\/wp-json\/wp\/v2\/users\/4"}],"replies":[{"embeddable":true,"href":"https:\/\/www.gymnasium-mariengarden.de\/wordpress\/wp-json\/wp\/v2\/comments?post=17009"}],"version-history":[{"count":3,"href":"https:\/\/www.gymnasium-mariengarden.de\/wordpress\/wp-json\/wp\/v2\/posts\/17009\/revisions"}],"predecessor-version":[{"id":17014,"href":"https:\/\/www.gymnasium-mariengarden.de\/wordpress\/wp-json\/wp\/v2\/posts\/17009\/revisions\/17014"}],"wp:featuredmedia":[{"embeddable":true,"href":"https:\/\/www.gymnasium-mariengarden.de\/wordpress\/wp-json\/wp\/v2\/media\/17010"}],"wp:attachment":[{"href":"https:\/\/www.gymnasium-mariengarden.de\/wordpress\/wp-json\/wp\/v2\/media?parent=17009"}],"wp:term":[{"taxonomy":"category","embeddable":true,"href":"https:\/\/www.gymnasium-mariengarden.de\/wordpress\/wp-json\/wp\/v2\/categories?post=17009"},{"taxonomy":"post_tag","embeddable":true,"href":"https:\/\/www.gymnasium-mariengarden.de\/wordpress\/wp-json\/wp\/v2\/tags?post=17009"}],"curies":[{"name":"wp","href":"https:\/\/api.w.org\/{rel}","templated":true}]}}