{"id":16951,"date":"2026-03-02T11:57:16","date_gmt":"2026-03-02T10:57:16","guid":{"rendered":"https:\/\/www.gymnasium-mariengarden.de\/wordpress\/?p=16951"},"modified":"2026-03-02T11:58:38","modified_gmt":"2026-03-02T10:58:38","slug":"zu-besuch-im-juedischen-museum","status":"publish","type":"post","link":"https:\/\/www.gymnasium-mariengarden.de\/wordpress\/zu-besuch-im-juedischen-museum\/","title":{"rendered":"Zu Besuch im J\u00fcdischen Museum"},"content":{"rendered":"\n<p>Im Geschichtsunterricht der Mittelstufe setzen sich Sch\u00fclerinnen und Sch\u00fcler mit der Ausgrenzung, Verfolgung und Ermordung j\u00fcdischer Mitmenschen in der Zeit des Nationalsozialismus auseinander. Um die Bedeutung von Antisemitismus und anderen Formen von gruppenbezogener Menschenfeindlichkeit auch lokal nachvollziehen zu k\u00f6nnen, unternehmen die 10. Klassen zu Beginn des neuen Jahres eine Gedenkst\u00e4ttenfahrt zu einem Ort, an dem an die Opfer des Nationalsozialismus erinnert wird.<\/p>\n\n\n\n<figure class=\"wp-block-image size-large\"><img loading=\"lazy\" decoding=\"async\" width=\"1024\" height=\"768\" src=\"https:\/\/www.gymnasium-mariengarden.de\/wordpress\/wp-content\/uploads\/2026\/03\/IMG_7102-1024x768.jpeg\" alt=\"\" class=\"wp-image-16953\" srcset=\"https:\/\/www.gymnasium-mariengarden.de\/wordpress\/wp-content\/uploads\/2026\/03\/IMG_7102-1024x768.jpeg 1024w, https:\/\/www.gymnasium-mariengarden.de\/wordpress\/wp-content\/uploads\/2026\/03\/IMG_7102-300x225.jpeg 300w, https:\/\/www.gymnasium-mariengarden.de\/wordpress\/wp-content\/uploads\/2026\/03\/IMG_7102-768x576.jpeg 768w, https:\/\/www.gymnasium-mariengarden.de\/wordpress\/wp-content\/uploads\/2026\/03\/IMG_7102-1536x1152.jpeg 1536w, https:\/\/www.gymnasium-mariengarden.de\/wordpress\/wp-content\/uploads\/2026\/03\/IMG_7102-2048x1536.jpeg 2048w\" sizes=\"auto, (max-width: 1024px) 100vw, 1024px\" \/><\/figure>\n\n\n\n<!--more-->\n\n\n\n<p>In diesem Jahr f\u00fchrte die Exkursion nach Dorsten zum J\u00fcdischen Museum Westfalen. Dort hatte das Team der Museumsp\u00e4dagogik ein mehrteiliges Programm f\u00fcr die Geschichtskurse vorbereitet. Bei einer F\u00fchrung durch die Dauerausstellung lernten die Sch\u00fclerinnen und Sch\u00fcler verschiedene Aspekte des Judentums kennen. Unter dem Motto \u00bbL\u2019Chaim! \u2013 Auf das Leben!\u00ab zeigt das Museum dort die vielf\u00e4ltige Geschichte und Tradition des Judentums in Deutschland \u2013 und auch speziell in Westfalen. Anhand von Exponaten wie einer Tora-Rolle gaben die Mitarbeiterinnen und Mitarbeiter des Museums den Besuchern spannende Einblicke in die j\u00fcdische Religion und Kultur. Dabei ging die Ausstellung auch auf die Lebenswege j\u00fcdischer Menschen und ihre Verankerung in der Region ein. Viele j\u00fcdische Westfalen engagierten sich bis 1933 in ihrem Dorf, ihrer Nachbarschaft oder in Vereinen. Auch dieser Aspekt wurde anhand der Exponate deutlich: So zeigte das Museum die K\u00f6nigsplakette des j\u00fcdischen Viehh\u00e4ndlers Leeser Landau aus Ramsdorf, der im Verein St. Walburgis Sch\u00fctzenk\u00f6nig wurde.<\/p>\n\n\n\n<p>Neben der Vielfalt der j\u00fcdischen Kultur und Geschichte zeigte die Ausstellung jedoch auch die Verfolgung und Ausgrenzung, denen J\u00fcdinnen und Juden auch in Westfalen zur Zeit des Nationalsozialismus ausgesetzt waren und die schlie\u00dflich in die Schoah f\u00fchrten \u2013 den V\u00f6lkermord an sechs Millionen europ\u00e4ischen Juden. Die Bedeutung der Diskriminierung und Verfolgung wurde dabei auch in mehreren Workshops greifbarer gemacht. So ermittelten die Sch\u00fclerinnen und Sch\u00fcler, wie sich die \u00fcber 2.000 antij\u00fcdischen Gesetze auf einen \u201enormalen Tag\u201c im Leben eines Jugendlichen auswirken w\u00fcrden. Dabei wurde deutlich, wie die zahlreichen schikanierenden Vorschriften einem j\u00fcdischen Sch\u00fcler nach und nach fast alle Bereiche des normalen Alltagslebens nahmen \u2013 vom Ausschluss aus Vereinen und Schulen \u00fcber das Verbot von Haustieren und Schokolade bis hin zur Vertreibung aus der eigenen Wohnung.<\/p>\n\n\n\n<p>Ein weiterer Workshop setzte sich mit der Erinnerungskultur auseinander. So lernten die Teilnehmerinnen und Teilnehmer Biografien j\u00fcdischer Menschen aus der Region kennen, die die Schoah \u00fcberlebt hatten und ihre Erfahrungen weitergaben. Dabei wurden auch verschiedene Formen der Erinnerung und des Gedenkens an diejenigen Opfer des Nationalsozialismus thematisiert, die den V\u00f6lkermord nicht \u00fcberlebten.<br>Wir bedanken uns herzlich beim J\u00fcdischen Museum Westfalen f\u00fcr die spannenden F\u00fchrungen und Workshops, die die Bedeutung von Erinnerungskultur in der Gegenwart eindrucksvoll deutlich gemacht haben.<\/p>\n","protected":false},"excerpt":{"rendered":"<p>Im Geschichtsunterricht der Mittelstufe setzen sich Sch\u00fclerinnen und Sch\u00fcler mit der Ausgrenzung, Verfolgung und Ermordung j\u00fcdischer Mitmenschen in der Zeit des Nationalsozialismus auseinander. Um die Bedeutung von Antisemitismus und anderen Formen von gruppenbezogener Menschenfeindlichkeit auch lokal nachvollziehen zu k\u00f6nnen, unternehmen die 10. Klassen zu Beginn des neuen Jahres eine Gedenkst\u00e4ttenfahrt zu einem Ort, an dem &hellip; <a href=\"https:\/\/www.gymnasium-mariengarden.de\/wordpress\/zu-besuch-im-juedischen-museum\/\" class=\"more-link\"><span class=\"screen-reader-text\">Zu Besuch im J\u00fcdischen Museum<\/span> weiterlesen <span class=\"meta-nav\">&rarr;<\/span><\/a><\/p>\n","protected":false},"author":27,"featured_media":16952,"comment_status":"closed","ping_status":"closed","sticky":false,"template":"","format":"standard","meta":{"footnotes":""},"categories":[899],"tags":[317,376,898],"class_list":["post-16951","post","type-post","status-publish","format-standard","has-post-thumbnail","hentry","category-exkursion","tag-exkursion","tag-geschichte","tag-juedisches-museum"],"yoast_head":"<!-- This site is optimized with the Yoast SEO plugin v27.3 - https:\/\/yoast.com\/product\/yoast-seo-wordpress\/ -->\n<title>Zu Besuch im J\u00fcdischen Museum - Gymnasium Mariengarden<\/title>\n<meta name=\"description\" content=\"Privates Gymnasium der Oblatenmissionare\" \/>\n<meta name=\"robots\" content=\"index, follow, max-snippet:-1, max-image-preview:large, max-video-preview:-1\" \/>\n<link rel=\"canonical\" href=\"https:\/\/www.gymnasium-mariengarden.de\/wordpress\/zu-besuch-im-juedischen-museum\/\" \/>\n<meta property=\"og:locale\" content=\"de_DE\" \/>\n<meta property=\"og:type\" content=\"article\" \/>\n<meta property=\"og:title\" content=\"Zu Besuch im J\u00fcdischen Museum - Gymnasium Mariengarden\" \/>\n<meta property=\"og:description\" content=\"Privates Gymnasium der Oblatenmissionare\" \/>\n<meta property=\"og:url\" content=\"https:\/\/www.gymnasium-mariengarden.de\/wordpress\/zu-besuch-im-juedischen-museum\/\" \/>\n<meta property=\"og:site_name\" content=\"Gymnasium Mariengarden\" \/>\n<meta property=\"article:publisher\" content=\"https:\/\/www.facebook.com\/groups\/38812342437\/?locale=de_DE\" \/>\n<meta property=\"article:published_time\" content=\"2026-03-02T10:57:16+00:00\" \/>\n<meta property=\"article:modified_time\" content=\"2026-03-02T10:58:38+00:00\" \/>\n<meta property=\"og:image\" content=\"https:\/\/www.gymnasium-mariengarden.de\/wordpress\/wp-content\/uploads\/2026\/03\/IMG_7077-scaled.jpeg\" \/>\n\t<meta property=\"og:image:width\" content=\"1920\" \/>\n\t<meta property=\"og:image:height\" content=\"2560\" \/>\n\t<meta property=\"og:image:type\" content=\"image\/jpeg\" \/>\n<meta name=\"author\" content=\"Daniel te Vrugt\" \/>\n<meta name=\"twitter:card\" content=\"summary_large_image\" \/>\n<meta name=\"twitter:label1\" content=\"Verfasst von\" \/>\n\t<meta name=\"twitter:data1\" content=\"Daniel te Vrugt\" \/>\n\t<meta name=\"twitter:label2\" content=\"Gesch\u00e4tzte Lesezeit\" \/>\n\t<meta name=\"twitter:data2\" content=\"3\u00a0Minuten\" \/>\n<script type=\"application\/ld+json\" class=\"yoast-schema-graph\">{\"@context\":\"https:\\\/\\\/schema.org\",\"@graph\":[{\"@type\":\"Article\",\"@id\":\"https:\\\/\\\/www.gymnasium-mariengarden.de\\\/wordpress\\\/zu-besuch-im-juedischen-museum\\\/#article\",\"isPartOf\":{\"@id\":\"https:\\\/\\\/www.gymnasium-mariengarden.de\\\/wordpress\\\/zu-besuch-im-juedischen-museum\\\/\"},\"author\":{\"name\":\"Daniel te Vrugt\",\"@id\":\"https:\\\/\\\/www.gymnasium-mariengarden.de\\\/wordpress\\\/#\\\/schema\\\/person\\\/f00e5f476d9c6265e7646e533e54dc89\"},\"headline\":\"Zu Besuch im J\u00fcdischen Museum\",\"datePublished\":\"2026-03-02T10:57:16+00:00\",\"dateModified\":\"2026-03-02T10:58:38+00:00\",\"mainEntityOfPage\":{\"@id\":\"https:\\\/\\\/www.gymnasium-mariengarden.de\\\/wordpress\\\/zu-besuch-im-juedischen-museum\\\/\"},\"wordCount\":454,\"image\":{\"@id\":\"https:\\\/\\\/www.gymnasium-mariengarden.de\\\/wordpress\\\/zu-besuch-im-juedischen-museum\\\/#primaryimage\"},\"thumbnailUrl\":\"https:\\\/\\\/www.gymnasium-mariengarden.de\\\/wordpress\\\/wp-content\\\/uploads\\\/2026\\\/03\\\/IMG_7077-scaled.jpeg\",\"keywords\":[\"Exkursion\",\"Geschichte\",\"J\u00fcdisches Museum\"],\"articleSection\":[\"Exkursion\"],\"inLanguage\":\"de\"},{\"@type\":\"WebPage\",\"@id\":\"https:\\\/\\\/www.gymnasium-mariengarden.de\\\/wordpress\\\/zu-besuch-im-juedischen-museum\\\/\",\"url\":\"https:\\\/\\\/www.gymnasium-mariengarden.de\\\/wordpress\\\/zu-besuch-im-juedischen-museum\\\/\",\"name\":\"Zu Besuch im J\u00fcdischen Museum - Gymnasium Mariengarden\",\"isPartOf\":{\"@id\":\"https:\\\/\\\/www.gymnasium-mariengarden.de\\\/wordpress\\\/#website\"},\"primaryImageOfPage\":{\"@id\":\"https:\\\/\\\/www.gymnasium-mariengarden.de\\\/wordpress\\\/zu-besuch-im-juedischen-museum\\\/#primaryimage\"},\"image\":{\"@id\":\"https:\\\/\\\/www.gymnasium-mariengarden.de\\\/wordpress\\\/zu-besuch-im-juedischen-museum\\\/#primaryimage\"},\"thumbnailUrl\":\"https:\\\/\\\/www.gymnasium-mariengarden.de\\\/wordpress\\\/wp-content\\\/uploads\\\/2026\\\/03\\\/IMG_7077-scaled.jpeg\",\"datePublished\":\"2026-03-02T10:57:16+00:00\",\"dateModified\":\"2026-03-02T10:58:38+00:00\",\"author\":{\"@id\":\"https:\\\/\\\/www.gymnasium-mariengarden.de\\\/wordpress\\\/#\\\/schema\\\/person\\\/f00e5f476d9c6265e7646e533e54dc89\"},\"description\":\"Privates Gymnasium der Oblatenmissionare\",\"breadcrumb\":{\"@id\":\"https:\\\/\\\/www.gymnasium-mariengarden.de\\\/wordpress\\\/zu-besuch-im-juedischen-museum\\\/#breadcrumb\"},\"inLanguage\":\"de\",\"potentialAction\":[{\"@type\":\"ReadAction\",\"target\":[\"https:\\\/\\\/www.gymnasium-mariengarden.de\\\/wordpress\\\/zu-besuch-im-juedischen-museum\\\/\"]}]},{\"@type\":\"ImageObject\",\"inLanguage\":\"de\",\"@id\":\"https:\\\/\\\/www.gymnasium-mariengarden.de\\\/wordpress\\\/zu-besuch-im-juedischen-museum\\\/#primaryimage\",\"url\":\"https:\\\/\\\/www.gymnasium-mariengarden.de\\\/wordpress\\\/wp-content\\\/uploads\\\/2026\\\/03\\\/IMG_7077-scaled.jpeg\",\"contentUrl\":\"https:\\\/\\\/www.gymnasium-mariengarden.de\\\/wordpress\\\/wp-content\\\/uploads\\\/2026\\\/03\\\/IMG_7077-scaled.jpeg\",\"width\":1920,\"height\":2560},{\"@type\":\"BreadcrumbList\",\"@id\":\"https:\\\/\\\/www.gymnasium-mariengarden.de\\\/wordpress\\\/zu-besuch-im-juedischen-museum\\\/#breadcrumb\",\"itemListElement\":[{\"@type\":\"ListItem\",\"position\":1,\"name\":\"Startseite\",\"item\":\"https:\\\/\\\/www.gymnasium-mariengarden.de\\\/wordpress\\\/\"},{\"@type\":\"ListItem\",\"position\":2,\"name\":\"Zu Besuch im J\u00fcdischen Museum\"}]},{\"@type\":\"WebSite\",\"@id\":\"https:\\\/\\\/www.gymnasium-mariengarden.de\\\/wordpress\\\/#website\",\"url\":\"https:\\\/\\\/www.gymnasium-mariengarden.de\\\/wordpress\\\/\",\"name\":\"Gymnasium Mariengarden\",\"description\":\"Privates Gymnasium der Oblatenmissionare\",\"alternateName\":\"Gymnasium Mariengarden Borken-Burlo\",\"potentialAction\":[{\"@type\":\"SearchAction\",\"target\":{\"@type\":\"EntryPoint\",\"urlTemplate\":\"https:\\\/\\\/www.gymnasium-mariengarden.de\\\/wordpress\\\/?s={search_term_string}\"},\"query-input\":{\"@type\":\"PropertyValueSpecification\",\"valueRequired\":true,\"valueName\":\"search_term_string\"}}],\"inLanguage\":\"de\"},{\"@type\":\"Person\",\"@id\":\"https:\\\/\\\/www.gymnasium-mariengarden.de\\\/wordpress\\\/#\\\/schema\\\/person\\\/f00e5f476d9c6265e7646e533e54dc89\",\"name\":\"Daniel te Vrugt\",\"url\":\"https:\\\/\\\/www.gymnasium-mariengarden.de\\\/wordpress\\\/author\\\/d-te-vrugt\\\/\"}]}<\/script>\n<!-- \/ Yoast SEO plugin. -->","yoast_head_json":{"title":"Zu Besuch im J\u00fcdischen Museum - Gymnasium Mariengarden","description":"Privates Gymnasium der Oblatenmissionare","robots":{"index":"index","follow":"follow","max-snippet":"max-snippet:-1","max-image-preview":"max-image-preview:large","max-video-preview":"max-video-preview:-1"},"canonical":"https:\/\/www.gymnasium-mariengarden.de\/wordpress\/zu-besuch-im-juedischen-museum\/","og_locale":"de_DE","og_type":"article","og_title":"Zu Besuch im J\u00fcdischen Museum - Gymnasium Mariengarden","og_description":"Privates Gymnasium der Oblatenmissionare","og_url":"https:\/\/www.gymnasium-mariengarden.de\/wordpress\/zu-besuch-im-juedischen-museum\/","og_site_name":"Gymnasium Mariengarden","article_publisher":"https:\/\/www.facebook.com\/groups\/38812342437\/?locale=de_DE","article_published_time":"2026-03-02T10:57:16+00:00","article_modified_time":"2026-03-02T10:58:38+00:00","og_image":[{"width":1920,"height":2560,"url":"https:\/\/www.gymnasium-mariengarden.de\/wordpress\/wp-content\/uploads\/2026\/03\/IMG_7077-scaled.jpeg","type":"image\/jpeg"}],"author":"Daniel te Vrugt","twitter_card":"summary_large_image","twitter_misc":{"Verfasst von":"Daniel te Vrugt","Gesch\u00e4tzte Lesezeit":"3\u00a0Minuten"},"schema":{"@context":"https:\/\/schema.org","@graph":[{"@type":"Article","@id":"https:\/\/www.gymnasium-mariengarden.de\/wordpress\/zu-besuch-im-juedischen-museum\/#article","isPartOf":{"@id":"https:\/\/www.gymnasium-mariengarden.de\/wordpress\/zu-besuch-im-juedischen-museum\/"},"author":{"name":"Daniel te Vrugt","@id":"https:\/\/www.gymnasium-mariengarden.de\/wordpress\/#\/schema\/person\/f00e5f476d9c6265e7646e533e54dc89"},"headline":"Zu Besuch im J\u00fcdischen Museum","datePublished":"2026-03-02T10:57:16+00:00","dateModified":"2026-03-02T10:58:38+00:00","mainEntityOfPage":{"@id":"https:\/\/www.gymnasium-mariengarden.de\/wordpress\/zu-besuch-im-juedischen-museum\/"},"wordCount":454,"image":{"@id":"https:\/\/www.gymnasium-mariengarden.de\/wordpress\/zu-besuch-im-juedischen-museum\/#primaryimage"},"thumbnailUrl":"https:\/\/www.gymnasium-mariengarden.de\/wordpress\/wp-content\/uploads\/2026\/03\/IMG_7077-scaled.jpeg","keywords":["Exkursion","Geschichte","J\u00fcdisches Museum"],"articleSection":["Exkursion"],"inLanguage":"de"},{"@type":"WebPage","@id":"https:\/\/www.gymnasium-mariengarden.de\/wordpress\/zu-besuch-im-juedischen-museum\/","url":"https:\/\/www.gymnasium-mariengarden.de\/wordpress\/zu-besuch-im-juedischen-museum\/","name":"Zu Besuch im J\u00fcdischen Museum - Gymnasium Mariengarden","isPartOf":{"@id":"https:\/\/www.gymnasium-mariengarden.de\/wordpress\/#website"},"primaryImageOfPage":{"@id":"https:\/\/www.gymnasium-mariengarden.de\/wordpress\/zu-besuch-im-juedischen-museum\/#primaryimage"},"image":{"@id":"https:\/\/www.gymnasium-mariengarden.de\/wordpress\/zu-besuch-im-juedischen-museum\/#primaryimage"},"thumbnailUrl":"https:\/\/www.gymnasium-mariengarden.de\/wordpress\/wp-content\/uploads\/2026\/03\/IMG_7077-scaled.jpeg","datePublished":"2026-03-02T10:57:16+00:00","dateModified":"2026-03-02T10:58:38+00:00","author":{"@id":"https:\/\/www.gymnasium-mariengarden.de\/wordpress\/#\/schema\/person\/f00e5f476d9c6265e7646e533e54dc89"},"description":"Privates Gymnasium der Oblatenmissionare","breadcrumb":{"@id":"https:\/\/www.gymnasium-mariengarden.de\/wordpress\/zu-besuch-im-juedischen-museum\/#breadcrumb"},"inLanguage":"de","potentialAction":[{"@type":"ReadAction","target":["https:\/\/www.gymnasium-mariengarden.de\/wordpress\/zu-besuch-im-juedischen-museum\/"]}]},{"@type":"ImageObject","inLanguage":"de","@id":"https:\/\/www.gymnasium-mariengarden.de\/wordpress\/zu-besuch-im-juedischen-museum\/#primaryimage","url":"https:\/\/www.gymnasium-mariengarden.de\/wordpress\/wp-content\/uploads\/2026\/03\/IMG_7077-scaled.jpeg","contentUrl":"https:\/\/www.gymnasium-mariengarden.de\/wordpress\/wp-content\/uploads\/2026\/03\/IMG_7077-scaled.jpeg","width":1920,"height":2560},{"@type":"BreadcrumbList","@id":"https:\/\/www.gymnasium-mariengarden.de\/wordpress\/zu-besuch-im-juedischen-museum\/#breadcrumb","itemListElement":[{"@type":"ListItem","position":1,"name":"Startseite","item":"https:\/\/www.gymnasium-mariengarden.de\/wordpress\/"},{"@type":"ListItem","position":2,"name":"Zu Besuch im J\u00fcdischen Museum"}]},{"@type":"WebSite","@id":"https:\/\/www.gymnasium-mariengarden.de\/wordpress\/#website","url":"https:\/\/www.gymnasium-mariengarden.de\/wordpress\/","name":"Gymnasium Mariengarden","description":"Privates Gymnasium der Oblatenmissionare","alternateName":"Gymnasium Mariengarden Borken-Burlo","potentialAction":[{"@type":"SearchAction","target":{"@type":"EntryPoint","urlTemplate":"https:\/\/www.gymnasium-mariengarden.de\/wordpress\/?s={search_term_string}"},"query-input":{"@type":"PropertyValueSpecification","valueRequired":true,"valueName":"search_term_string"}}],"inLanguage":"de"},{"@type":"Person","@id":"https:\/\/www.gymnasium-mariengarden.de\/wordpress\/#\/schema\/person\/f00e5f476d9c6265e7646e533e54dc89","name":"Daniel te Vrugt","url":"https:\/\/www.gymnasium-mariengarden.de\/wordpress\/author\/d-te-vrugt\/"}]}},"_links":{"self":[{"href":"https:\/\/www.gymnasium-mariengarden.de\/wordpress\/wp-json\/wp\/v2\/posts\/16951","targetHints":{"allow":["GET"]}}],"collection":[{"href":"https:\/\/www.gymnasium-mariengarden.de\/wordpress\/wp-json\/wp\/v2\/posts"}],"about":[{"href":"https:\/\/www.gymnasium-mariengarden.de\/wordpress\/wp-json\/wp\/v2\/types\/post"}],"author":[{"embeddable":true,"href":"https:\/\/www.gymnasium-mariengarden.de\/wordpress\/wp-json\/wp\/v2\/users\/27"}],"replies":[{"embeddable":true,"href":"https:\/\/www.gymnasium-mariengarden.de\/wordpress\/wp-json\/wp\/v2\/comments?post=16951"}],"version-history":[{"count":1,"href":"https:\/\/www.gymnasium-mariengarden.de\/wordpress\/wp-json\/wp\/v2\/posts\/16951\/revisions"}],"predecessor-version":[{"id":16954,"href":"https:\/\/www.gymnasium-mariengarden.de\/wordpress\/wp-json\/wp\/v2\/posts\/16951\/revisions\/16954"}],"wp:featuredmedia":[{"embeddable":true,"href":"https:\/\/www.gymnasium-mariengarden.de\/wordpress\/wp-json\/wp\/v2\/media\/16952"}],"wp:attachment":[{"href":"https:\/\/www.gymnasium-mariengarden.de\/wordpress\/wp-json\/wp\/v2\/media?parent=16951"}],"wp:term":[{"taxonomy":"category","embeddable":true,"href":"https:\/\/www.gymnasium-mariengarden.de\/wordpress\/wp-json\/wp\/v2\/categories?post=16951"},{"taxonomy":"post_tag","embeddable":true,"href":"https:\/\/www.gymnasium-mariengarden.de\/wordpress\/wp-json\/wp\/v2\/tags?post=16951"}],"curies":[{"name":"wp","href":"https:\/\/api.w.org\/{rel}","templated":true}]}}