{"id":16931,"date":"2026-03-01T11:52:22","date_gmt":"2026-03-01T10:52:22","guid":{"rendered":"https:\/\/www.gymnasium-mariengarden.de\/wordpress\/?p=16931"},"modified":"2026-03-01T11:52:23","modified_gmt":"2026-03-01T10:52:23","slug":"prominenter-besuch","status":"publish","type":"post","link":"https:\/\/www.gymnasium-mariengarden.de\/wordpress\/prominenter-besuch\/","title":{"rendered":"Prominenter Besuch"},"content":{"rendered":"\n<p>In den kommenden Wochen d\u00fcrfen wir zwei prominente G\u00e4ste aus dem Bereich der politischen Bildung in Mariengarden begr\u00fc\u00dfen.<\/p>\n\n\n\n<p>Im Rahmen des Stadtjubil\u00e4ums \u201eBorken 800\u201c veranstaltet die Stadt die Reihe \u201eDie Zukunft von damals auf dem Weg nach \u00dcbermorgen: Stadt, Geschichte &amp; Gegenwart\u201c. In diesem Rahmen wird am Sonntag, den 1. M\u00e4rz, um 11 Uhr der renommierte Medienwissenschaftler Prof. Dr. Bernhard P\u00f6rksen von der Universit\u00e4t T\u00fcbingen im Forum Mariengarden zu Gast sein und einen Vortrag zum Thema \u201eFakt &amp; Fake: Von der neuen Macht der Desinformation im digitalen Zeitalter\u201c halten. F\u00fcr Sch\u00fclerinnen und Sch\u00fcler ist der Eintritt frei.<\/p>\n\n\n\n<figure class=\"wp-block-image size-large\"><img loading=\"lazy\" decoding=\"async\" width=\"725\" height=\"1024\" src=\"https:\/\/www.gymnasium-mariengarden.de\/wordpress\/wp-content\/uploads\/2026\/02\/Prof_Bild-1-725x1024.jpg\" alt=\"\" class=\"wp-image-16933\" srcset=\"https:\/\/www.gymnasium-mariengarden.de\/wordpress\/wp-content\/uploads\/2026\/02\/Prof_Bild-1-725x1024.jpg 725w, https:\/\/www.gymnasium-mariengarden.de\/wordpress\/wp-content\/uploads\/2026\/02\/Prof_Bild-1-212x300.jpg 212w, https:\/\/www.gymnasium-mariengarden.de\/wordpress\/wp-content\/uploads\/2026\/02\/Prof_Bild-1-768x1085.jpg 768w, https:\/\/www.gymnasium-mariengarden.de\/wordpress\/wp-content\/uploads\/2026\/02\/Prof_Bild-1-1087x1536.jpg 1087w, https:\/\/www.gymnasium-mariengarden.de\/wordpress\/wp-content\/uploads\/2026\/02\/Prof_Bild-1.jpg 1449w\" sizes=\"auto, (max-width: 725px) 100vw, 725px\" \/><\/figure>\n\n\n\n<p>Am Mittwoch, den 4. M\u00e4rz, in der dritten Stunde wird in Zusammenarbeit mit der VR-Bildungsinitiative der Autor und ehemalige Bundestagsabgeordnete Ruprecht Polenz zu Gast sein. Auf Grundlage seines Buches \u201eTu was! Eine kurze Anleitung zur Verteidigung der Demokratie\u201c wird er mit unseren Sch\u00fclerinnen und Sch\u00fclern ab der Klasse 9 \u00fcber Gef\u00e4hrdungen der Demokratie sowie M\u00f6glichkeiten zu ihrem Schutz ins Gespr\u00e4ch kommen.<\/p>\n\n\n\n<figure class=\"wp-block-image size-large\"><img loading=\"lazy\" decoding=\"async\" width=\"1024\" height=\"538\" src=\"https:\/\/www.gymnasium-mariengarden.de\/wordpress\/wp-content\/uploads\/2026\/02\/Anleitung-zur-Verteidigung-der-Demokratie-1024x538.jpg\" alt=\"\" class=\"wp-image-16934\" srcset=\"https:\/\/www.gymnasium-mariengarden.de\/wordpress\/wp-content\/uploads\/2026\/02\/Anleitung-zur-Verteidigung-der-Demokratie-1024x538.jpg 1024w, https:\/\/www.gymnasium-mariengarden.de\/wordpress\/wp-content\/uploads\/2026\/02\/Anleitung-zur-Verteidigung-der-Demokratie-300x158.jpg 300w, https:\/\/www.gymnasium-mariengarden.de\/wordpress\/wp-content\/uploads\/2026\/02\/Anleitung-zur-Verteidigung-der-Demokratie-768x403.jpg 768w, https:\/\/www.gymnasium-mariengarden.de\/wordpress\/wp-content\/uploads\/2026\/02\/Anleitung-zur-Verteidigung-der-Demokratie.jpg 1200w\" sizes=\"auto, (max-width: 1024px) 100vw, 1024px\" \/><\/figure>\n\n\n\n<p class=\"has-small-font-size\">Beitragsbild: angieconscious \/pixelio.de<\/p>\n\n\n\n<p><\/p>\n","protected":false},"excerpt":{"rendered":"<p>In den kommenden Wochen d\u00fcrfen wir zwei prominente G\u00e4ste aus dem Bereich der politischen Bildung in Mariengarden begr\u00fc\u00dfen. Im Rahmen des Stadtjubil\u00e4ums \u201eBorken 800\u201c veranstaltet die Stadt die Reihe \u201eDie Zukunft von damals auf dem Weg nach \u00dcbermorgen: Stadt, Geschichte &amp; Gegenwart\u201c. In diesem Rahmen wird am Sonntag, den 1. M\u00e4rz, um 11 Uhr der &hellip; <a href=\"https:\/\/www.gymnasium-mariengarden.de\/wordpress\/prominenter-besuch\/\" class=\"more-link\"><span class=\"screen-reader-text\">Prominenter Besuch<\/span> weiterlesen <span class=\"meta-nav\">&rarr;<\/span><\/a><\/p>\n","protected":false},"author":4,"featured_media":16936,"comment_status":"closed","ping_status":"closed","sticky":false,"template":"","format":"standard","meta":{"footnotes":""},"categories":[1],"tags":[],"class_list":["post-16931","post","type-post","status-publish","format-standard","has-post-thumbnail","hentry","category-allgemein"],"yoast_head":"<!-- This site is optimized with the Yoast SEO plugin v27.3 - https:\/\/yoast.com\/product\/yoast-seo-wordpress\/ -->\n<title>Prominenter Besuch - Gymnasium Mariengarden<\/title>\n<meta name=\"description\" content=\"Privates Gymnasium der Oblatenmissionare\" \/>\n<meta name=\"robots\" content=\"index, follow, max-snippet:-1, max-image-preview:large, max-video-preview:-1\" \/>\n<link rel=\"canonical\" href=\"https:\/\/www.gymnasium-mariengarden.de\/wordpress\/prominenter-besuch\/\" \/>\n<meta property=\"og:locale\" content=\"de_DE\" \/>\n<meta property=\"og:type\" content=\"article\" \/>\n<meta property=\"og:title\" content=\"Prominenter Besuch - Gymnasium Mariengarden\" \/>\n<meta property=\"og:description\" content=\"Privates Gymnasium der Oblatenmissionare\" \/>\n<meta property=\"og:url\" content=\"https:\/\/www.gymnasium-mariengarden.de\/wordpress\/prominenter-besuch\/\" \/>\n<meta property=\"og:site_name\" content=\"Gymnasium Mariengarden\" \/>\n<meta property=\"article:publisher\" content=\"https:\/\/www.facebook.com\/groups\/38812342437\/?locale=de_DE\" \/>\n<meta property=\"article:published_time\" content=\"2026-03-01T10:52:22+00:00\" \/>\n<meta property=\"article:modified_time\" content=\"2026-03-01T10:52:23+00:00\" \/>\n<meta property=\"og:image\" content=\"https:\/\/www.gymnasium-mariengarden.de\/wordpress\/wp-content\/uploads\/2026\/02\/Das_Wort_angieconscious-.png\" \/>\n\t<meta property=\"og:image:width\" content=\"1023\" \/>\n\t<meta property=\"og:image:height\" content=\"579\" \/>\n\t<meta property=\"og:image:type\" content=\"image\/png\" \/>\n<meta name=\"author\" content=\"Christian Ertner\" \/>\n<meta name=\"twitter:card\" content=\"summary_large_image\" \/>\n<meta name=\"twitter:label1\" content=\"Verfasst von\" \/>\n\t<meta name=\"twitter:data1\" content=\"Christian Ertner\" \/>\n\t<meta name=\"twitter:label2\" content=\"Gesch\u00e4tzte Lesezeit\" \/>\n\t<meta name=\"twitter:data2\" content=\"2\u00a0Minuten\" \/>\n<script type=\"application\/ld+json\" class=\"yoast-schema-graph\">{\"@context\":\"https:\\\/\\\/schema.org\",\"@graph\":[{\"@type\":\"Article\",\"@id\":\"https:\\\/\\\/www.gymnasium-mariengarden.de\\\/wordpress\\\/prominenter-besuch\\\/#article\",\"isPartOf\":{\"@id\":\"https:\\\/\\\/www.gymnasium-mariengarden.de\\\/wordpress\\\/prominenter-besuch\\\/\"},\"author\":{\"name\":\"Christian Ertner\",\"@id\":\"https:\\\/\\\/www.gymnasium-mariengarden.de\\\/wordpress\\\/#\\\/schema\\\/person\\\/df224558fcbf911ac239111da1ac985d\"},\"headline\":\"Prominenter Besuch\",\"datePublished\":\"2026-03-01T10:52:22+00:00\",\"dateModified\":\"2026-03-01T10:52:23+00:00\",\"mainEntityOfPage\":{\"@id\":\"https:\\\/\\\/www.gymnasium-mariengarden.de\\\/wordpress\\\/prominenter-besuch\\\/\"},\"wordCount\":176,\"image\":{\"@id\":\"https:\\\/\\\/www.gymnasium-mariengarden.de\\\/wordpress\\\/prominenter-besuch\\\/#primaryimage\"},\"thumbnailUrl\":\"https:\\\/\\\/www.gymnasium-mariengarden.de\\\/wordpress\\\/wp-content\\\/uploads\\\/2026\\\/02\\\/Das_Wort_angieconscious-.png\",\"inLanguage\":\"de\"},{\"@type\":\"WebPage\",\"@id\":\"https:\\\/\\\/www.gymnasium-mariengarden.de\\\/wordpress\\\/prominenter-besuch\\\/\",\"url\":\"https:\\\/\\\/www.gymnasium-mariengarden.de\\\/wordpress\\\/prominenter-besuch\\\/\",\"name\":\"Prominenter Besuch - Gymnasium Mariengarden\",\"isPartOf\":{\"@id\":\"https:\\\/\\\/www.gymnasium-mariengarden.de\\\/wordpress\\\/#website\"},\"primaryImageOfPage\":{\"@id\":\"https:\\\/\\\/www.gymnasium-mariengarden.de\\\/wordpress\\\/prominenter-besuch\\\/#primaryimage\"},\"image\":{\"@id\":\"https:\\\/\\\/www.gymnasium-mariengarden.de\\\/wordpress\\\/prominenter-besuch\\\/#primaryimage\"},\"thumbnailUrl\":\"https:\\\/\\\/www.gymnasium-mariengarden.de\\\/wordpress\\\/wp-content\\\/uploads\\\/2026\\\/02\\\/Das_Wort_angieconscious-.png\",\"datePublished\":\"2026-03-01T10:52:22+00:00\",\"dateModified\":\"2026-03-01T10:52:23+00:00\",\"author\":{\"@id\":\"https:\\\/\\\/www.gymnasium-mariengarden.de\\\/wordpress\\\/#\\\/schema\\\/person\\\/df224558fcbf911ac239111da1ac985d\"},\"description\":\"Privates Gymnasium der Oblatenmissionare\",\"breadcrumb\":{\"@id\":\"https:\\\/\\\/www.gymnasium-mariengarden.de\\\/wordpress\\\/prominenter-besuch\\\/#breadcrumb\"},\"inLanguage\":\"de\",\"potentialAction\":[{\"@type\":\"ReadAction\",\"target\":[\"https:\\\/\\\/www.gymnasium-mariengarden.de\\\/wordpress\\\/prominenter-besuch\\\/\"]}]},{\"@type\":\"ImageObject\",\"inLanguage\":\"de\",\"@id\":\"https:\\\/\\\/www.gymnasium-mariengarden.de\\\/wordpress\\\/prominenter-besuch\\\/#primaryimage\",\"url\":\"https:\\\/\\\/www.gymnasium-mariengarden.de\\\/wordpress\\\/wp-content\\\/uploads\\\/2026\\\/02\\\/Das_Wort_angieconscious-.png\",\"contentUrl\":\"https:\\\/\\\/www.gymnasium-mariengarden.de\\\/wordpress\\\/wp-content\\\/uploads\\\/2026\\\/02\\\/Das_Wort_angieconscious-.png\",\"width\":1023,\"height\":579},{\"@type\":\"BreadcrumbList\",\"@id\":\"https:\\\/\\\/www.gymnasium-mariengarden.de\\\/wordpress\\\/prominenter-besuch\\\/#breadcrumb\",\"itemListElement\":[{\"@type\":\"ListItem\",\"position\":1,\"name\":\"Startseite\",\"item\":\"https:\\\/\\\/www.gymnasium-mariengarden.de\\\/wordpress\\\/\"},{\"@type\":\"ListItem\",\"position\":2,\"name\":\"Prominenter Besuch\"}]},{\"@type\":\"WebSite\",\"@id\":\"https:\\\/\\\/www.gymnasium-mariengarden.de\\\/wordpress\\\/#website\",\"url\":\"https:\\\/\\\/www.gymnasium-mariengarden.de\\\/wordpress\\\/\",\"name\":\"Gymnasium Mariengarden\",\"description\":\"Privates Gymnasium der Oblatenmissionare\",\"alternateName\":\"Gymnasium Mariengarden Borken-Burlo\",\"potentialAction\":[{\"@type\":\"SearchAction\",\"target\":{\"@type\":\"EntryPoint\",\"urlTemplate\":\"https:\\\/\\\/www.gymnasium-mariengarden.de\\\/wordpress\\\/?s={search_term_string}\"},\"query-input\":{\"@type\":\"PropertyValueSpecification\",\"valueRequired\":true,\"valueName\":\"search_term_string\"}}],\"inLanguage\":\"de\"},{\"@type\":\"Person\",\"@id\":\"https:\\\/\\\/www.gymnasium-mariengarden.de\\\/wordpress\\\/#\\\/schema\\\/person\\\/df224558fcbf911ac239111da1ac985d\",\"name\":\"Christian Ertner\",\"url\":\"https:\\\/\\\/www.gymnasium-mariengarden.de\\\/wordpress\\\/author\\\/c-ertner\\\/\"}]}<\/script>\n<!-- \/ Yoast SEO plugin. -->","yoast_head_json":{"title":"Prominenter Besuch - Gymnasium Mariengarden","description":"Privates Gymnasium der Oblatenmissionare","robots":{"index":"index","follow":"follow","max-snippet":"max-snippet:-1","max-image-preview":"max-image-preview:large","max-video-preview":"max-video-preview:-1"},"canonical":"https:\/\/www.gymnasium-mariengarden.de\/wordpress\/prominenter-besuch\/","og_locale":"de_DE","og_type":"article","og_title":"Prominenter Besuch - Gymnasium Mariengarden","og_description":"Privates Gymnasium der Oblatenmissionare","og_url":"https:\/\/www.gymnasium-mariengarden.de\/wordpress\/prominenter-besuch\/","og_site_name":"Gymnasium Mariengarden","article_publisher":"https:\/\/www.facebook.com\/groups\/38812342437\/?locale=de_DE","article_published_time":"2026-03-01T10:52:22+00:00","article_modified_time":"2026-03-01T10:52:23+00:00","og_image":[{"width":1023,"height":579,"url":"https:\/\/www.gymnasium-mariengarden.de\/wordpress\/wp-content\/uploads\/2026\/02\/Das_Wort_angieconscious-.png","type":"image\/png"}],"author":"Christian Ertner","twitter_card":"summary_large_image","twitter_misc":{"Verfasst von":"Christian Ertner","Gesch\u00e4tzte Lesezeit":"2\u00a0Minuten"},"schema":{"@context":"https:\/\/schema.org","@graph":[{"@type":"Article","@id":"https:\/\/www.gymnasium-mariengarden.de\/wordpress\/prominenter-besuch\/#article","isPartOf":{"@id":"https:\/\/www.gymnasium-mariengarden.de\/wordpress\/prominenter-besuch\/"},"author":{"name":"Christian Ertner","@id":"https:\/\/www.gymnasium-mariengarden.de\/wordpress\/#\/schema\/person\/df224558fcbf911ac239111da1ac985d"},"headline":"Prominenter Besuch","datePublished":"2026-03-01T10:52:22+00:00","dateModified":"2026-03-01T10:52:23+00:00","mainEntityOfPage":{"@id":"https:\/\/www.gymnasium-mariengarden.de\/wordpress\/prominenter-besuch\/"},"wordCount":176,"image":{"@id":"https:\/\/www.gymnasium-mariengarden.de\/wordpress\/prominenter-besuch\/#primaryimage"},"thumbnailUrl":"https:\/\/www.gymnasium-mariengarden.de\/wordpress\/wp-content\/uploads\/2026\/02\/Das_Wort_angieconscious-.png","inLanguage":"de"},{"@type":"WebPage","@id":"https:\/\/www.gymnasium-mariengarden.de\/wordpress\/prominenter-besuch\/","url":"https:\/\/www.gymnasium-mariengarden.de\/wordpress\/prominenter-besuch\/","name":"Prominenter Besuch - Gymnasium Mariengarden","isPartOf":{"@id":"https:\/\/www.gymnasium-mariengarden.de\/wordpress\/#website"},"primaryImageOfPage":{"@id":"https:\/\/www.gymnasium-mariengarden.de\/wordpress\/prominenter-besuch\/#primaryimage"},"image":{"@id":"https:\/\/www.gymnasium-mariengarden.de\/wordpress\/prominenter-besuch\/#primaryimage"},"thumbnailUrl":"https:\/\/www.gymnasium-mariengarden.de\/wordpress\/wp-content\/uploads\/2026\/02\/Das_Wort_angieconscious-.png","datePublished":"2026-03-01T10:52:22+00:00","dateModified":"2026-03-01T10:52:23+00:00","author":{"@id":"https:\/\/www.gymnasium-mariengarden.de\/wordpress\/#\/schema\/person\/df224558fcbf911ac239111da1ac985d"},"description":"Privates Gymnasium der Oblatenmissionare","breadcrumb":{"@id":"https:\/\/www.gymnasium-mariengarden.de\/wordpress\/prominenter-besuch\/#breadcrumb"},"inLanguage":"de","potentialAction":[{"@type":"ReadAction","target":["https:\/\/www.gymnasium-mariengarden.de\/wordpress\/prominenter-besuch\/"]}]},{"@type":"ImageObject","inLanguage":"de","@id":"https:\/\/www.gymnasium-mariengarden.de\/wordpress\/prominenter-besuch\/#primaryimage","url":"https:\/\/www.gymnasium-mariengarden.de\/wordpress\/wp-content\/uploads\/2026\/02\/Das_Wort_angieconscious-.png","contentUrl":"https:\/\/www.gymnasium-mariengarden.de\/wordpress\/wp-content\/uploads\/2026\/02\/Das_Wort_angieconscious-.png","width":1023,"height":579},{"@type":"BreadcrumbList","@id":"https:\/\/www.gymnasium-mariengarden.de\/wordpress\/prominenter-besuch\/#breadcrumb","itemListElement":[{"@type":"ListItem","position":1,"name":"Startseite","item":"https:\/\/www.gymnasium-mariengarden.de\/wordpress\/"},{"@type":"ListItem","position":2,"name":"Prominenter Besuch"}]},{"@type":"WebSite","@id":"https:\/\/www.gymnasium-mariengarden.de\/wordpress\/#website","url":"https:\/\/www.gymnasium-mariengarden.de\/wordpress\/","name":"Gymnasium Mariengarden","description":"Privates Gymnasium der Oblatenmissionare","alternateName":"Gymnasium Mariengarden Borken-Burlo","potentialAction":[{"@type":"SearchAction","target":{"@type":"EntryPoint","urlTemplate":"https:\/\/www.gymnasium-mariengarden.de\/wordpress\/?s={search_term_string}"},"query-input":{"@type":"PropertyValueSpecification","valueRequired":true,"valueName":"search_term_string"}}],"inLanguage":"de"},{"@type":"Person","@id":"https:\/\/www.gymnasium-mariengarden.de\/wordpress\/#\/schema\/person\/df224558fcbf911ac239111da1ac985d","name":"Christian Ertner","url":"https:\/\/www.gymnasium-mariengarden.de\/wordpress\/author\/c-ertner\/"}]}},"_links":{"self":[{"href":"https:\/\/www.gymnasium-mariengarden.de\/wordpress\/wp-json\/wp\/v2\/posts\/16931","targetHints":{"allow":["GET"]}}],"collection":[{"href":"https:\/\/www.gymnasium-mariengarden.de\/wordpress\/wp-json\/wp\/v2\/posts"}],"about":[{"href":"https:\/\/www.gymnasium-mariengarden.de\/wordpress\/wp-json\/wp\/v2\/types\/post"}],"author":[{"embeddable":true,"href":"https:\/\/www.gymnasium-mariengarden.de\/wordpress\/wp-json\/wp\/v2\/users\/4"}],"replies":[{"embeddable":true,"href":"https:\/\/www.gymnasium-mariengarden.de\/wordpress\/wp-json\/wp\/v2\/comments?post=16931"}],"version-history":[{"count":2,"href":"https:\/\/www.gymnasium-mariengarden.de\/wordpress\/wp-json\/wp\/v2\/posts\/16931\/revisions"}],"predecessor-version":[{"id":16939,"href":"https:\/\/www.gymnasium-mariengarden.de\/wordpress\/wp-json\/wp\/v2\/posts\/16931\/revisions\/16939"}],"wp:featuredmedia":[{"embeddable":true,"href":"https:\/\/www.gymnasium-mariengarden.de\/wordpress\/wp-json\/wp\/v2\/media\/16936"}],"wp:attachment":[{"href":"https:\/\/www.gymnasium-mariengarden.de\/wordpress\/wp-json\/wp\/v2\/media?parent=16931"}],"wp:term":[{"taxonomy":"category","embeddable":true,"href":"https:\/\/www.gymnasium-mariengarden.de\/wordpress\/wp-json\/wp\/v2\/categories?post=16931"},{"taxonomy":"post_tag","embeddable":true,"href":"https:\/\/www.gymnasium-mariengarden.de\/wordpress\/wp-json\/wp\/v2\/tags?post=16931"}],"curies":[{"name":"wp","href":"https:\/\/api.w.org\/{rel}","templated":true}]}}