{"id":16846,"date":"2026-01-26T07:14:57","date_gmt":"2026-01-26T06:14:57","guid":{"rendered":"https:\/\/www.gymnasium-mariengarden.de\/wordpress\/?p=16846"},"modified":"2026-01-26T08:13:33","modified_gmt":"2026-01-26T07:13:33","slug":"anmeldetermine-fuer-die-oberstufe","status":"publish","type":"post","link":"https:\/\/www.gymnasium-mariengarden.de\/wordpress\/anmeldetermine-fuer-die-oberstufe\/","title":{"rendered":"Anmeldetermine f\u00fcr die Oberstufe"},"content":{"rendered":"\n<p>Auch f\u00fcr das kommende Schuljahr 2026\/2027 besteht f\u00fcr Sch\u00fclerinnen und Sch\u00fcler anderer Schulen und Schulformen die M\u00f6glichkeit, in die Einf\u00fchrungsphase der gymnasialen Oberstufe an unser Gymnasium zu wechseln. Voraussetzung ist der mittlere Schulabschluss mit Berechtigung zum Besuch der gymnasialen Oberstufe.<\/p>\n\n\n\n<p>Unser Oberstufenkoordinationsteam sowie die jeweiligen Jahrgangsstufenleitungen begleiten alle Sch\u00fclerinnen und Sch\u00fcler w\u00e4hrend der dreij\u00e4hrigen Oberstufe mit regelm\u00e4\u00dfigen Beratungen sicher bis zum Abitur.<\/p>\n\n\n\n<p>Einen \u00dcberblick \u00fcber unser F\u00e4cherangebot, besondere Zusatzangebote und die Struktur der gymnasialen Oberstufe bietet unsere <a href=\"https:\/\/www.gymnasium-mariengarden.de\/dateien\/pdfs\/flyer\/Oberstufenbroschuere.pdf\">Brosch\u00fcre<\/a>.<\/p>\n\n\n\n<p>Bei Fragen oder Beratungsw\u00fcnschen wenden Sie sich an unser Oberstufenteam unter der Adresse <a href=\"mailto:oberstufe@gymnasium-mariengarden.de\">oberstufe@gymnasium-mariengarden.de<\/a>. Gerne vereinbaren wir auch kurzfristig Termine zur pers\u00f6nlichen Beratung oder zum Kennenlernen unserer Schule.<\/p>\n\n\n\n<p>Termine f\u00fcr Anmeldegespr\u00e4che sind am 10.2.2026 und 11.2.2026 jeweils von 16:00 Uhr bis 18:00 Uhr, eine Voranmeldung ist erw\u00fcnscht, aber nicht zwingend erforderlich. Mitzubringen sind die Zeugnisse der Jahrgangsstufen 9.2 und 10.1, die Geburtsurkunde\/Stammbuch sowie ggf. ein Nachweis des Masernimpfschutzes.<\/p>\n\n\n\n<p>Abweichend davon k\u00f6nnen Termine bei Bedarf auch individuell vereinbart werden.<\/p>\n\n\n\n<p style=\"font-size:11px\">Bild:\u00a0Dieter Sch\u00fctz \u00a0\/ pixelio.de<\/p>\n","protected":false},"excerpt":{"rendered":"<p>Auch f\u00fcr das kommende Schuljahr 2026\/2027 besteht f\u00fcr Sch\u00fclerinnen und Sch\u00fcler anderer Schulen und Schulformen die M\u00f6glichkeit, in die Einf\u00fchrungsphase der gymnasialen Oberstufe an unser Gymnasium zu wechseln. Voraussetzung ist der mittlere Schulabschluss mit Berechtigung zum Besuch der gymnasialen Oberstufe. Unser Oberstufenkoordinationsteam sowie die jeweiligen Jahrgangsstufenleitungen begleiten alle Sch\u00fclerinnen und Sch\u00fcler w\u00e4hrend der dreij\u00e4hrigen Oberstufe &hellip; <a href=\"https:\/\/www.gymnasium-mariengarden.de\/wordpress\/anmeldetermine-fuer-die-oberstufe\/\" class=\"more-link\"><span class=\"screen-reader-text\">Anmeldetermine f\u00fcr die Oberstufe<\/span> weiterlesen <span class=\"meta-nav\">&rarr;<\/span><\/a><\/p>\n","protected":false},"author":4,"featured_media":4623,"comment_status":"closed","ping_status":"closed","sticky":false,"template":"","format":"standard","meta":{"footnotes":""},"categories":[1],"tags":[146,306,896],"class_list":["post-16846","post","type-post","status-publish","format-standard","has-post-thumbnail","hentry","category-allgemein","tag-beratung","tag-oberstufe","tag-sek-ii"],"yoast_head":"<!-- This site is optimized with the Yoast SEO plugin v27.3 - https:\/\/yoast.com\/product\/yoast-seo-wordpress\/ -->\n<title>Anmeldetermine f\u00fcr die Oberstufe - Gymnasium Mariengarden<\/title>\n<meta name=\"description\" content=\"Privates Gymnasium der Oblatenmissionare\" \/>\n<meta name=\"robots\" content=\"index, follow, max-snippet:-1, max-image-preview:large, max-video-preview:-1\" \/>\n<link rel=\"canonical\" href=\"https:\/\/www.gymnasium-mariengarden.de\/wordpress\/anmeldetermine-fuer-die-oberstufe\/\" \/>\n<meta property=\"og:locale\" content=\"de_DE\" \/>\n<meta property=\"og:type\" content=\"article\" \/>\n<meta property=\"og:title\" content=\"Anmeldetermine f\u00fcr die Oberstufe - Gymnasium Mariengarden\" \/>\n<meta property=\"og:description\" content=\"Privates Gymnasium der Oblatenmissionare\" \/>\n<meta property=\"og:url\" content=\"https:\/\/www.gymnasium-mariengarden.de\/wordpress\/anmeldetermine-fuer-die-oberstufe\/\" \/>\n<meta property=\"og:site_name\" content=\"Gymnasium Mariengarden\" \/>\n<meta property=\"article:publisher\" content=\"https:\/\/www.facebook.com\/groups\/38812342437\/?locale=de_DE\" \/>\n<meta property=\"article:published_time\" content=\"2026-01-26T06:14:57+00:00\" \/>\n<meta property=\"article:modified_time\" content=\"2026-01-26T07:13:33+00:00\" \/>\n<meta property=\"og:image\" content=\"https:\/\/www.gymnasium-mariengarden.de\/wordpress\/wp-content\/uploads\/2018\/02\/436056_web_R_K_by_Dieter-Sch\u00fctz_pixelio.de_.jpg\" \/>\n\t<meta property=\"og:image:width\" content=\"400\" \/>\n\t<meta property=\"og:image:height\" content=\"300\" \/>\n\t<meta property=\"og:image:type\" content=\"image\/jpeg\" \/>\n<meta name=\"author\" content=\"Christian Ertner\" \/>\n<meta name=\"twitter:card\" content=\"summary_large_image\" \/>\n<meta name=\"twitter:label1\" content=\"Verfasst von\" \/>\n\t<meta name=\"twitter:data1\" content=\"Christian Ertner\" \/>\n\t<meta name=\"twitter:label2\" content=\"Gesch\u00e4tzte Lesezeit\" \/>\n\t<meta name=\"twitter:data2\" content=\"2\u00a0Minuten\" \/>\n<script type=\"application\/ld+json\" class=\"yoast-schema-graph\">{\"@context\":\"https:\\\/\\\/schema.org\",\"@graph\":[{\"@type\":\"Article\",\"@id\":\"https:\\\/\\\/www.gymnasium-mariengarden.de\\\/wordpress\\\/anmeldetermine-fuer-die-oberstufe\\\/#article\",\"isPartOf\":{\"@id\":\"https:\\\/\\\/www.gymnasium-mariengarden.de\\\/wordpress\\\/anmeldetermine-fuer-die-oberstufe\\\/\"},\"author\":{\"name\":\"Christian Ertner\",\"@id\":\"https:\\\/\\\/www.gymnasium-mariengarden.de\\\/wordpress\\\/#\\\/schema\\\/person\\\/df224558fcbf911ac239111da1ac985d\"},\"headline\":\"Anmeldetermine f\u00fcr die Oberstufe\",\"datePublished\":\"2026-01-26T06:14:57+00:00\",\"dateModified\":\"2026-01-26T07:13:33+00:00\",\"mainEntityOfPage\":{\"@id\":\"https:\\\/\\\/www.gymnasium-mariengarden.de\\\/wordpress\\\/anmeldetermine-fuer-die-oberstufe\\\/\"},\"wordCount\":182,\"image\":{\"@id\":\"https:\\\/\\\/www.gymnasium-mariengarden.de\\\/wordpress\\\/anmeldetermine-fuer-die-oberstufe\\\/#primaryimage\"},\"thumbnailUrl\":\"https:\\\/\\\/www.gymnasium-mariengarden.de\\\/wordpress\\\/wp-content\\\/uploads\\\/2018\\\/02\\\/436056_web_R_K_by_Dieter-Sch\u00fctz_pixelio.de_.jpg\",\"keywords\":[\"Beratung\",\"Oberstufe\",\"Sek II\"],\"inLanguage\":\"de\"},{\"@type\":\"WebPage\",\"@id\":\"https:\\\/\\\/www.gymnasium-mariengarden.de\\\/wordpress\\\/anmeldetermine-fuer-die-oberstufe\\\/\",\"url\":\"https:\\\/\\\/www.gymnasium-mariengarden.de\\\/wordpress\\\/anmeldetermine-fuer-die-oberstufe\\\/\",\"name\":\"Anmeldetermine f\u00fcr die Oberstufe - Gymnasium Mariengarden\",\"isPartOf\":{\"@id\":\"https:\\\/\\\/www.gymnasium-mariengarden.de\\\/wordpress\\\/#website\"},\"primaryImageOfPage\":{\"@id\":\"https:\\\/\\\/www.gymnasium-mariengarden.de\\\/wordpress\\\/anmeldetermine-fuer-die-oberstufe\\\/#primaryimage\"},\"image\":{\"@id\":\"https:\\\/\\\/www.gymnasium-mariengarden.de\\\/wordpress\\\/anmeldetermine-fuer-die-oberstufe\\\/#primaryimage\"},\"thumbnailUrl\":\"https:\\\/\\\/www.gymnasium-mariengarden.de\\\/wordpress\\\/wp-content\\\/uploads\\\/2018\\\/02\\\/436056_web_R_K_by_Dieter-Sch\u00fctz_pixelio.de_.jpg\",\"datePublished\":\"2026-01-26T06:14:57+00:00\",\"dateModified\":\"2026-01-26T07:13:33+00:00\",\"author\":{\"@id\":\"https:\\\/\\\/www.gymnasium-mariengarden.de\\\/wordpress\\\/#\\\/schema\\\/person\\\/df224558fcbf911ac239111da1ac985d\"},\"description\":\"Privates Gymnasium der Oblatenmissionare\",\"breadcrumb\":{\"@id\":\"https:\\\/\\\/www.gymnasium-mariengarden.de\\\/wordpress\\\/anmeldetermine-fuer-die-oberstufe\\\/#breadcrumb\"},\"inLanguage\":\"de\",\"potentialAction\":[{\"@type\":\"ReadAction\",\"target\":[\"https:\\\/\\\/www.gymnasium-mariengarden.de\\\/wordpress\\\/anmeldetermine-fuer-die-oberstufe\\\/\"]}]},{\"@type\":\"ImageObject\",\"inLanguage\":\"de\",\"@id\":\"https:\\\/\\\/www.gymnasium-mariengarden.de\\\/wordpress\\\/anmeldetermine-fuer-die-oberstufe\\\/#primaryimage\",\"url\":\"https:\\\/\\\/www.gymnasium-mariengarden.de\\\/wordpress\\\/wp-content\\\/uploads\\\/2018\\\/02\\\/436056_web_R_K_by_Dieter-Sch\u00fctz_pixelio.de_.jpg\",\"contentUrl\":\"https:\\\/\\\/www.gymnasium-mariengarden.de\\\/wordpress\\\/wp-content\\\/uploads\\\/2018\\\/02\\\/436056_web_R_K_by_Dieter-Sch\u00fctz_pixelio.de_.jpg\",\"width\":400,\"height\":300},{\"@type\":\"BreadcrumbList\",\"@id\":\"https:\\\/\\\/www.gymnasium-mariengarden.de\\\/wordpress\\\/anmeldetermine-fuer-die-oberstufe\\\/#breadcrumb\",\"itemListElement\":[{\"@type\":\"ListItem\",\"position\":1,\"name\":\"Startseite\",\"item\":\"https:\\\/\\\/www.gymnasium-mariengarden.de\\\/wordpress\\\/\"},{\"@type\":\"ListItem\",\"position\":2,\"name\":\"Anmeldetermine f\u00fcr die Oberstufe\"}]},{\"@type\":\"WebSite\",\"@id\":\"https:\\\/\\\/www.gymnasium-mariengarden.de\\\/wordpress\\\/#website\",\"url\":\"https:\\\/\\\/www.gymnasium-mariengarden.de\\\/wordpress\\\/\",\"name\":\"Gymnasium Mariengarden\",\"description\":\"Privates Gymnasium der Oblatenmissionare\",\"alternateName\":\"Gymnasium Mariengarden Borken-Burlo\",\"potentialAction\":[{\"@type\":\"SearchAction\",\"target\":{\"@type\":\"EntryPoint\",\"urlTemplate\":\"https:\\\/\\\/www.gymnasium-mariengarden.de\\\/wordpress\\\/?s={search_term_string}\"},\"query-input\":{\"@type\":\"PropertyValueSpecification\",\"valueRequired\":true,\"valueName\":\"search_term_string\"}}],\"inLanguage\":\"de\"},{\"@type\":\"Person\",\"@id\":\"https:\\\/\\\/www.gymnasium-mariengarden.de\\\/wordpress\\\/#\\\/schema\\\/person\\\/df224558fcbf911ac239111da1ac985d\",\"name\":\"Christian Ertner\",\"url\":\"https:\\\/\\\/www.gymnasium-mariengarden.de\\\/wordpress\\\/author\\\/c-ertner\\\/\"}]}<\/script>\n<!-- \/ Yoast SEO plugin. -->","yoast_head_json":{"title":"Anmeldetermine f\u00fcr die Oberstufe - Gymnasium Mariengarden","description":"Privates Gymnasium der Oblatenmissionare","robots":{"index":"index","follow":"follow","max-snippet":"max-snippet:-1","max-image-preview":"max-image-preview:large","max-video-preview":"max-video-preview:-1"},"canonical":"https:\/\/www.gymnasium-mariengarden.de\/wordpress\/anmeldetermine-fuer-die-oberstufe\/","og_locale":"de_DE","og_type":"article","og_title":"Anmeldetermine f\u00fcr die Oberstufe - Gymnasium Mariengarden","og_description":"Privates Gymnasium der Oblatenmissionare","og_url":"https:\/\/www.gymnasium-mariengarden.de\/wordpress\/anmeldetermine-fuer-die-oberstufe\/","og_site_name":"Gymnasium Mariengarden","article_publisher":"https:\/\/www.facebook.com\/groups\/38812342437\/?locale=de_DE","article_published_time":"2026-01-26T06:14:57+00:00","article_modified_time":"2026-01-26T07:13:33+00:00","og_image":[{"width":400,"height":300,"url":"https:\/\/www.gymnasium-mariengarden.de\/wordpress\/wp-content\/uploads\/2018\/02\/436056_web_R_K_by_Dieter-Sch\u00fctz_pixelio.de_.jpg","type":"image\/jpeg"}],"author":"Christian Ertner","twitter_card":"summary_large_image","twitter_misc":{"Verfasst von":"Christian Ertner","Gesch\u00e4tzte Lesezeit":"2\u00a0Minuten"},"schema":{"@context":"https:\/\/schema.org","@graph":[{"@type":"Article","@id":"https:\/\/www.gymnasium-mariengarden.de\/wordpress\/anmeldetermine-fuer-die-oberstufe\/#article","isPartOf":{"@id":"https:\/\/www.gymnasium-mariengarden.de\/wordpress\/anmeldetermine-fuer-die-oberstufe\/"},"author":{"name":"Christian Ertner","@id":"https:\/\/www.gymnasium-mariengarden.de\/wordpress\/#\/schema\/person\/df224558fcbf911ac239111da1ac985d"},"headline":"Anmeldetermine f\u00fcr die Oberstufe","datePublished":"2026-01-26T06:14:57+00:00","dateModified":"2026-01-26T07:13:33+00:00","mainEntityOfPage":{"@id":"https:\/\/www.gymnasium-mariengarden.de\/wordpress\/anmeldetermine-fuer-die-oberstufe\/"},"wordCount":182,"image":{"@id":"https:\/\/www.gymnasium-mariengarden.de\/wordpress\/anmeldetermine-fuer-die-oberstufe\/#primaryimage"},"thumbnailUrl":"https:\/\/www.gymnasium-mariengarden.de\/wordpress\/wp-content\/uploads\/2018\/02\/436056_web_R_K_by_Dieter-Sch\u00fctz_pixelio.de_.jpg","keywords":["Beratung","Oberstufe","Sek II"],"inLanguage":"de"},{"@type":"WebPage","@id":"https:\/\/www.gymnasium-mariengarden.de\/wordpress\/anmeldetermine-fuer-die-oberstufe\/","url":"https:\/\/www.gymnasium-mariengarden.de\/wordpress\/anmeldetermine-fuer-die-oberstufe\/","name":"Anmeldetermine f\u00fcr die Oberstufe - Gymnasium Mariengarden","isPartOf":{"@id":"https:\/\/www.gymnasium-mariengarden.de\/wordpress\/#website"},"primaryImageOfPage":{"@id":"https:\/\/www.gymnasium-mariengarden.de\/wordpress\/anmeldetermine-fuer-die-oberstufe\/#primaryimage"},"image":{"@id":"https:\/\/www.gymnasium-mariengarden.de\/wordpress\/anmeldetermine-fuer-die-oberstufe\/#primaryimage"},"thumbnailUrl":"https:\/\/www.gymnasium-mariengarden.de\/wordpress\/wp-content\/uploads\/2018\/02\/436056_web_R_K_by_Dieter-Sch\u00fctz_pixelio.de_.jpg","datePublished":"2026-01-26T06:14:57+00:00","dateModified":"2026-01-26T07:13:33+00:00","author":{"@id":"https:\/\/www.gymnasium-mariengarden.de\/wordpress\/#\/schema\/person\/df224558fcbf911ac239111da1ac985d"},"description":"Privates Gymnasium der Oblatenmissionare","breadcrumb":{"@id":"https:\/\/www.gymnasium-mariengarden.de\/wordpress\/anmeldetermine-fuer-die-oberstufe\/#breadcrumb"},"inLanguage":"de","potentialAction":[{"@type":"ReadAction","target":["https:\/\/www.gymnasium-mariengarden.de\/wordpress\/anmeldetermine-fuer-die-oberstufe\/"]}]},{"@type":"ImageObject","inLanguage":"de","@id":"https:\/\/www.gymnasium-mariengarden.de\/wordpress\/anmeldetermine-fuer-die-oberstufe\/#primaryimage","url":"https:\/\/www.gymnasium-mariengarden.de\/wordpress\/wp-content\/uploads\/2018\/02\/436056_web_R_K_by_Dieter-Sch\u00fctz_pixelio.de_.jpg","contentUrl":"https:\/\/www.gymnasium-mariengarden.de\/wordpress\/wp-content\/uploads\/2018\/02\/436056_web_R_K_by_Dieter-Sch\u00fctz_pixelio.de_.jpg","width":400,"height":300},{"@type":"BreadcrumbList","@id":"https:\/\/www.gymnasium-mariengarden.de\/wordpress\/anmeldetermine-fuer-die-oberstufe\/#breadcrumb","itemListElement":[{"@type":"ListItem","position":1,"name":"Startseite","item":"https:\/\/www.gymnasium-mariengarden.de\/wordpress\/"},{"@type":"ListItem","position":2,"name":"Anmeldetermine f\u00fcr die Oberstufe"}]},{"@type":"WebSite","@id":"https:\/\/www.gymnasium-mariengarden.de\/wordpress\/#website","url":"https:\/\/www.gymnasium-mariengarden.de\/wordpress\/","name":"Gymnasium Mariengarden","description":"Privates Gymnasium der Oblatenmissionare","alternateName":"Gymnasium Mariengarden Borken-Burlo","potentialAction":[{"@type":"SearchAction","target":{"@type":"EntryPoint","urlTemplate":"https:\/\/www.gymnasium-mariengarden.de\/wordpress\/?s={search_term_string}"},"query-input":{"@type":"PropertyValueSpecification","valueRequired":true,"valueName":"search_term_string"}}],"inLanguage":"de"},{"@type":"Person","@id":"https:\/\/www.gymnasium-mariengarden.de\/wordpress\/#\/schema\/person\/df224558fcbf911ac239111da1ac985d","name":"Christian Ertner","url":"https:\/\/www.gymnasium-mariengarden.de\/wordpress\/author\/c-ertner\/"}]}},"_links":{"self":[{"href":"https:\/\/www.gymnasium-mariengarden.de\/wordpress\/wp-json\/wp\/v2\/posts\/16846","targetHints":{"allow":["GET"]}}],"collection":[{"href":"https:\/\/www.gymnasium-mariengarden.de\/wordpress\/wp-json\/wp\/v2\/posts"}],"about":[{"href":"https:\/\/www.gymnasium-mariengarden.de\/wordpress\/wp-json\/wp\/v2\/types\/post"}],"author":[{"embeddable":true,"href":"https:\/\/www.gymnasium-mariengarden.de\/wordpress\/wp-json\/wp\/v2\/users\/4"}],"replies":[{"embeddable":true,"href":"https:\/\/www.gymnasium-mariengarden.de\/wordpress\/wp-json\/wp\/v2\/comments?post=16846"}],"version-history":[{"count":2,"href":"https:\/\/www.gymnasium-mariengarden.de\/wordpress\/wp-json\/wp\/v2\/posts\/16846\/revisions"}],"predecessor-version":[{"id":16848,"href":"https:\/\/www.gymnasium-mariengarden.de\/wordpress\/wp-json\/wp\/v2\/posts\/16846\/revisions\/16848"}],"wp:featuredmedia":[{"embeddable":true,"href":"https:\/\/www.gymnasium-mariengarden.de\/wordpress\/wp-json\/wp\/v2\/media\/4623"}],"wp:attachment":[{"href":"https:\/\/www.gymnasium-mariengarden.de\/wordpress\/wp-json\/wp\/v2\/media?parent=16846"}],"wp:term":[{"taxonomy":"category","embeddable":true,"href":"https:\/\/www.gymnasium-mariengarden.de\/wordpress\/wp-json\/wp\/v2\/categories?post=16846"},{"taxonomy":"post_tag","embeddable":true,"href":"https:\/\/www.gymnasium-mariengarden.de\/wordpress\/wp-json\/wp\/v2\/tags?post=16846"}],"curies":[{"name":"wp","href":"https:\/\/api.w.org\/{rel}","templated":true}]}}