{"id":1674,"date":"2015-11-20T10:20:04","date_gmt":"2015-11-20T09:20:04","guid":{"rendered":"http:\/\/gymnasium-mariengarden.de\/wordpress\/?p=1674"},"modified":"2016-06-27T18:50:42","modified_gmt":"2016-06-27T16:50:42","slug":"schnuppertag-2015","status":"publish","type":"post","link":"https:\/\/www.gymnasium-mariengarden.de\/wordpress\/schnuppertag-2015\/","title":{"rendered":"Schnuppertag 2015"},"content":{"rendered":"<p><img loading=\"lazy\" decoding=\"async\" class=\"alignnone size-full wp-image-1664\" src=\"http:\/\/gymnasium-mariengarden.de\/wordpress\/wp-content\/uploads\/2016\/02\/Plakat-2015.jpg\" alt=\"Plakat 2015\" width=\"1122\" height=\"793\" srcset=\"https:\/\/www.gymnasium-mariengarden.de\/wordpress\/wp-content\/uploads\/2016\/02\/Plakat-2015.jpg 1122w, https:\/\/www.gymnasium-mariengarden.de\/wordpress\/wp-content\/uploads\/2016\/02\/Plakat-2015-300x212.jpg 300w, https:\/\/www.gymnasium-mariengarden.de\/wordpress\/wp-content\/uploads\/2016\/02\/Plakat-2015-768x543.jpg 768w, https:\/\/www.gymnasium-mariengarden.de\/wordpress\/wp-content\/uploads\/2016\/02\/Plakat-2015-1024x724.jpg 1024w\" sizes=\"auto, (max-width: 1122px) 100vw, 1122px\" \/><\/p>\n<p>Auf dem Schnuppertag begr\u00fc\u00dft die Schulgemeinschaft Viertkl\u00e4ssler vieler Grundschulen, Eltern und oft auch Ehemalige. Viele Informationen stehen f\u00fcr unsere G\u00e4ste bereit, Zeit f\u00fcr Vorf\u00fchrungen und Gespr\u00e4che sollte mitgebracht werden. F\u00fcr das leibliche Wohl ist gesorgt. Die Homepage-AG wird den Tag mit ihrer Berichterstattung begleiten und freut sich besonders auf Besucher in der Informatik.<\/p>\n<p>Das an die Grundschulen verschickte Infoblatt kann <a title=\"Infoblatt Grundschulen\" href=\"http:\/\/gymnasium-mariengarden.de\/dateien\/pdfs\/flyer\/infoblatt_grundschueler.pdf\">hier<\/a> erneut angesehen werden.<\/p>\n","protected":false},"excerpt":{"rendered":"<p>Auf dem Schnuppertag begr\u00fc\u00dft die Schulgemeinschaft Viertkl\u00e4ssler vieler Grundschulen, Eltern und oft auch Ehemalige. Viele Informationen stehen f\u00fcr unsere G\u00e4ste bereit, Zeit f\u00fcr Vorf\u00fchrungen und Gespr\u00e4che sollte mitgebracht werden. F\u00fcr das leibliche Wohl ist gesorgt. Die Homepage-AG wird den Tag mit ihrer Berichterstattung begleiten und freut sich besonders auf Besucher in der Informatik. Das an &hellip; <a href=\"https:\/\/www.gymnasium-mariengarden.de\/wordpress\/schnuppertag-2015\/\" class=\"more-link\"><span class=\"screen-reader-text\">Schnuppertag 2015<\/span> weiterlesen <span class=\"meta-nav\">&rarr;<\/span><\/a><\/p>\n","protected":false},"author":13,"featured_media":0,"comment_status":"open","ping_status":"open","sticky":false,"template":"","format":"standard","meta":{"footnotes":""},"categories":[250],"tags":[87,111],"class_list":["post-1674","post","type-post","status-publish","format-standard","hentry","category-veranstaltungen","tag-homepage-ag","tag-schnuppertag"],"yoast_head":"<!-- This site is optimized with the Yoast SEO plugin v27.3 - https:\/\/yoast.com\/product\/yoast-seo-wordpress\/ -->\n<title>Schnuppertag 2015 - Gymnasium Mariengarden<\/title>\n<meta name=\"description\" content=\"Privates Gymnasium der Oblatenmissionare\" \/>\n<meta name=\"robots\" content=\"index, follow, max-snippet:-1, max-image-preview:large, max-video-preview:-1\" \/>\n<link rel=\"canonical\" href=\"https:\/\/www.gymnasium-mariengarden.de\/wordpress\/schnuppertag-2015\/\" \/>\n<meta property=\"og:locale\" content=\"de_DE\" \/>\n<meta property=\"og:type\" content=\"article\" \/>\n<meta property=\"og:title\" content=\"Schnuppertag 2015 - Gymnasium Mariengarden\" \/>\n<meta property=\"og:description\" content=\"Privates Gymnasium der Oblatenmissionare\" \/>\n<meta property=\"og:url\" content=\"https:\/\/www.gymnasium-mariengarden.de\/wordpress\/schnuppertag-2015\/\" \/>\n<meta property=\"og:site_name\" content=\"Gymnasium Mariengarden\" \/>\n<meta property=\"article:publisher\" content=\"https:\/\/www.facebook.com\/groups\/38812342437\/?locale=de_DE\" \/>\n<meta property=\"article:published_time\" content=\"2015-11-20T09:20:04+00:00\" \/>\n<meta property=\"article:modified_time\" content=\"2016-06-27T16:50:42+00:00\" \/>\n<meta property=\"og:image\" content=\"http:\/\/gymnasium-mariengarden.de\/wordpress\/wp-content\/uploads\/2016\/02\/Plakat-2015.jpg\" \/>\n<meta name=\"author\" content=\"Homepage-AG\" \/>\n<meta name=\"twitter:card\" content=\"summary_large_image\" \/>\n<meta name=\"twitter:label1\" content=\"Verfasst von\" \/>\n\t<meta name=\"twitter:data1\" content=\"Homepage-AG\" \/>\n<script type=\"application\/ld+json\" class=\"yoast-schema-graph\">{\"@context\":\"https:\\\/\\\/schema.org\",\"@graph\":[{\"@type\":\"Article\",\"@id\":\"https:\\\/\\\/www.gymnasium-mariengarden.de\\\/wordpress\\\/schnuppertag-2015\\\/#article\",\"isPartOf\":{\"@id\":\"https:\\\/\\\/www.gymnasium-mariengarden.de\\\/wordpress\\\/schnuppertag-2015\\\/\"},\"author\":{\"name\":\"Homepage-AG\",\"@id\":\"https:\\\/\\\/www.gymnasium-mariengarden.de\\\/wordpress\\\/#\\\/schema\\\/person\\\/945d0fb09e28484ac2d080964de234c4\"},\"headline\":\"Schnuppertag 2015\",\"datePublished\":\"2015-11-20T09:20:04+00:00\",\"dateModified\":\"2016-06-27T16:50:42+00:00\",\"mainEntityOfPage\":{\"@id\":\"https:\\\/\\\/www.gymnasium-mariengarden.de\\\/wordpress\\\/schnuppertag-2015\\\/\"},\"wordCount\":73,\"commentCount\":0,\"image\":{\"@id\":\"https:\\\/\\\/www.gymnasium-mariengarden.de\\\/wordpress\\\/schnuppertag-2015\\\/#primaryimage\"},\"thumbnailUrl\":\"http:\\\/\\\/gymnasium-mariengarden.de\\\/wordpress\\\/wp-content\\\/uploads\\\/2016\\\/02\\\/Plakat-2015.jpg\",\"keywords\":[\"Homepage-AG\",\"Schnuppertag\"],\"articleSection\":[\"Veranstaltungen\"],\"inLanguage\":\"de\",\"potentialAction\":[{\"@type\":\"CommentAction\",\"name\":\"Comment\",\"target\":[\"https:\\\/\\\/www.gymnasium-mariengarden.de\\\/wordpress\\\/schnuppertag-2015\\\/#respond\"]}]},{\"@type\":\"WebPage\",\"@id\":\"https:\\\/\\\/www.gymnasium-mariengarden.de\\\/wordpress\\\/schnuppertag-2015\\\/\",\"url\":\"https:\\\/\\\/www.gymnasium-mariengarden.de\\\/wordpress\\\/schnuppertag-2015\\\/\",\"name\":\"Schnuppertag 2015 - Gymnasium Mariengarden\",\"isPartOf\":{\"@id\":\"https:\\\/\\\/www.gymnasium-mariengarden.de\\\/wordpress\\\/#website\"},\"primaryImageOfPage\":{\"@id\":\"https:\\\/\\\/www.gymnasium-mariengarden.de\\\/wordpress\\\/schnuppertag-2015\\\/#primaryimage\"},\"image\":{\"@id\":\"https:\\\/\\\/www.gymnasium-mariengarden.de\\\/wordpress\\\/schnuppertag-2015\\\/#primaryimage\"},\"thumbnailUrl\":\"http:\\\/\\\/gymnasium-mariengarden.de\\\/wordpress\\\/wp-content\\\/uploads\\\/2016\\\/02\\\/Plakat-2015.jpg\",\"datePublished\":\"2015-11-20T09:20:04+00:00\",\"dateModified\":\"2016-06-27T16:50:42+00:00\",\"author\":{\"@id\":\"https:\\\/\\\/www.gymnasium-mariengarden.de\\\/wordpress\\\/#\\\/schema\\\/person\\\/945d0fb09e28484ac2d080964de234c4\"},\"description\":\"Privates Gymnasium der Oblatenmissionare\",\"breadcrumb\":{\"@id\":\"https:\\\/\\\/www.gymnasium-mariengarden.de\\\/wordpress\\\/schnuppertag-2015\\\/#breadcrumb\"},\"inLanguage\":\"de\",\"potentialAction\":[{\"@type\":\"ReadAction\",\"target\":[\"https:\\\/\\\/www.gymnasium-mariengarden.de\\\/wordpress\\\/schnuppertag-2015\\\/\"]}]},{\"@type\":\"ImageObject\",\"inLanguage\":\"de\",\"@id\":\"https:\\\/\\\/www.gymnasium-mariengarden.de\\\/wordpress\\\/schnuppertag-2015\\\/#primaryimage\",\"url\":\"http:\\\/\\\/gymnasium-mariengarden.de\\\/wordpress\\\/wp-content\\\/uploads\\\/2016\\\/02\\\/Plakat-2015.jpg\",\"contentUrl\":\"http:\\\/\\\/gymnasium-mariengarden.de\\\/wordpress\\\/wp-content\\\/uploads\\\/2016\\\/02\\\/Plakat-2015.jpg\"},{\"@type\":\"BreadcrumbList\",\"@id\":\"https:\\\/\\\/www.gymnasium-mariengarden.de\\\/wordpress\\\/schnuppertag-2015\\\/#breadcrumb\",\"itemListElement\":[{\"@type\":\"ListItem\",\"position\":1,\"name\":\"Startseite\",\"item\":\"https:\\\/\\\/www.gymnasium-mariengarden.de\\\/wordpress\\\/\"},{\"@type\":\"ListItem\",\"position\":2,\"name\":\"Schnuppertag 2015\"}]},{\"@type\":\"WebSite\",\"@id\":\"https:\\\/\\\/www.gymnasium-mariengarden.de\\\/wordpress\\\/#website\",\"url\":\"https:\\\/\\\/www.gymnasium-mariengarden.de\\\/wordpress\\\/\",\"name\":\"Gymnasium Mariengarden\",\"description\":\"Privates Gymnasium der Oblatenmissionare\",\"alternateName\":\"Gymnasium Mariengarden Borken-Burlo\",\"potentialAction\":[{\"@type\":\"SearchAction\",\"target\":{\"@type\":\"EntryPoint\",\"urlTemplate\":\"https:\\\/\\\/www.gymnasium-mariengarden.de\\\/wordpress\\\/?s={search_term_string}\"},\"query-input\":{\"@type\":\"PropertyValueSpecification\",\"valueRequired\":true,\"valueName\":\"search_term_string\"}}],\"inLanguage\":\"de\"},{\"@type\":\"Person\",\"@id\":\"https:\\\/\\\/www.gymnasium-mariengarden.de\\\/wordpress\\\/#\\\/schema\\\/person\\\/945d0fb09e28484ac2d080964de234c4\",\"name\":\"Homepage-AG\",\"sameAs\":[\"http:\\\/\\\/gymnasium-mariengarden.de\"],\"url\":\"https:\\\/\\\/www.gymnasium-mariengarden.de\\\/wordpress\\\/author\\\/hpag\\\/\"}]}<\/script>\n<!-- \/ Yoast SEO plugin. -->","yoast_head_json":{"title":"Schnuppertag 2015 - Gymnasium Mariengarden","description":"Privates Gymnasium der Oblatenmissionare","robots":{"index":"index","follow":"follow","max-snippet":"max-snippet:-1","max-image-preview":"max-image-preview:large","max-video-preview":"max-video-preview:-1"},"canonical":"https:\/\/www.gymnasium-mariengarden.de\/wordpress\/schnuppertag-2015\/","og_locale":"de_DE","og_type":"article","og_title":"Schnuppertag 2015 - Gymnasium Mariengarden","og_description":"Privates Gymnasium der Oblatenmissionare","og_url":"https:\/\/www.gymnasium-mariengarden.de\/wordpress\/schnuppertag-2015\/","og_site_name":"Gymnasium Mariengarden","article_publisher":"https:\/\/www.facebook.com\/groups\/38812342437\/?locale=de_DE","article_published_time":"2015-11-20T09:20:04+00:00","article_modified_time":"2016-06-27T16:50:42+00:00","og_image":[{"url":"http:\/\/gymnasium-mariengarden.de\/wordpress\/wp-content\/uploads\/2016\/02\/Plakat-2015.jpg","type":"","width":"","height":""}],"author":"Homepage-AG","twitter_card":"summary_large_image","twitter_misc":{"Verfasst von":"Homepage-AG"},"schema":{"@context":"https:\/\/schema.org","@graph":[{"@type":"Article","@id":"https:\/\/www.gymnasium-mariengarden.de\/wordpress\/schnuppertag-2015\/#article","isPartOf":{"@id":"https:\/\/www.gymnasium-mariengarden.de\/wordpress\/schnuppertag-2015\/"},"author":{"name":"Homepage-AG","@id":"https:\/\/www.gymnasium-mariengarden.de\/wordpress\/#\/schema\/person\/945d0fb09e28484ac2d080964de234c4"},"headline":"Schnuppertag 2015","datePublished":"2015-11-20T09:20:04+00:00","dateModified":"2016-06-27T16:50:42+00:00","mainEntityOfPage":{"@id":"https:\/\/www.gymnasium-mariengarden.de\/wordpress\/schnuppertag-2015\/"},"wordCount":73,"commentCount":0,"image":{"@id":"https:\/\/www.gymnasium-mariengarden.de\/wordpress\/schnuppertag-2015\/#primaryimage"},"thumbnailUrl":"http:\/\/gymnasium-mariengarden.de\/wordpress\/wp-content\/uploads\/2016\/02\/Plakat-2015.jpg","keywords":["Homepage-AG","Schnuppertag"],"articleSection":["Veranstaltungen"],"inLanguage":"de","potentialAction":[{"@type":"CommentAction","name":"Comment","target":["https:\/\/www.gymnasium-mariengarden.de\/wordpress\/schnuppertag-2015\/#respond"]}]},{"@type":"WebPage","@id":"https:\/\/www.gymnasium-mariengarden.de\/wordpress\/schnuppertag-2015\/","url":"https:\/\/www.gymnasium-mariengarden.de\/wordpress\/schnuppertag-2015\/","name":"Schnuppertag 2015 - Gymnasium Mariengarden","isPartOf":{"@id":"https:\/\/www.gymnasium-mariengarden.de\/wordpress\/#website"},"primaryImageOfPage":{"@id":"https:\/\/www.gymnasium-mariengarden.de\/wordpress\/schnuppertag-2015\/#primaryimage"},"image":{"@id":"https:\/\/www.gymnasium-mariengarden.de\/wordpress\/schnuppertag-2015\/#primaryimage"},"thumbnailUrl":"http:\/\/gymnasium-mariengarden.de\/wordpress\/wp-content\/uploads\/2016\/02\/Plakat-2015.jpg","datePublished":"2015-11-20T09:20:04+00:00","dateModified":"2016-06-27T16:50:42+00:00","author":{"@id":"https:\/\/www.gymnasium-mariengarden.de\/wordpress\/#\/schema\/person\/945d0fb09e28484ac2d080964de234c4"},"description":"Privates Gymnasium der Oblatenmissionare","breadcrumb":{"@id":"https:\/\/www.gymnasium-mariengarden.de\/wordpress\/schnuppertag-2015\/#breadcrumb"},"inLanguage":"de","potentialAction":[{"@type":"ReadAction","target":["https:\/\/www.gymnasium-mariengarden.de\/wordpress\/schnuppertag-2015\/"]}]},{"@type":"ImageObject","inLanguage":"de","@id":"https:\/\/www.gymnasium-mariengarden.de\/wordpress\/schnuppertag-2015\/#primaryimage","url":"http:\/\/gymnasium-mariengarden.de\/wordpress\/wp-content\/uploads\/2016\/02\/Plakat-2015.jpg","contentUrl":"http:\/\/gymnasium-mariengarden.de\/wordpress\/wp-content\/uploads\/2016\/02\/Plakat-2015.jpg"},{"@type":"BreadcrumbList","@id":"https:\/\/www.gymnasium-mariengarden.de\/wordpress\/schnuppertag-2015\/#breadcrumb","itemListElement":[{"@type":"ListItem","position":1,"name":"Startseite","item":"https:\/\/www.gymnasium-mariengarden.de\/wordpress\/"},{"@type":"ListItem","position":2,"name":"Schnuppertag 2015"}]},{"@type":"WebSite","@id":"https:\/\/www.gymnasium-mariengarden.de\/wordpress\/#website","url":"https:\/\/www.gymnasium-mariengarden.de\/wordpress\/","name":"Gymnasium Mariengarden","description":"Privates Gymnasium der Oblatenmissionare","alternateName":"Gymnasium Mariengarden Borken-Burlo","potentialAction":[{"@type":"SearchAction","target":{"@type":"EntryPoint","urlTemplate":"https:\/\/www.gymnasium-mariengarden.de\/wordpress\/?s={search_term_string}"},"query-input":{"@type":"PropertyValueSpecification","valueRequired":true,"valueName":"search_term_string"}}],"inLanguage":"de"},{"@type":"Person","@id":"https:\/\/www.gymnasium-mariengarden.de\/wordpress\/#\/schema\/person\/945d0fb09e28484ac2d080964de234c4","name":"Homepage-AG","sameAs":["http:\/\/gymnasium-mariengarden.de"],"url":"https:\/\/www.gymnasium-mariengarden.de\/wordpress\/author\/hpag\/"}]}},"_links":{"self":[{"href":"https:\/\/www.gymnasium-mariengarden.de\/wordpress\/wp-json\/wp\/v2\/posts\/1674","targetHints":{"allow":["GET"]}}],"collection":[{"href":"https:\/\/www.gymnasium-mariengarden.de\/wordpress\/wp-json\/wp\/v2\/posts"}],"about":[{"href":"https:\/\/www.gymnasium-mariengarden.de\/wordpress\/wp-json\/wp\/v2\/types\/post"}],"author":[{"embeddable":true,"href":"https:\/\/www.gymnasium-mariengarden.de\/wordpress\/wp-json\/wp\/v2\/users\/13"}],"replies":[{"embeddable":true,"href":"https:\/\/www.gymnasium-mariengarden.de\/wordpress\/wp-json\/wp\/v2\/comments?post=1674"}],"version-history":[{"count":4,"href":"https:\/\/www.gymnasium-mariengarden.de\/wordpress\/wp-json\/wp\/v2\/posts\/1674\/revisions"}],"predecessor-version":[{"id":3211,"href":"https:\/\/www.gymnasium-mariengarden.de\/wordpress\/wp-json\/wp\/v2\/posts\/1674\/revisions\/3211"}],"wp:attachment":[{"href":"https:\/\/www.gymnasium-mariengarden.de\/wordpress\/wp-json\/wp\/v2\/media?parent=1674"}],"wp:term":[{"taxonomy":"category","embeddable":true,"href":"https:\/\/www.gymnasium-mariengarden.de\/wordpress\/wp-json\/wp\/v2\/categories?post=1674"},{"taxonomy":"post_tag","embeddable":true,"href":"https:\/\/www.gymnasium-mariengarden.de\/wordpress\/wp-json\/wp\/v2\/tags?post=1674"}],"curies":[{"name":"wp","href":"https:\/\/api.w.org\/{rel}","templated":true}]}}