{"id":16726,"date":"2025-11-12T19:00:52","date_gmt":"2025-11-12T18:00:52","guid":{"rendered":"https:\/\/www.gymnasium-mariengarden.de\/wordpress\/?p=16726"},"modified":"2025-11-12T19:00:53","modified_gmt":"2025-11-12T18:00:53","slug":"auftaktveranstaltung-schueler-macht-mint","status":"publish","type":"post","link":"https:\/\/www.gymnasium-mariengarden.de\/wordpress\/auftaktveranstaltung-schueler-macht-mint\/","title":{"rendered":"Auftaktveranstaltung Sch\u00fcler macht MI(N)T"},"content":{"rendered":"\n<p>Bei der diesj\u00e4hrigen Auftaktveranstaltung des Wettbewerbs <em>\u201eSch\u00fcler macht MI(N)T!\u201c<\/em> an der Gesamtschule Bocholt stellte unser Team seine spannende Projektidee vor: den \u201eIntelligenten K\u00fchlschrank-Organizer\u201c.<\/p>\n\n\n\n<!--more-->\n\n\n\n<p>Die Sch\u00fclerinnen und Sch\u00fcler Imke H\u00fcls, Klara Brosius, Leni Kr\u00e4ker, Lina Fietz, Maximilian Horn, Lion Duarte Barros und Linda He\u00dfling m\u00f6chten mit ihrem Projekt dazu beitragen, Lebensmittelverschwendung zu reduzieren. Ihr Konzept: Eine Kamera im K\u00fchlschrank erkennt \u00fcber Bild- oder Barcodeerkennung die vorhandenen Lebensmittel und \u00fcberwacht deren Ablaufdaten. Passend dazu schl\u00e4gt eine App Rezepte vor, die sich mit den vorhandenen Zutaten umsetzen lassen \u2013 f\u00fcr mehr Nachhaltigkeit und \u00dcbersicht im Alltag.<\/p>\n\n\n\n<figure class=\"wp-block-gallery has-nested-images columns-default is-cropped wp-block-gallery-1 is-layout-flex wp-block-gallery-is-layout-flex\">\n<figure class=\"wp-block-image size-large\"><img loading=\"lazy\" decoding=\"async\" width=\"768\" height=\"1024\" data-id=\"16729\" src=\"https:\/\/www.gymnasium-mariengarden.de\/wordpress\/wp-content\/uploads\/2025\/11\/IMG_2366-768x1024.jpg\" alt=\"\" class=\"wp-image-16729\" srcset=\"https:\/\/www.gymnasium-mariengarden.de\/wordpress\/wp-content\/uploads\/2025\/11\/IMG_2366-768x1024.jpg 768w, https:\/\/www.gymnasium-mariengarden.de\/wordpress\/wp-content\/uploads\/2025\/11\/IMG_2366-225x300.jpg 225w, https:\/\/www.gymnasium-mariengarden.de\/wordpress\/wp-content\/uploads\/2025\/11\/IMG_2366-1152x1536.jpg 1152w, https:\/\/www.gymnasium-mariengarden.de\/wordpress\/wp-content\/uploads\/2025\/11\/IMG_2366-1536x2048.jpg 1536w, https:\/\/www.gymnasium-mariengarden.de\/wordpress\/wp-content\/uploads\/2025\/11\/IMG_2366-scaled.jpg 1920w\" sizes=\"auto, (max-width: 768px) 100vw, 768px\" \/><\/figure>\n\n\n\n<figure class=\"wp-block-image size-large\"><img loading=\"lazy\" decoding=\"async\" width=\"768\" height=\"1024\" data-id=\"16728\" src=\"https:\/\/www.gymnasium-mariengarden.de\/wordpress\/wp-content\/uploads\/2025\/11\/IMG_2368-768x1024.jpg\" alt=\"\" class=\"wp-image-16728\" srcset=\"https:\/\/www.gymnasium-mariengarden.de\/wordpress\/wp-content\/uploads\/2025\/11\/IMG_2368-768x1024.jpg 768w, https:\/\/www.gymnasium-mariengarden.de\/wordpress\/wp-content\/uploads\/2025\/11\/IMG_2368-225x300.jpg 225w, https:\/\/www.gymnasium-mariengarden.de\/wordpress\/wp-content\/uploads\/2025\/11\/IMG_2368-1152x1536.jpg 1152w, https:\/\/www.gymnasium-mariengarden.de\/wordpress\/wp-content\/uploads\/2025\/11\/IMG_2368-1536x2048.jpg 1536w, https:\/\/www.gymnasium-mariengarden.de\/wordpress\/wp-content\/uploads\/2025\/11\/IMG_2368-scaled.jpg 1920w\" sizes=\"auto, (max-width: 768px) 100vw, 768px\" \/><\/figure>\n<\/figure>\n\n\n\n<p>Als Kooperationspartner unterst\u00fctzt uns die Firma Grunewald bei der technischen Umsetzung und App-Entwicklung. Die Betreuung des Projekts \u00fcbernimmt Theresa Naundorf.<\/p>\n\n\n\n<p>Mit dem \u201eK\u00fchlschrank-Organizer\u201c ist der Grundstein gelegt \u2013 jetzt geht es in die hei\u00dfe Phase der Entwicklung, in der aus der Idee Schritt f\u00fcr Schritt ein funktionierender Prototyp entsteht.<\/p>\n","protected":false},"excerpt":{"rendered":"<p>Bei der diesj\u00e4hrigen Auftaktveranstaltung des Wettbewerbs \u201eSch\u00fcler macht MI(N)T!\u201c an der Gesamtschule Bocholt stellte unser Team seine spannende Projektidee vor: den \u201eIntelligenten K\u00fchlschrank-Organizer\u201c.<\/p>\n","protected":false},"author":21,"featured_media":16727,"comment_status":"closed","ping_status":"closed","sticky":false,"template":"","format":"standard","meta":{"footnotes":""},"categories":[1],"tags":[423],"class_list":["post-16726","post","type-post","status-publish","format-standard","has-post-thumbnail","hentry","category-allgemein","tag-wettbewerb"],"yoast_head":"<!-- This site is optimized with the Yoast SEO plugin v27.3 - https:\/\/yoast.com\/product\/yoast-seo-wordpress\/ -->\n<title>Auftaktveranstaltung Sch\u00fcler macht MI(N)T - Gymnasium Mariengarden<\/title>\n<meta name=\"description\" content=\"Privates Gymnasium der Oblatenmissionare\" \/>\n<meta name=\"robots\" content=\"index, follow, max-snippet:-1, max-image-preview:large, max-video-preview:-1\" \/>\n<link rel=\"canonical\" href=\"https:\/\/www.gymnasium-mariengarden.de\/wordpress\/auftaktveranstaltung-schueler-macht-mint\/\" \/>\n<meta property=\"og:locale\" content=\"de_DE\" \/>\n<meta property=\"og:type\" content=\"article\" \/>\n<meta property=\"og:title\" content=\"Auftaktveranstaltung Sch\u00fcler macht MI(N)T - Gymnasium Mariengarden\" \/>\n<meta property=\"og:description\" content=\"Privates Gymnasium der Oblatenmissionare\" \/>\n<meta property=\"og:url\" content=\"https:\/\/www.gymnasium-mariengarden.de\/wordpress\/auftaktveranstaltung-schueler-macht-mint\/\" \/>\n<meta property=\"og:site_name\" content=\"Gymnasium Mariengarden\" \/>\n<meta property=\"article:publisher\" content=\"https:\/\/www.facebook.com\/groups\/38812342437\/?locale=de_DE\" \/>\n<meta property=\"article:published_time\" content=\"2025-11-12T18:00:52+00:00\" \/>\n<meta property=\"article:modified_time\" content=\"2025-11-12T18:00:53+00:00\" \/>\n<meta property=\"og:image\" content=\"https:\/\/www.gymnasium-mariengarden.de\/wordpress\/wp-content\/uploads\/2025\/11\/IMG_2372-scaled.jpg\" \/>\n\t<meta property=\"og:image:width\" content=\"1920\" \/>\n\t<meta property=\"og:image:height\" content=\"2560\" \/>\n\t<meta property=\"og:image:type\" content=\"image\/jpeg\" \/>\n<meta name=\"author\" content=\"Theresa Naundorf\" \/>\n<meta name=\"twitter:card\" content=\"summary_large_image\" \/>\n<meta name=\"twitter:label1\" content=\"Verfasst von\" \/>\n\t<meta name=\"twitter:data1\" content=\"Theresa Naundorf\" \/>\n\t<meta name=\"twitter:label2\" content=\"Gesch\u00e4tzte Lesezeit\" \/>\n\t<meta name=\"twitter:data2\" content=\"2\u00a0Minuten\" \/>\n<script type=\"application\/ld+json\" class=\"yoast-schema-graph\">{\"@context\":\"https:\\\/\\\/schema.org\",\"@graph\":[{\"@type\":\"Article\",\"@id\":\"https:\\\/\\\/www.gymnasium-mariengarden.de\\\/wordpress\\\/auftaktveranstaltung-schueler-macht-mint\\\/#article\",\"isPartOf\":{\"@id\":\"https:\\\/\\\/www.gymnasium-mariengarden.de\\\/wordpress\\\/auftaktveranstaltung-schueler-macht-mint\\\/\"},\"author\":{\"name\":\"Theresa Naundorf\",\"@id\":\"https:\\\/\\\/www.gymnasium-mariengarden.de\\\/wordpress\\\/#\\\/schema\\\/person\\\/ac4c63d2fac21c0e96f7d991e52ce21d\"},\"headline\":\"Auftaktveranstaltung Sch\u00fcler macht MI(N)T\",\"datePublished\":\"2025-11-12T18:00:52+00:00\",\"dateModified\":\"2025-11-12T18:00:53+00:00\",\"mainEntityOfPage\":{\"@id\":\"https:\\\/\\\/www.gymnasium-mariengarden.de\\\/wordpress\\\/auftaktveranstaltung-schueler-macht-mint\\\/\"},\"wordCount\":165,\"image\":{\"@id\":\"https:\\\/\\\/www.gymnasium-mariengarden.de\\\/wordpress\\\/auftaktveranstaltung-schueler-macht-mint\\\/#primaryimage\"},\"thumbnailUrl\":\"https:\\\/\\\/www.gymnasium-mariengarden.de\\\/wordpress\\\/wp-content\\\/uploads\\\/2025\\\/11\\\/IMG_2372-scaled.jpg\",\"keywords\":[\"Wettbewerb\"],\"inLanguage\":\"de\"},{\"@type\":\"WebPage\",\"@id\":\"https:\\\/\\\/www.gymnasium-mariengarden.de\\\/wordpress\\\/auftaktveranstaltung-schueler-macht-mint\\\/\",\"url\":\"https:\\\/\\\/www.gymnasium-mariengarden.de\\\/wordpress\\\/auftaktveranstaltung-schueler-macht-mint\\\/\",\"name\":\"Auftaktveranstaltung Sch\u00fcler macht MI(N)T - Gymnasium Mariengarden\",\"isPartOf\":{\"@id\":\"https:\\\/\\\/www.gymnasium-mariengarden.de\\\/wordpress\\\/#website\"},\"primaryImageOfPage\":{\"@id\":\"https:\\\/\\\/www.gymnasium-mariengarden.de\\\/wordpress\\\/auftaktveranstaltung-schueler-macht-mint\\\/#primaryimage\"},\"image\":{\"@id\":\"https:\\\/\\\/www.gymnasium-mariengarden.de\\\/wordpress\\\/auftaktveranstaltung-schueler-macht-mint\\\/#primaryimage\"},\"thumbnailUrl\":\"https:\\\/\\\/www.gymnasium-mariengarden.de\\\/wordpress\\\/wp-content\\\/uploads\\\/2025\\\/11\\\/IMG_2372-scaled.jpg\",\"datePublished\":\"2025-11-12T18:00:52+00:00\",\"dateModified\":\"2025-11-12T18:00:53+00:00\",\"author\":{\"@id\":\"https:\\\/\\\/www.gymnasium-mariengarden.de\\\/wordpress\\\/#\\\/schema\\\/person\\\/ac4c63d2fac21c0e96f7d991e52ce21d\"},\"description\":\"Privates Gymnasium der Oblatenmissionare\",\"breadcrumb\":{\"@id\":\"https:\\\/\\\/www.gymnasium-mariengarden.de\\\/wordpress\\\/auftaktveranstaltung-schueler-macht-mint\\\/#breadcrumb\"},\"inLanguage\":\"de\",\"potentialAction\":[{\"@type\":\"ReadAction\",\"target\":[\"https:\\\/\\\/www.gymnasium-mariengarden.de\\\/wordpress\\\/auftaktveranstaltung-schueler-macht-mint\\\/\"]}]},{\"@type\":\"ImageObject\",\"inLanguage\":\"de\",\"@id\":\"https:\\\/\\\/www.gymnasium-mariengarden.de\\\/wordpress\\\/auftaktveranstaltung-schueler-macht-mint\\\/#primaryimage\",\"url\":\"https:\\\/\\\/www.gymnasium-mariengarden.de\\\/wordpress\\\/wp-content\\\/uploads\\\/2025\\\/11\\\/IMG_2372-scaled.jpg\",\"contentUrl\":\"https:\\\/\\\/www.gymnasium-mariengarden.de\\\/wordpress\\\/wp-content\\\/uploads\\\/2025\\\/11\\\/IMG_2372-scaled.jpg\",\"width\":1920,\"height\":2560},{\"@type\":\"BreadcrumbList\",\"@id\":\"https:\\\/\\\/www.gymnasium-mariengarden.de\\\/wordpress\\\/auftaktveranstaltung-schueler-macht-mint\\\/#breadcrumb\",\"itemListElement\":[{\"@type\":\"ListItem\",\"position\":1,\"name\":\"Startseite\",\"item\":\"https:\\\/\\\/www.gymnasium-mariengarden.de\\\/wordpress\\\/\"},{\"@type\":\"ListItem\",\"position\":2,\"name\":\"Auftaktveranstaltung Sch\u00fcler macht MI(N)T\"}]},{\"@type\":\"WebSite\",\"@id\":\"https:\\\/\\\/www.gymnasium-mariengarden.de\\\/wordpress\\\/#website\",\"url\":\"https:\\\/\\\/www.gymnasium-mariengarden.de\\\/wordpress\\\/\",\"name\":\"Gymnasium Mariengarden\",\"description\":\"Privates Gymnasium der Oblatenmissionare\",\"alternateName\":\"Gymnasium Mariengarden Borken-Burlo\",\"potentialAction\":[{\"@type\":\"SearchAction\",\"target\":{\"@type\":\"EntryPoint\",\"urlTemplate\":\"https:\\\/\\\/www.gymnasium-mariengarden.de\\\/wordpress\\\/?s={search_term_string}\"},\"query-input\":{\"@type\":\"PropertyValueSpecification\",\"valueRequired\":true,\"valueName\":\"search_term_string\"}}],\"inLanguage\":\"de\"},{\"@type\":\"Person\",\"@id\":\"https:\\\/\\\/www.gymnasium-mariengarden.de\\\/wordpress\\\/#\\\/schema\\\/person\\\/ac4c63d2fac21c0e96f7d991e52ce21d\",\"name\":\"Theresa Naundorf\",\"url\":\"https:\\\/\\\/www.gymnasium-mariengarden.de\\\/wordpress\\\/author\\\/t-naundorf\\\/\"}]}<\/script>\n<!-- \/ Yoast SEO plugin. -->","yoast_head_json":{"title":"Auftaktveranstaltung Sch\u00fcler macht MI(N)T - Gymnasium Mariengarden","description":"Privates Gymnasium der Oblatenmissionare","robots":{"index":"index","follow":"follow","max-snippet":"max-snippet:-1","max-image-preview":"max-image-preview:large","max-video-preview":"max-video-preview:-1"},"canonical":"https:\/\/www.gymnasium-mariengarden.de\/wordpress\/auftaktveranstaltung-schueler-macht-mint\/","og_locale":"de_DE","og_type":"article","og_title":"Auftaktveranstaltung Sch\u00fcler macht MI(N)T - Gymnasium Mariengarden","og_description":"Privates Gymnasium der Oblatenmissionare","og_url":"https:\/\/www.gymnasium-mariengarden.de\/wordpress\/auftaktveranstaltung-schueler-macht-mint\/","og_site_name":"Gymnasium Mariengarden","article_publisher":"https:\/\/www.facebook.com\/groups\/38812342437\/?locale=de_DE","article_published_time":"2025-11-12T18:00:52+00:00","article_modified_time":"2025-11-12T18:00:53+00:00","og_image":[{"width":1920,"height":2560,"url":"https:\/\/www.gymnasium-mariengarden.de\/wordpress\/wp-content\/uploads\/2025\/11\/IMG_2372-scaled.jpg","type":"image\/jpeg"}],"author":"Theresa Naundorf","twitter_card":"summary_large_image","twitter_misc":{"Verfasst von":"Theresa Naundorf","Gesch\u00e4tzte Lesezeit":"2\u00a0Minuten"},"schema":{"@context":"https:\/\/schema.org","@graph":[{"@type":"Article","@id":"https:\/\/www.gymnasium-mariengarden.de\/wordpress\/auftaktveranstaltung-schueler-macht-mint\/#article","isPartOf":{"@id":"https:\/\/www.gymnasium-mariengarden.de\/wordpress\/auftaktveranstaltung-schueler-macht-mint\/"},"author":{"name":"Theresa Naundorf","@id":"https:\/\/www.gymnasium-mariengarden.de\/wordpress\/#\/schema\/person\/ac4c63d2fac21c0e96f7d991e52ce21d"},"headline":"Auftaktveranstaltung Sch\u00fcler macht MI(N)T","datePublished":"2025-11-12T18:00:52+00:00","dateModified":"2025-11-12T18:00:53+00:00","mainEntityOfPage":{"@id":"https:\/\/www.gymnasium-mariengarden.de\/wordpress\/auftaktveranstaltung-schueler-macht-mint\/"},"wordCount":165,"image":{"@id":"https:\/\/www.gymnasium-mariengarden.de\/wordpress\/auftaktveranstaltung-schueler-macht-mint\/#primaryimage"},"thumbnailUrl":"https:\/\/www.gymnasium-mariengarden.de\/wordpress\/wp-content\/uploads\/2025\/11\/IMG_2372-scaled.jpg","keywords":["Wettbewerb"],"inLanguage":"de"},{"@type":"WebPage","@id":"https:\/\/www.gymnasium-mariengarden.de\/wordpress\/auftaktveranstaltung-schueler-macht-mint\/","url":"https:\/\/www.gymnasium-mariengarden.de\/wordpress\/auftaktveranstaltung-schueler-macht-mint\/","name":"Auftaktveranstaltung Sch\u00fcler macht MI(N)T - Gymnasium Mariengarden","isPartOf":{"@id":"https:\/\/www.gymnasium-mariengarden.de\/wordpress\/#website"},"primaryImageOfPage":{"@id":"https:\/\/www.gymnasium-mariengarden.de\/wordpress\/auftaktveranstaltung-schueler-macht-mint\/#primaryimage"},"image":{"@id":"https:\/\/www.gymnasium-mariengarden.de\/wordpress\/auftaktveranstaltung-schueler-macht-mint\/#primaryimage"},"thumbnailUrl":"https:\/\/www.gymnasium-mariengarden.de\/wordpress\/wp-content\/uploads\/2025\/11\/IMG_2372-scaled.jpg","datePublished":"2025-11-12T18:00:52+00:00","dateModified":"2025-11-12T18:00:53+00:00","author":{"@id":"https:\/\/www.gymnasium-mariengarden.de\/wordpress\/#\/schema\/person\/ac4c63d2fac21c0e96f7d991e52ce21d"},"description":"Privates Gymnasium der Oblatenmissionare","breadcrumb":{"@id":"https:\/\/www.gymnasium-mariengarden.de\/wordpress\/auftaktveranstaltung-schueler-macht-mint\/#breadcrumb"},"inLanguage":"de","potentialAction":[{"@type":"ReadAction","target":["https:\/\/www.gymnasium-mariengarden.de\/wordpress\/auftaktveranstaltung-schueler-macht-mint\/"]}]},{"@type":"ImageObject","inLanguage":"de","@id":"https:\/\/www.gymnasium-mariengarden.de\/wordpress\/auftaktveranstaltung-schueler-macht-mint\/#primaryimage","url":"https:\/\/www.gymnasium-mariengarden.de\/wordpress\/wp-content\/uploads\/2025\/11\/IMG_2372-scaled.jpg","contentUrl":"https:\/\/www.gymnasium-mariengarden.de\/wordpress\/wp-content\/uploads\/2025\/11\/IMG_2372-scaled.jpg","width":1920,"height":2560},{"@type":"BreadcrumbList","@id":"https:\/\/www.gymnasium-mariengarden.de\/wordpress\/auftaktveranstaltung-schueler-macht-mint\/#breadcrumb","itemListElement":[{"@type":"ListItem","position":1,"name":"Startseite","item":"https:\/\/www.gymnasium-mariengarden.de\/wordpress\/"},{"@type":"ListItem","position":2,"name":"Auftaktveranstaltung Sch\u00fcler macht MI(N)T"}]},{"@type":"WebSite","@id":"https:\/\/www.gymnasium-mariengarden.de\/wordpress\/#website","url":"https:\/\/www.gymnasium-mariengarden.de\/wordpress\/","name":"Gymnasium Mariengarden","description":"Privates Gymnasium der Oblatenmissionare","alternateName":"Gymnasium Mariengarden Borken-Burlo","potentialAction":[{"@type":"SearchAction","target":{"@type":"EntryPoint","urlTemplate":"https:\/\/www.gymnasium-mariengarden.de\/wordpress\/?s={search_term_string}"},"query-input":{"@type":"PropertyValueSpecification","valueRequired":true,"valueName":"search_term_string"}}],"inLanguage":"de"},{"@type":"Person","@id":"https:\/\/www.gymnasium-mariengarden.de\/wordpress\/#\/schema\/person\/ac4c63d2fac21c0e96f7d991e52ce21d","name":"Theresa Naundorf","url":"https:\/\/www.gymnasium-mariengarden.de\/wordpress\/author\/t-naundorf\/"}]}},"_links":{"self":[{"href":"https:\/\/www.gymnasium-mariengarden.de\/wordpress\/wp-json\/wp\/v2\/posts\/16726","targetHints":{"allow":["GET"]}}],"collection":[{"href":"https:\/\/www.gymnasium-mariengarden.de\/wordpress\/wp-json\/wp\/v2\/posts"}],"about":[{"href":"https:\/\/www.gymnasium-mariengarden.de\/wordpress\/wp-json\/wp\/v2\/types\/post"}],"author":[{"embeddable":true,"href":"https:\/\/www.gymnasium-mariengarden.de\/wordpress\/wp-json\/wp\/v2\/users\/21"}],"replies":[{"embeddable":true,"href":"https:\/\/www.gymnasium-mariengarden.de\/wordpress\/wp-json\/wp\/v2\/comments?post=16726"}],"version-history":[{"count":1,"href":"https:\/\/www.gymnasium-mariengarden.de\/wordpress\/wp-json\/wp\/v2\/posts\/16726\/revisions"}],"predecessor-version":[{"id":16730,"href":"https:\/\/www.gymnasium-mariengarden.de\/wordpress\/wp-json\/wp\/v2\/posts\/16726\/revisions\/16730"}],"wp:featuredmedia":[{"embeddable":true,"href":"https:\/\/www.gymnasium-mariengarden.de\/wordpress\/wp-json\/wp\/v2\/media\/16727"}],"wp:attachment":[{"href":"https:\/\/www.gymnasium-mariengarden.de\/wordpress\/wp-json\/wp\/v2\/media?parent=16726"}],"wp:term":[{"taxonomy":"category","embeddable":true,"href":"https:\/\/www.gymnasium-mariengarden.de\/wordpress\/wp-json\/wp\/v2\/categories?post=16726"},{"taxonomy":"post_tag","embeddable":true,"href":"https:\/\/www.gymnasium-mariengarden.de\/wordpress\/wp-json\/wp\/v2\/tags?post=16726"}],"curies":[{"name":"wp","href":"https:\/\/api.w.org\/{rel}","templated":true}]}}