{"id":16715,"date":"2025-11-11T18:05:44","date_gmt":"2025-11-11T17:05:44","guid":{"rendered":"https:\/\/www.gymnasium-mariengarden.de\/wordpress\/?p=16715"},"modified":"2025-11-11T18:05:45","modified_gmt":"2025-11-11T17:05:45","slug":"wer-rastet-der-rostet","status":"publish","type":"post","link":"https:\/\/www.gymnasium-mariengarden.de\/wordpress\/wer-rastet-der-rostet\/","title":{"rendered":"\u201eWer rastet, der rostet\u201c"},"content":{"rendered":"\n<p>Unter dem diesj\u00e4hrigen Motto \u201eWer rastet, der rostet\u201c nahmen zahlreiche Sch\u00fclerinnen und Sch\u00fcler des Gymnasium Mariengarden am landesweiten Biologiewettbewerb \u201ebio-logisch!\u201c teil. Dabei stand alles im Zeichen der Bewegung \u2013 von der sportlichen Aktivit\u00e4t bis hin zu den biologischen Prozessen, die unseren K\u00f6rper in Schwung halten.<\/p>\n\n\n\n<!--more-->\n\n\n\n<p>Insgesamt beteiligten sich alle jetzigen Klassen 6 sowie die Klassen 7a und 7c an dem Wettbewerb und setzten sich engagiert mit spannenden Experimenten und Aufgaben auseinander. Mit gro\u00dfem Forschergeist untersuchten die Teilnehmenden beispielsweise, was im K\u00f6rper passiert, wenn man sich bewegt \u2013 und was, wenn man es eben nicht tut.<\/p>\n\n\n\n<figure class=\"wp-block-gallery has-nested-images columns-default is-cropped wp-block-gallery-1 is-layout-flex wp-block-gallery-is-layout-flex\">\n<figure class=\"wp-block-image size-large\"><img loading=\"lazy\" decoding=\"async\" width=\"1024\" height=\"768\" data-id=\"16719\" src=\"https:\/\/www.gymnasium-mariengarden.de\/wordpress\/wp-content\/uploads\/2025\/11\/IMG_0019-1024x768.jpg\" alt=\"\" class=\"wp-image-16719\" srcset=\"https:\/\/www.gymnasium-mariengarden.de\/wordpress\/wp-content\/uploads\/2025\/11\/IMG_0019-1024x768.jpg 1024w, https:\/\/www.gymnasium-mariengarden.de\/wordpress\/wp-content\/uploads\/2025\/11\/IMG_0019-300x225.jpg 300w, https:\/\/www.gymnasium-mariengarden.de\/wordpress\/wp-content\/uploads\/2025\/11\/IMG_0019-768x576.jpg 768w, https:\/\/www.gymnasium-mariengarden.de\/wordpress\/wp-content\/uploads\/2025\/11\/IMG_0019-1536x1152.jpg 1536w, https:\/\/www.gymnasium-mariengarden.de\/wordpress\/wp-content\/uploads\/2025\/11\/IMG_0019-2048x1536.jpg 2048w\" sizes=\"auto, (max-width: 1024px) 100vw, 1024px\" \/><\/figure>\n\n\n\n<figure class=\"wp-block-image size-large\"><img loading=\"lazy\" decoding=\"async\" width=\"1024\" height=\"768\" data-id=\"16720\" src=\"https:\/\/www.gymnasium-mariengarden.de\/wordpress\/wp-content\/uploads\/2025\/11\/IMG_0143-1024x768.jpg\" alt=\"\" class=\"wp-image-16720\" srcset=\"https:\/\/www.gymnasium-mariengarden.de\/wordpress\/wp-content\/uploads\/2025\/11\/IMG_0143-1024x768.jpg 1024w, https:\/\/www.gymnasium-mariengarden.de\/wordpress\/wp-content\/uploads\/2025\/11\/IMG_0143-300x225.jpg 300w, https:\/\/www.gymnasium-mariengarden.de\/wordpress\/wp-content\/uploads\/2025\/11\/IMG_0143-768x576.jpg 768w, https:\/\/www.gymnasium-mariengarden.de\/wordpress\/wp-content\/uploads\/2025\/11\/IMG_0143-1536x1152.jpg 1536w, https:\/\/www.gymnasium-mariengarden.de\/wordpress\/wp-content\/uploads\/2025\/11\/IMG_0143-2048x1536.jpg 2048w\" sizes=\"auto, (max-width: 1024px) 100vw, 1024px\" \/><\/figure>\n\n\n\n<figure class=\"wp-block-image size-large\"><img loading=\"lazy\" decoding=\"async\" width=\"1024\" height=\"768\" data-id=\"16721\" src=\"https:\/\/www.gymnasium-mariengarden.de\/wordpress\/wp-content\/uploads\/2025\/11\/IMG_2386-1024x768.jpg\" alt=\"\" class=\"wp-image-16721\" srcset=\"https:\/\/www.gymnasium-mariengarden.de\/wordpress\/wp-content\/uploads\/2025\/11\/IMG_2386-1024x768.jpg 1024w, https:\/\/www.gymnasium-mariengarden.de\/wordpress\/wp-content\/uploads\/2025\/11\/IMG_2386-300x225.jpg 300w, https:\/\/www.gymnasium-mariengarden.de\/wordpress\/wp-content\/uploads\/2025\/11\/IMG_2386-768x576.jpg 768w, https:\/\/www.gymnasium-mariengarden.de\/wordpress\/wp-content\/uploads\/2025\/11\/IMG_2386-1536x1152.jpg 1536w, https:\/\/www.gymnasium-mariengarden.de\/wordpress\/wp-content\/uploads\/2025\/11\/IMG_2386-2048x1536.jpg 2048w\" sizes=\"auto, (max-width: 1024px) 100vw, 1024px\" \/><\/figure>\n<\/figure>\n\n\n\n<p>Besonders erfreulich: Gleich mehrere Sch\u00fcler konnten hervorragende Ergebnisse erzielen. Jakob B\u00f6ing, Jonathan Bouter, Karlo Brinkmann, Wim H\u00fcls und Konstatin Castro Belting geh\u00f6ren zu den Siegern des Jahres 2025.<br>Unter ihnen schnitt Konstatin Castro Belting am besten von allen Teilnehmenden unserer Schule ab \u2013 herzlichen Gl\u00fcckwunsch zu dieser tollen Leistung!<\/p>\n\n\n\n<p>Betreut wurden die Sch\u00fclerinnen und Sch\u00fcler von Lukas Drees, Sinah Dyballa und Theresa Naundorf, die den Wettbewerb in den Unterricht integrierten und die Kinder bei ihren Projekten begleiteten.<\/p>\n\n\n\n<p>Der Wettbewerb \u201ebio-logisch!\u201c wird j\u00e4hrlich vom Ministerium f\u00fcr Schule und Bildung des Landes Nordrhein-Westfalen ausgeschrieben und richtet sich an besonders naturwissenschaftlich interessierte Sch\u00fclerinnen und Sch\u00fcler der Sekundarstufe I. Die Fachschaft Biologie freut sich schon auf die n\u00e4chste Wettbewerbsrunde \u2013 ganz nach dem Motto: Stillstand ist keine Option!<\/p>\n","protected":false},"excerpt":{"rendered":"<p>Unter dem diesj\u00e4hrigen Motto \u201eWer rastet, der rostet\u201c nahmen zahlreiche Sch\u00fclerinnen und Sch\u00fcler des Gymnasium Mariengarden am landesweiten Biologiewettbewerb \u201ebio-logisch!\u201c teil. Dabei stand alles im Zeichen der Bewegung \u2013 von der sportlichen Aktivit\u00e4t bis hin zu den biologischen Prozessen, die unseren K\u00f6rper in Schwung halten.<\/p>\n","protected":false},"author":21,"featured_media":16717,"comment_status":"closed","ping_status":"closed","sticky":false,"template":"","format":"standard","meta":{"footnotes":""},"categories":[1],"tags":[423],"class_list":["post-16715","post","type-post","status-publish","format-standard","has-post-thumbnail","hentry","category-allgemein","tag-wettbewerb"],"yoast_head":"<!-- This site is optimized with the Yoast SEO plugin v27.3 - https:\/\/yoast.com\/product\/yoast-seo-wordpress\/ -->\n<title>\u201eWer rastet, der rostet\u201c - Gymnasium Mariengarden<\/title>\n<meta name=\"description\" content=\"Privates Gymnasium der Oblatenmissionare\" \/>\n<meta name=\"robots\" content=\"index, follow, max-snippet:-1, max-image-preview:large, max-video-preview:-1\" \/>\n<link rel=\"canonical\" href=\"https:\/\/www.gymnasium-mariengarden.de\/wordpress\/wer-rastet-der-rostet\/\" \/>\n<meta property=\"og:locale\" content=\"de_DE\" \/>\n<meta property=\"og:type\" content=\"article\" \/>\n<meta property=\"og:title\" content=\"\u201eWer rastet, der rostet\u201c - Gymnasium Mariengarden\" \/>\n<meta property=\"og:description\" content=\"Privates Gymnasium der Oblatenmissionare\" \/>\n<meta property=\"og:url\" content=\"https:\/\/www.gymnasium-mariengarden.de\/wordpress\/wer-rastet-der-rostet\/\" \/>\n<meta property=\"og:site_name\" content=\"Gymnasium Mariengarden\" \/>\n<meta property=\"article:publisher\" content=\"https:\/\/www.facebook.com\/groups\/38812342437\/?locale=de_DE\" \/>\n<meta property=\"article:published_time\" content=\"2025-11-11T17:05:44+00:00\" \/>\n<meta property=\"article:modified_time\" content=\"2025-11-11T17:05:45+00:00\" \/>\n<meta property=\"og:image\" content=\"https:\/\/www.gymnasium-mariengarden.de\/wordpress\/wp-content\/uploads\/2025\/11\/Bild-Preisverleihung-1024x900.png\" \/>\n\t<meta property=\"og:image:width\" content=\"1024\" \/>\n\t<meta property=\"og:image:height\" content=\"900\" \/>\n\t<meta property=\"og:image:type\" content=\"image\/png\" \/>\n<meta name=\"author\" content=\"Theresa Naundorf\" \/>\n<meta name=\"twitter:card\" content=\"summary_large_image\" \/>\n<meta name=\"twitter:label1\" content=\"Verfasst von\" \/>\n\t<meta name=\"twitter:data1\" content=\"Theresa Naundorf\" \/>\n\t<meta name=\"twitter:label2\" content=\"Gesch\u00e4tzte Lesezeit\" \/>\n\t<meta name=\"twitter:data2\" content=\"3\u00a0Minuten\" \/>\n<script type=\"application\/ld+json\" class=\"yoast-schema-graph\">{\"@context\":\"https:\\\/\\\/schema.org\",\"@graph\":[{\"@type\":\"Article\",\"@id\":\"https:\\\/\\\/www.gymnasium-mariengarden.de\\\/wordpress\\\/wer-rastet-der-rostet\\\/#article\",\"isPartOf\":{\"@id\":\"https:\\\/\\\/www.gymnasium-mariengarden.de\\\/wordpress\\\/wer-rastet-der-rostet\\\/\"},\"author\":{\"name\":\"Theresa Naundorf\",\"@id\":\"https:\\\/\\\/www.gymnasium-mariengarden.de\\\/wordpress\\\/#\\\/schema\\\/person\\\/ac4c63d2fac21c0e96f7d991e52ce21d\"},\"headline\":\"\u201eWer rastet, der rostet\u201c\",\"datePublished\":\"2025-11-11T17:05:44+00:00\",\"dateModified\":\"2025-11-11T17:05:45+00:00\",\"mainEntityOfPage\":{\"@id\":\"https:\\\/\\\/www.gymnasium-mariengarden.de\\\/wordpress\\\/wer-rastet-der-rostet\\\/\"},\"wordCount\":236,\"image\":{\"@id\":\"https:\\\/\\\/www.gymnasium-mariengarden.de\\\/wordpress\\\/wer-rastet-der-rostet\\\/#primaryimage\"},\"thumbnailUrl\":\"https:\\\/\\\/www.gymnasium-mariengarden.de\\\/wordpress\\\/wp-content\\\/uploads\\\/2025\\\/11\\\/Bild-Preisverleihung-scaled.png\",\"keywords\":[\"Wettbewerb\"],\"inLanguage\":\"de\"},{\"@type\":\"WebPage\",\"@id\":\"https:\\\/\\\/www.gymnasium-mariengarden.de\\\/wordpress\\\/wer-rastet-der-rostet\\\/\",\"url\":\"https:\\\/\\\/www.gymnasium-mariengarden.de\\\/wordpress\\\/wer-rastet-der-rostet\\\/\",\"name\":\"\u201eWer rastet, der rostet\u201c - Gymnasium Mariengarden\",\"isPartOf\":{\"@id\":\"https:\\\/\\\/www.gymnasium-mariengarden.de\\\/wordpress\\\/#website\"},\"primaryImageOfPage\":{\"@id\":\"https:\\\/\\\/www.gymnasium-mariengarden.de\\\/wordpress\\\/wer-rastet-der-rostet\\\/#primaryimage\"},\"image\":{\"@id\":\"https:\\\/\\\/www.gymnasium-mariengarden.de\\\/wordpress\\\/wer-rastet-der-rostet\\\/#primaryimage\"},\"thumbnailUrl\":\"https:\\\/\\\/www.gymnasium-mariengarden.de\\\/wordpress\\\/wp-content\\\/uploads\\\/2025\\\/11\\\/Bild-Preisverleihung-scaled.png\",\"datePublished\":\"2025-11-11T17:05:44+00:00\",\"dateModified\":\"2025-11-11T17:05:45+00:00\",\"author\":{\"@id\":\"https:\\\/\\\/www.gymnasium-mariengarden.de\\\/wordpress\\\/#\\\/schema\\\/person\\\/ac4c63d2fac21c0e96f7d991e52ce21d\"},\"description\":\"Privates Gymnasium der Oblatenmissionare\",\"breadcrumb\":{\"@id\":\"https:\\\/\\\/www.gymnasium-mariengarden.de\\\/wordpress\\\/wer-rastet-der-rostet\\\/#breadcrumb\"},\"inLanguage\":\"de\",\"potentialAction\":[{\"@type\":\"ReadAction\",\"target\":[\"https:\\\/\\\/www.gymnasium-mariengarden.de\\\/wordpress\\\/wer-rastet-der-rostet\\\/\"]}]},{\"@type\":\"ImageObject\",\"inLanguage\":\"de\",\"@id\":\"https:\\\/\\\/www.gymnasium-mariengarden.de\\\/wordpress\\\/wer-rastet-der-rostet\\\/#primaryimage\",\"url\":\"https:\\\/\\\/www.gymnasium-mariengarden.de\\\/wordpress\\\/wp-content\\\/uploads\\\/2025\\\/11\\\/Bild-Preisverleihung-scaled.png\",\"contentUrl\":\"https:\\\/\\\/www.gymnasium-mariengarden.de\\\/wordpress\\\/wp-content\\\/uploads\\\/2025\\\/11\\\/Bild-Preisverleihung-scaled.png\",\"width\":2560,\"height\":2250},{\"@type\":\"BreadcrumbList\",\"@id\":\"https:\\\/\\\/www.gymnasium-mariengarden.de\\\/wordpress\\\/wer-rastet-der-rostet\\\/#breadcrumb\",\"itemListElement\":[{\"@type\":\"ListItem\",\"position\":1,\"name\":\"Startseite\",\"item\":\"https:\\\/\\\/www.gymnasium-mariengarden.de\\\/wordpress\\\/\"},{\"@type\":\"ListItem\",\"position\":2,\"name\":\"\u201eWer rastet, der rostet\u201c\"}]},{\"@type\":\"WebSite\",\"@id\":\"https:\\\/\\\/www.gymnasium-mariengarden.de\\\/wordpress\\\/#website\",\"url\":\"https:\\\/\\\/www.gymnasium-mariengarden.de\\\/wordpress\\\/\",\"name\":\"Gymnasium Mariengarden\",\"description\":\"Privates Gymnasium der Oblatenmissionare\",\"alternateName\":\"Gymnasium Mariengarden Borken-Burlo\",\"potentialAction\":[{\"@type\":\"SearchAction\",\"target\":{\"@type\":\"EntryPoint\",\"urlTemplate\":\"https:\\\/\\\/www.gymnasium-mariengarden.de\\\/wordpress\\\/?s={search_term_string}\"},\"query-input\":{\"@type\":\"PropertyValueSpecification\",\"valueRequired\":true,\"valueName\":\"search_term_string\"}}],\"inLanguage\":\"de\"},{\"@type\":\"Person\",\"@id\":\"https:\\\/\\\/www.gymnasium-mariengarden.de\\\/wordpress\\\/#\\\/schema\\\/person\\\/ac4c63d2fac21c0e96f7d991e52ce21d\",\"name\":\"Theresa Naundorf\",\"url\":\"https:\\\/\\\/www.gymnasium-mariengarden.de\\\/wordpress\\\/author\\\/t-naundorf\\\/\"}]}<\/script>\n<!-- \/ Yoast SEO plugin. -->","yoast_head_json":{"title":"\u201eWer rastet, der rostet\u201c - Gymnasium Mariengarden","description":"Privates Gymnasium der Oblatenmissionare","robots":{"index":"index","follow":"follow","max-snippet":"max-snippet:-1","max-image-preview":"max-image-preview:large","max-video-preview":"max-video-preview:-1"},"canonical":"https:\/\/www.gymnasium-mariengarden.de\/wordpress\/wer-rastet-der-rostet\/","og_locale":"de_DE","og_type":"article","og_title":"\u201eWer rastet, der rostet\u201c - Gymnasium Mariengarden","og_description":"Privates Gymnasium der Oblatenmissionare","og_url":"https:\/\/www.gymnasium-mariengarden.de\/wordpress\/wer-rastet-der-rostet\/","og_site_name":"Gymnasium Mariengarden","article_publisher":"https:\/\/www.facebook.com\/groups\/38812342437\/?locale=de_DE","article_published_time":"2025-11-11T17:05:44+00:00","article_modified_time":"2025-11-11T17:05:45+00:00","og_image":[{"width":1024,"height":900,"url":"https:\/\/www.gymnasium-mariengarden.de\/wordpress\/wp-content\/uploads\/2025\/11\/Bild-Preisverleihung-1024x900.png","type":"image\/png"}],"author":"Theresa Naundorf","twitter_card":"summary_large_image","twitter_misc":{"Verfasst von":"Theresa Naundorf","Gesch\u00e4tzte Lesezeit":"3\u00a0Minuten"},"schema":{"@context":"https:\/\/schema.org","@graph":[{"@type":"Article","@id":"https:\/\/www.gymnasium-mariengarden.de\/wordpress\/wer-rastet-der-rostet\/#article","isPartOf":{"@id":"https:\/\/www.gymnasium-mariengarden.de\/wordpress\/wer-rastet-der-rostet\/"},"author":{"name":"Theresa Naundorf","@id":"https:\/\/www.gymnasium-mariengarden.de\/wordpress\/#\/schema\/person\/ac4c63d2fac21c0e96f7d991e52ce21d"},"headline":"\u201eWer rastet, der rostet\u201c","datePublished":"2025-11-11T17:05:44+00:00","dateModified":"2025-11-11T17:05:45+00:00","mainEntityOfPage":{"@id":"https:\/\/www.gymnasium-mariengarden.de\/wordpress\/wer-rastet-der-rostet\/"},"wordCount":236,"image":{"@id":"https:\/\/www.gymnasium-mariengarden.de\/wordpress\/wer-rastet-der-rostet\/#primaryimage"},"thumbnailUrl":"https:\/\/www.gymnasium-mariengarden.de\/wordpress\/wp-content\/uploads\/2025\/11\/Bild-Preisverleihung-scaled.png","keywords":["Wettbewerb"],"inLanguage":"de"},{"@type":"WebPage","@id":"https:\/\/www.gymnasium-mariengarden.de\/wordpress\/wer-rastet-der-rostet\/","url":"https:\/\/www.gymnasium-mariengarden.de\/wordpress\/wer-rastet-der-rostet\/","name":"\u201eWer rastet, der rostet\u201c - Gymnasium Mariengarden","isPartOf":{"@id":"https:\/\/www.gymnasium-mariengarden.de\/wordpress\/#website"},"primaryImageOfPage":{"@id":"https:\/\/www.gymnasium-mariengarden.de\/wordpress\/wer-rastet-der-rostet\/#primaryimage"},"image":{"@id":"https:\/\/www.gymnasium-mariengarden.de\/wordpress\/wer-rastet-der-rostet\/#primaryimage"},"thumbnailUrl":"https:\/\/www.gymnasium-mariengarden.de\/wordpress\/wp-content\/uploads\/2025\/11\/Bild-Preisverleihung-scaled.png","datePublished":"2025-11-11T17:05:44+00:00","dateModified":"2025-11-11T17:05:45+00:00","author":{"@id":"https:\/\/www.gymnasium-mariengarden.de\/wordpress\/#\/schema\/person\/ac4c63d2fac21c0e96f7d991e52ce21d"},"description":"Privates Gymnasium der Oblatenmissionare","breadcrumb":{"@id":"https:\/\/www.gymnasium-mariengarden.de\/wordpress\/wer-rastet-der-rostet\/#breadcrumb"},"inLanguage":"de","potentialAction":[{"@type":"ReadAction","target":["https:\/\/www.gymnasium-mariengarden.de\/wordpress\/wer-rastet-der-rostet\/"]}]},{"@type":"ImageObject","inLanguage":"de","@id":"https:\/\/www.gymnasium-mariengarden.de\/wordpress\/wer-rastet-der-rostet\/#primaryimage","url":"https:\/\/www.gymnasium-mariengarden.de\/wordpress\/wp-content\/uploads\/2025\/11\/Bild-Preisverleihung-scaled.png","contentUrl":"https:\/\/www.gymnasium-mariengarden.de\/wordpress\/wp-content\/uploads\/2025\/11\/Bild-Preisverleihung-scaled.png","width":2560,"height":2250},{"@type":"BreadcrumbList","@id":"https:\/\/www.gymnasium-mariengarden.de\/wordpress\/wer-rastet-der-rostet\/#breadcrumb","itemListElement":[{"@type":"ListItem","position":1,"name":"Startseite","item":"https:\/\/www.gymnasium-mariengarden.de\/wordpress\/"},{"@type":"ListItem","position":2,"name":"\u201eWer rastet, der rostet\u201c"}]},{"@type":"WebSite","@id":"https:\/\/www.gymnasium-mariengarden.de\/wordpress\/#website","url":"https:\/\/www.gymnasium-mariengarden.de\/wordpress\/","name":"Gymnasium Mariengarden","description":"Privates Gymnasium der Oblatenmissionare","alternateName":"Gymnasium Mariengarden Borken-Burlo","potentialAction":[{"@type":"SearchAction","target":{"@type":"EntryPoint","urlTemplate":"https:\/\/www.gymnasium-mariengarden.de\/wordpress\/?s={search_term_string}"},"query-input":{"@type":"PropertyValueSpecification","valueRequired":true,"valueName":"search_term_string"}}],"inLanguage":"de"},{"@type":"Person","@id":"https:\/\/www.gymnasium-mariengarden.de\/wordpress\/#\/schema\/person\/ac4c63d2fac21c0e96f7d991e52ce21d","name":"Theresa Naundorf","url":"https:\/\/www.gymnasium-mariengarden.de\/wordpress\/author\/t-naundorf\/"}]}},"_links":{"self":[{"href":"https:\/\/www.gymnasium-mariengarden.de\/wordpress\/wp-json\/wp\/v2\/posts\/16715","targetHints":{"allow":["GET"]}}],"collection":[{"href":"https:\/\/www.gymnasium-mariengarden.de\/wordpress\/wp-json\/wp\/v2\/posts"}],"about":[{"href":"https:\/\/www.gymnasium-mariengarden.de\/wordpress\/wp-json\/wp\/v2\/types\/post"}],"author":[{"embeddable":true,"href":"https:\/\/www.gymnasium-mariengarden.de\/wordpress\/wp-json\/wp\/v2\/users\/21"}],"replies":[{"embeddable":true,"href":"https:\/\/www.gymnasium-mariengarden.de\/wordpress\/wp-json\/wp\/v2\/comments?post=16715"}],"version-history":[{"count":1,"href":"https:\/\/www.gymnasium-mariengarden.de\/wordpress\/wp-json\/wp\/v2\/posts\/16715\/revisions"}],"predecessor-version":[{"id":16722,"href":"https:\/\/www.gymnasium-mariengarden.de\/wordpress\/wp-json\/wp\/v2\/posts\/16715\/revisions\/16722"}],"wp:featuredmedia":[{"embeddable":true,"href":"https:\/\/www.gymnasium-mariengarden.de\/wordpress\/wp-json\/wp\/v2\/media\/16717"}],"wp:attachment":[{"href":"https:\/\/www.gymnasium-mariengarden.de\/wordpress\/wp-json\/wp\/v2\/media?parent=16715"}],"wp:term":[{"taxonomy":"category","embeddable":true,"href":"https:\/\/www.gymnasium-mariengarden.de\/wordpress\/wp-json\/wp\/v2\/categories?post=16715"},{"taxonomy":"post_tag","embeddable":true,"href":"https:\/\/www.gymnasium-mariengarden.de\/wordpress\/wp-json\/wp\/v2\/tags?post=16715"}],"curies":[{"name":"wp","href":"https:\/\/api.w.org\/{rel}","templated":true}]}}