{"id":16375,"date":"2025-03-16T13:47:47","date_gmt":"2025-03-16T12:47:47","guid":{"rendered":"https:\/\/www.gymnasium-mariengarden.de\/wordpress\/?p=16375"},"modified":"2025-03-16T13:47:47","modified_gmt":"2025-03-16T12:47:47","slug":"solo-teilnahme-am-bundeswettbewerb-fremdsprachen","status":"publish","type":"post","link":"https:\/\/www.gymnasium-mariengarden.de\/wordpress\/solo-teilnahme-am-bundeswettbewerb-fremdsprachen\/","title":{"rendered":"SOLO-Teilnahme am Bundeswettbewerb Fremdsprachen"},"content":{"rendered":"\n<p>Im Januar 2025 stellte sich der Sch\u00fcler Luka Tecker (Klasse 8) der Herausforderung am Bundeswettbewerb Fremdsprachen teilzunehmen. Bei diesem Wettbewerb k\u00f6nnen Sprachtalente aus den Klasse 8 bis 10 in der Kategorie SOLO antreten. Dazu schicken die TeilnehmerInnen vorab ein selbst gedrehtes Video ein und l\u00f6sen an einem zentralen Wettbewerbstag Aufgaben, die die verschiedenen Kompetenzen abfragen. F\u00fcr die Besten winkt eine Einladung zum \u201eSprachenturnier\u201c, wo es viele Preise und tolle neue Erfahrungen zu gewinnen gibt.<\/p>\n\n\n\n<!--more-->\n\n\n\n<p>F\u00fcr Luka hatte die Pr\u00fcfung ihren besonderen Reiz. Er hatte sich f\u00fcr die spanische Sprache angemeldet, welche er nicht im Schulunterricht erlernt, sondern die er sich mit kleinen Unterbrechungen seit gut zwei Jahren &#8211; anfangs mithilfe von Herrn G\u00f6tz und dann zum Teil im Selbststudium \u2013 aneignet. Zuletzt bereitete er sich unter Anleitung von Sr. Mel\u00e1nia OMI zielf\u00fchrend auf die Pr\u00fcfungen des Wettbewerbs vor.<br>Mit Begeisterung berichtet Luka: \u201eAm Donnerstag, den 23.01.2025 stand f\u00fcr mich ein etwas anderer Schultag als normalerweise an. Ich habe an diesem Tag n\u00e4mlich am Bundeswettbewerb Fremdsprachen teilgenommen. Genauer gesagt in Spanisch. Der Wettbewerb bestand aus zwei Teilen, n\u00e4mlich aus einem Video, welches vorher verschickt wurde und aus einem schriftlichen Teil, den ich am Donnerstag schrieb. Beaufsichtigt wurde ich von den Lehrerinnen aus der Spanischfachschaft. Auch der schriftliche Teil bestand aus unterschiedlichen Themenfeldern: Lesen, Schreiben, H\u00f6rverstehen, Landeskunde \u00fcber Argentinien und einem L\u00fcckentext. Dies dauerte ungef\u00e4hr drei Stunden. Das Ergebnis l\u00e4sst leider noch auf sich warten.\u201c<br>Die Spanischkolleginnen dr\u00fccken Luka die Daumen, es in die n\u00e4chste Runde zu schaffen. Unabh\u00e4ngig vom Ergebnis hat er auf jeden Fall gewinnbringende Erfahrungen gemacht &#8211; wie er selbst erz\u00e4hlte: z.B. 1. erste Eindr\u00fccke in eine Pr\u00fcfungssituation, die sich wahrlich von einer Klassenarbeit in der Mittelstufe unterscheidet, 2. Kennenlernen allt\u00e4glicher Situationen, g\u00e4ngigen Wortschatzes und Redewendungen, was \u00fcber den normalen Sprachunterricht hinausgeht sowie 3. Kontakte zu Muttersprachlern.<\/p>\n","protected":false},"excerpt":{"rendered":"<p>Im Januar 2025 stellte sich der Sch\u00fcler Luka Tecker (Klasse 8) der Herausforderung am Bundeswettbewerb Fremdsprachen teilzunehmen. Bei diesem Wettbewerb k\u00f6nnen Sprachtalente aus den Klasse 8 bis 10 in der Kategorie SOLO antreten. Dazu schicken die TeilnehmerInnen vorab ein selbst gedrehtes Video ein und l\u00f6sen an einem zentralen Wettbewerbstag Aufgaben, die die verschiedenen Kompetenzen abfragen. &hellip; <a href=\"https:\/\/www.gymnasium-mariengarden.de\/wordpress\/solo-teilnahme-am-bundeswettbewerb-fremdsprachen\/\" class=\"more-link\"><span class=\"screen-reader-text\">SOLO-Teilnahme am Bundeswettbewerb Fremdsprachen<\/span> weiterlesen <span class=\"meta-nav\">&rarr;<\/span><\/a><\/p>\n","protected":false},"author":30,"featured_media":16376,"comment_status":"closed","ping_status":"closed","sticky":false,"template":"","format":"standard","meta":{"footnotes":""},"categories":[99],"tags":[797,474,423],"class_list":["post-16375","post","type-post","status-publish","format-standard","has-post-thumbnail","hentry","category-wettbewerbe","tag-fremdsprachen","tag-spanisch","tag-wettbewerb"],"yoast_head":"<!-- This site is optimized with the Yoast SEO plugin v27.3 - https:\/\/yoast.com\/product\/yoast-seo-wordpress\/ -->\n<title>SOLO-Teilnahme am Bundeswettbewerb Fremdsprachen - Gymnasium Mariengarden<\/title>\n<meta name=\"description\" content=\"Privates Gymnasium der Oblatenmissionare\" \/>\n<meta name=\"robots\" content=\"index, follow, max-snippet:-1, max-image-preview:large, max-video-preview:-1\" \/>\n<link rel=\"canonical\" href=\"https:\/\/www.gymnasium-mariengarden.de\/wordpress\/solo-teilnahme-am-bundeswettbewerb-fremdsprachen\/\" \/>\n<meta property=\"og:locale\" content=\"de_DE\" \/>\n<meta property=\"og:type\" content=\"article\" \/>\n<meta property=\"og:title\" content=\"SOLO-Teilnahme am Bundeswettbewerb Fremdsprachen - Gymnasium Mariengarden\" \/>\n<meta property=\"og:description\" content=\"Privates Gymnasium der Oblatenmissionare\" \/>\n<meta property=\"og:url\" content=\"https:\/\/www.gymnasium-mariengarden.de\/wordpress\/solo-teilnahme-am-bundeswettbewerb-fremdsprachen\/\" \/>\n<meta property=\"og:site_name\" content=\"Gymnasium Mariengarden\" \/>\n<meta property=\"article:publisher\" content=\"https:\/\/www.facebook.com\/groups\/38812342437\/?locale=de_DE\" \/>\n<meta property=\"article:published_time\" content=\"2025-03-16T12:47:47+00:00\" \/>\n<meta property=\"og:image\" content=\"https:\/\/www.gymnasium-mariengarden.de\/wordpress\/wp-content\/uploads\/2025\/03\/Spanisch-scaled.jpg\" \/>\n\t<meta property=\"og:image:width\" content=\"2560\" \/>\n\t<meta property=\"og:image:height\" content=\"1707\" \/>\n\t<meta property=\"og:image:type\" content=\"image\/jpeg\" \/>\n<meta name=\"author\" content=\"Vera Haustein\" \/>\n<meta name=\"twitter:card\" content=\"summary_large_image\" \/>\n<meta name=\"twitter:label1\" content=\"Verfasst von\" \/>\n\t<meta name=\"twitter:data1\" content=\"Vera Haustein\" \/>\n\t<meta name=\"twitter:label2\" content=\"Gesch\u00e4tzte Lesezeit\" \/>\n\t<meta name=\"twitter:data2\" content=\"2\u00a0Minuten\" \/>\n<script type=\"application\/ld+json\" class=\"yoast-schema-graph\">{\"@context\":\"https:\\\/\\\/schema.org\",\"@graph\":[{\"@type\":\"Article\",\"@id\":\"https:\\\/\\\/www.gymnasium-mariengarden.de\\\/wordpress\\\/solo-teilnahme-am-bundeswettbewerb-fremdsprachen\\\/#article\",\"isPartOf\":{\"@id\":\"https:\\\/\\\/www.gymnasium-mariengarden.de\\\/wordpress\\\/solo-teilnahme-am-bundeswettbewerb-fremdsprachen\\\/\"},\"author\":{\"name\":\"Vera Haustein\",\"@id\":\"https:\\\/\\\/www.gymnasium-mariengarden.de\\\/wordpress\\\/#\\\/schema\\\/person\\\/d2aed11fc4cfe43f15f8f626072ed1db\"},\"headline\":\"SOLO-Teilnahme am Bundeswettbewerb Fremdsprachen\",\"datePublished\":\"2025-03-16T12:47:47+00:00\",\"mainEntityOfPage\":{\"@id\":\"https:\\\/\\\/www.gymnasium-mariengarden.de\\\/wordpress\\\/solo-teilnahme-am-bundeswettbewerb-fremdsprachen\\\/\"},\"wordCount\":320,\"image\":{\"@id\":\"https:\\\/\\\/www.gymnasium-mariengarden.de\\\/wordpress\\\/solo-teilnahme-am-bundeswettbewerb-fremdsprachen\\\/#primaryimage\"},\"thumbnailUrl\":\"https:\\\/\\\/www.gymnasium-mariengarden.de\\\/wordpress\\\/wp-content\\\/uploads\\\/2025\\\/03\\\/Spanisch-scaled.jpg\",\"keywords\":[\"Fremdsprachen\",\"Spanisch\",\"Wettbewerb\"],\"articleSection\":[\"Wettbewerbe\"],\"inLanguage\":\"de\"},{\"@type\":\"WebPage\",\"@id\":\"https:\\\/\\\/www.gymnasium-mariengarden.de\\\/wordpress\\\/solo-teilnahme-am-bundeswettbewerb-fremdsprachen\\\/\",\"url\":\"https:\\\/\\\/www.gymnasium-mariengarden.de\\\/wordpress\\\/solo-teilnahme-am-bundeswettbewerb-fremdsprachen\\\/\",\"name\":\"SOLO-Teilnahme am Bundeswettbewerb Fremdsprachen - Gymnasium Mariengarden\",\"isPartOf\":{\"@id\":\"https:\\\/\\\/www.gymnasium-mariengarden.de\\\/wordpress\\\/#website\"},\"primaryImageOfPage\":{\"@id\":\"https:\\\/\\\/www.gymnasium-mariengarden.de\\\/wordpress\\\/solo-teilnahme-am-bundeswettbewerb-fremdsprachen\\\/#primaryimage\"},\"image\":{\"@id\":\"https:\\\/\\\/www.gymnasium-mariengarden.de\\\/wordpress\\\/solo-teilnahme-am-bundeswettbewerb-fremdsprachen\\\/#primaryimage\"},\"thumbnailUrl\":\"https:\\\/\\\/www.gymnasium-mariengarden.de\\\/wordpress\\\/wp-content\\\/uploads\\\/2025\\\/03\\\/Spanisch-scaled.jpg\",\"datePublished\":\"2025-03-16T12:47:47+00:00\",\"author\":{\"@id\":\"https:\\\/\\\/www.gymnasium-mariengarden.de\\\/wordpress\\\/#\\\/schema\\\/person\\\/d2aed11fc4cfe43f15f8f626072ed1db\"},\"description\":\"Privates Gymnasium der Oblatenmissionare\",\"breadcrumb\":{\"@id\":\"https:\\\/\\\/www.gymnasium-mariengarden.de\\\/wordpress\\\/solo-teilnahme-am-bundeswettbewerb-fremdsprachen\\\/#breadcrumb\"},\"inLanguage\":\"de\",\"potentialAction\":[{\"@type\":\"ReadAction\",\"target\":[\"https:\\\/\\\/www.gymnasium-mariengarden.de\\\/wordpress\\\/solo-teilnahme-am-bundeswettbewerb-fremdsprachen\\\/\"]}]},{\"@type\":\"ImageObject\",\"inLanguage\":\"de\",\"@id\":\"https:\\\/\\\/www.gymnasium-mariengarden.de\\\/wordpress\\\/solo-teilnahme-am-bundeswettbewerb-fremdsprachen\\\/#primaryimage\",\"url\":\"https:\\\/\\\/www.gymnasium-mariengarden.de\\\/wordpress\\\/wp-content\\\/uploads\\\/2025\\\/03\\\/Spanisch-scaled.jpg\",\"contentUrl\":\"https:\\\/\\\/www.gymnasium-mariengarden.de\\\/wordpress\\\/wp-content\\\/uploads\\\/2025\\\/03\\\/Spanisch-scaled.jpg\",\"width\":2560,\"height\":1707},{\"@type\":\"BreadcrumbList\",\"@id\":\"https:\\\/\\\/www.gymnasium-mariengarden.de\\\/wordpress\\\/solo-teilnahme-am-bundeswettbewerb-fremdsprachen\\\/#breadcrumb\",\"itemListElement\":[{\"@type\":\"ListItem\",\"position\":1,\"name\":\"Startseite\",\"item\":\"https:\\\/\\\/www.gymnasium-mariengarden.de\\\/wordpress\\\/\"},{\"@type\":\"ListItem\",\"position\":2,\"name\":\"SOLO-Teilnahme am Bundeswettbewerb Fremdsprachen\"}]},{\"@type\":\"WebSite\",\"@id\":\"https:\\\/\\\/www.gymnasium-mariengarden.de\\\/wordpress\\\/#website\",\"url\":\"https:\\\/\\\/www.gymnasium-mariengarden.de\\\/wordpress\\\/\",\"name\":\"Gymnasium Mariengarden\",\"description\":\"Privates Gymnasium der Oblatenmissionare\",\"alternateName\":\"Gymnasium Mariengarden Borken-Burlo\",\"potentialAction\":[{\"@type\":\"SearchAction\",\"target\":{\"@type\":\"EntryPoint\",\"urlTemplate\":\"https:\\\/\\\/www.gymnasium-mariengarden.de\\\/wordpress\\\/?s={search_term_string}\"},\"query-input\":{\"@type\":\"PropertyValueSpecification\",\"valueRequired\":true,\"valueName\":\"search_term_string\"}}],\"inLanguage\":\"de\"},{\"@type\":\"Person\",\"@id\":\"https:\\\/\\\/www.gymnasium-mariengarden.de\\\/wordpress\\\/#\\\/schema\\\/person\\\/d2aed11fc4cfe43f15f8f626072ed1db\",\"name\":\"Vera Haustein\",\"url\":\"https:\\\/\\\/www.gymnasium-mariengarden.de\\\/wordpress\\\/author\\\/v-haustein\\\/\"}]}<\/script>\n<!-- \/ Yoast SEO plugin. -->","yoast_head_json":{"title":"SOLO-Teilnahme am Bundeswettbewerb Fremdsprachen - Gymnasium Mariengarden","description":"Privates Gymnasium der Oblatenmissionare","robots":{"index":"index","follow":"follow","max-snippet":"max-snippet:-1","max-image-preview":"max-image-preview:large","max-video-preview":"max-video-preview:-1"},"canonical":"https:\/\/www.gymnasium-mariengarden.de\/wordpress\/solo-teilnahme-am-bundeswettbewerb-fremdsprachen\/","og_locale":"de_DE","og_type":"article","og_title":"SOLO-Teilnahme am Bundeswettbewerb Fremdsprachen - Gymnasium Mariengarden","og_description":"Privates Gymnasium der Oblatenmissionare","og_url":"https:\/\/www.gymnasium-mariengarden.de\/wordpress\/solo-teilnahme-am-bundeswettbewerb-fremdsprachen\/","og_site_name":"Gymnasium Mariengarden","article_publisher":"https:\/\/www.facebook.com\/groups\/38812342437\/?locale=de_DE","article_published_time":"2025-03-16T12:47:47+00:00","og_image":[{"width":2560,"height":1707,"url":"https:\/\/www.gymnasium-mariengarden.de\/wordpress\/wp-content\/uploads\/2025\/03\/Spanisch-scaled.jpg","type":"image\/jpeg"}],"author":"Vera Haustein","twitter_card":"summary_large_image","twitter_misc":{"Verfasst von":"Vera Haustein","Gesch\u00e4tzte Lesezeit":"2\u00a0Minuten"},"schema":{"@context":"https:\/\/schema.org","@graph":[{"@type":"Article","@id":"https:\/\/www.gymnasium-mariengarden.de\/wordpress\/solo-teilnahme-am-bundeswettbewerb-fremdsprachen\/#article","isPartOf":{"@id":"https:\/\/www.gymnasium-mariengarden.de\/wordpress\/solo-teilnahme-am-bundeswettbewerb-fremdsprachen\/"},"author":{"name":"Vera Haustein","@id":"https:\/\/www.gymnasium-mariengarden.de\/wordpress\/#\/schema\/person\/d2aed11fc4cfe43f15f8f626072ed1db"},"headline":"SOLO-Teilnahme am Bundeswettbewerb Fremdsprachen","datePublished":"2025-03-16T12:47:47+00:00","mainEntityOfPage":{"@id":"https:\/\/www.gymnasium-mariengarden.de\/wordpress\/solo-teilnahme-am-bundeswettbewerb-fremdsprachen\/"},"wordCount":320,"image":{"@id":"https:\/\/www.gymnasium-mariengarden.de\/wordpress\/solo-teilnahme-am-bundeswettbewerb-fremdsprachen\/#primaryimage"},"thumbnailUrl":"https:\/\/www.gymnasium-mariengarden.de\/wordpress\/wp-content\/uploads\/2025\/03\/Spanisch-scaled.jpg","keywords":["Fremdsprachen","Spanisch","Wettbewerb"],"articleSection":["Wettbewerbe"],"inLanguage":"de"},{"@type":"WebPage","@id":"https:\/\/www.gymnasium-mariengarden.de\/wordpress\/solo-teilnahme-am-bundeswettbewerb-fremdsprachen\/","url":"https:\/\/www.gymnasium-mariengarden.de\/wordpress\/solo-teilnahme-am-bundeswettbewerb-fremdsprachen\/","name":"SOLO-Teilnahme am Bundeswettbewerb Fremdsprachen - Gymnasium Mariengarden","isPartOf":{"@id":"https:\/\/www.gymnasium-mariengarden.de\/wordpress\/#website"},"primaryImageOfPage":{"@id":"https:\/\/www.gymnasium-mariengarden.de\/wordpress\/solo-teilnahme-am-bundeswettbewerb-fremdsprachen\/#primaryimage"},"image":{"@id":"https:\/\/www.gymnasium-mariengarden.de\/wordpress\/solo-teilnahme-am-bundeswettbewerb-fremdsprachen\/#primaryimage"},"thumbnailUrl":"https:\/\/www.gymnasium-mariengarden.de\/wordpress\/wp-content\/uploads\/2025\/03\/Spanisch-scaled.jpg","datePublished":"2025-03-16T12:47:47+00:00","author":{"@id":"https:\/\/www.gymnasium-mariengarden.de\/wordpress\/#\/schema\/person\/d2aed11fc4cfe43f15f8f626072ed1db"},"description":"Privates Gymnasium der Oblatenmissionare","breadcrumb":{"@id":"https:\/\/www.gymnasium-mariengarden.de\/wordpress\/solo-teilnahme-am-bundeswettbewerb-fremdsprachen\/#breadcrumb"},"inLanguage":"de","potentialAction":[{"@type":"ReadAction","target":["https:\/\/www.gymnasium-mariengarden.de\/wordpress\/solo-teilnahme-am-bundeswettbewerb-fremdsprachen\/"]}]},{"@type":"ImageObject","inLanguage":"de","@id":"https:\/\/www.gymnasium-mariengarden.de\/wordpress\/solo-teilnahme-am-bundeswettbewerb-fremdsprachen\/#primaryimage","url":"https:\/\/www.gymnasium-mariengarden.de\/wordpress\/wp-content\/uploads\/2025\/03\/Spanisch-scaled.jpg","contentUrl":"https:\/\/www.gymnasium-mariengarden.de\/wordpress\/wp-content\/uploads\/2025\/03\/Spanisch-scaled.jpg","width":2560,"height":1707},{"@type":"BreadcrumbList","@id":"https:\/\/www.gymnasium-mariengarden.de\/wordpress\/solo-teilnahme-am-bundeswettbewerb-fremdsprachen\/#breadcrumb","itemListElement":[{"@type":"ListItem","position":1,"name":"Startseite","item":"https:\/\/www.gymnasium-mariengarden.de\/wordpress\/"},{"@type":"ListItem","position":2,"name":"SOLO-Teilnahme am Bundeswettbewerb Fremdsprachen"}]},{"@type":"WebSite","@id":"https:\/\/www.gymnasium-mariengarden.de\/wordpress\/#website","url":"https:\/\/www.gymnasium-mariengarden.de\/wordpress\/","name":"Gymnasium Mariengarden","description":"Privates Gymnasium der Oblatenmissionare","alternateName":"Gymnasium Mariengarden Borken-Burlo","potentialAction":[{"@type":"SearchAction","target":{"@type":"EntryPoint","urlTemplate":"https:\/\/www.gymnasium-mariengarden.de\/wordpress\/?s={search_term_string}"},"query-input":{"@type":"PropertyValueSpecification","valueRequired":true,"valueName":"search_term_string"}}],"inLanguage":"de"},{"@type":"Person","@id":"https:\/\/www.gymnasium-mariengarden.de\/wordpress\/#\/schema\/person\/d2aed11fc4cfe43f15f8f626072ed1db","name":"Vera Haustein","url":"https:\/\/www.gymnasium-mariengarden.de\/wordpress\/author\/v-haustein\/"}]}},"_links":{"self":[{"href":"https:\/\/www.gymnasium-mariengarden.de\/wordpress\/wp-json\/wp\/v2\/posts\/16375","targetHints":{"allow":["GET"]}}],"collection":[{"href":"https:\/\/www.gymnasium-mariengarden.de\/wordpress\/wp-json\/wp\/v2\/posts"}],"about":[{"href":"https:\/\/www.gymnasium-mariengarden.de\/wordpress\/wp-json\/wp\/v2\/types\/post"}],"author":[{"embeddable":true,"href":"https:\/\/www.gymnasium-mariengarden.de\/wordpress\/wp-json\/wp\/v2\/users\/30"}],"replies":[{"embeddable":true,"href":"https:\/\/www.gymnasium-mariengarden.de\/wordpress\/wp-json\/wp\/v2\/comments?post=16375"}],"version-history":[{"count":1,"href":"https:\/\/www.gymnasium-mariengarden.de\/wordpress\/wp-json\/wp\/v2\/posts\/16375\/revisions"}],"predecessor-version":[{"id":16377,"href":"https:\/\/www.gymnasium-mariengarden.de\/wordpress\/wp-json\/wp\/v2\/posts\/16375\/revisions\/16377"}],"wp:featuredmedia":[{"embeddable":true,"href":"https:\/\/www.gymnasium-mariengarden.de\/wordpress\/wp-json\/wp\/v2\/media\/16376"}],"wp:attachment":[{"href":"https:\/\/www.gymnasium-mariengarden.de\/wordpress\/wp-json\/wp\/v2\/media?parent=16375"}],"wp:term":[{"taxonomy":"category","embeddable":true,"href":"https:\/\/www.gymnasium-mariengarden.de\/wordpress\/wp-json\/wp\/v2\/categories?post=16375"},{"taxonomy":"post_tag","embeddable":true,"href":"https:\/\/www.gymnasium-mariengarden.de\/wordpress\/wp-json\/wp\/v2\/tags?post=16375"}],"curies":[{"name":"wp","href":"https:\/\/api.w.org\/{rel}","templated":true}]}}