{"id":14895,"date":"2023-07-24T11:51:17","date_gmt":"2023-07-24T09:51:17","guid":{"rendered":"https:\/\/www.gymnasium-mariengarden.de\/?p=14895"},"modified":"2023-07-24T12:27:47","modified_gmt":"2023-07-24T10:27:47","slug":"verabschiedung-3","status":"publish","type":"post","link":"https:\/\/www.gymnasium-mariengarden.de\/wordpress\/verabschiedung-3\/","title":{"rendered":"Verabschiedung"},"content":{"rendered":"\n<p>Zum Ende des Schuljahres 2022\/23 wurde  Wolfram G\u00f6tz in den Ruhestand verabschiedet. Er unterrichtete in seiner besonnenen und engagierten Art seit August 2009 die F\u00e4cher Geschichte, Russisch und Spanisch am Gymnasium Mariengarden. <\/p>\n\n\n<div class=\"wp-block-image\">\n<figure class=\"aligncenter size-full is-resized\"><img loading=\"lazy\" decoding=\"async\" src=\"https:\/\/www.gymnasium-mariengarden.de\/wordpress\/wp-content\/uploads\/2023\/07\/Verabschiedung-Goetz.jpg\" alt=\"\" class=\"wp-image-14896\" width=\"161\" height=\"220\" srcset=\"https:\/\/www.gymnasium-mariengarden.de\/wordpress\/wp-content\/uploads\/2023\/07\/Verabschiedung-Goetz.jpg 644w, https:\/\/www.gymnasium-mariengarden.de\/wordpress\/wp-content\/uploads\/2023\/07\/Verabschiedung-Goetz-220x300.jpg 220w\" sizes=\"auto, (max-width: 161px) 100vw, 161px\" \/><\/figure>\n<\/div>\n\n\n<p>F\u00fcr zahlreiche Sch\u00fclerinnen und Sch\u00fcler \u2013 aber auch f\u00fcr Kolleginnen und Kollegen \u2013 war er mit seinem ausgeglichenen und freundlichen Wesen verl\u00e4sslicher Ansprechpartner. Er hat als Fachschaftsvorsitzender in besonderem Ma\u00dfe am Profil unserer Schule mitgewirkt und sich weit \u00fcber den Dienst hinaus engagiert. So war er u.a. bei der Organisation des Sch\u00fcleraustausches mit unserer Partnerschule in St. Petersburg und bei anderen schulischen Veranstaltungen stets pr\u00e4senter und selbstloser Ansprechpartner und Organisator. Seit Fr\u00fchjahr 2022 leitete er ma\u00dfgeblich den Deutschunterricht f\u00fcr Sch\u00fclerinnen und Sch\u00fcler aus der Ukraine und half ihnen, sich in dieser schwierigen Lebenslage an der Schule wie auch im Alltag einzufinden.<\/p>\n\n\n\n<p>Schulleiter Michael Brands w\u00fcnschte G\u00f6tz zum Abschied Gesundheit, Zufriedenheit und mehr Zeit f\u00fcr seine Hobbies, Lesen und Reisen. Im Namen der ganzen Schulgemeinde sprach er ein herzliches Dankesch\u00f6n f\u00fcr all sein Wirken und Tun aus.<\/p>\n\n\n\n<p style=\"font-size:11px\">Beitragsbild: Stephanie Hofschlaeger &nbsp;\/ pixelio.de<\/p>\n","protected":false},"excerpt":{"rendered":"<p>Zum Ende des Schuljahres 2022\/23 wurde Wolfram G\u00f6tz in den Ruhestand verabschiedet. Er unterrichtete in seiner besonnenen und engagierten Art seit August 2009 die F\u00e4cher Geschichte, Russisch und Spanisch am Gymnasium Mariengarden. F\u00fcr zahlreiche Sch\u00fclerinnen und Sch\u00fcler \u2013 aber auch f\u00fcr Kolleginnen und Kollegen \u2013 war er mit seinem ausgeglichenen und freundlichen Wesen verl\u00e4sslicher Ansprechpartner. &hellip; <a href=\"https:\/\/www.gymnasium-mariengarden.de\/wordpress\/verabschiedung-3\/\" class=\"more-link\"><span class=\"screen-reader-text\">Verabschiedung<\/span> weiterlesen <span class=\"meta-nav\">&rarr;<\/span><\/a><\/p>\n","protected":false},"author":19,"featured_media":14901,"comment_status":"closed","ping_status":"open","sticky":false,"template":"","format":"standard","meta":{"footnotes":""},"categories":[624],"tags":[774,318],"class_list":["post-14895","post","type-post","status-publish","format-standard","has-post-thumbnail","hentry","category-verabschiedung","tag-rente","tag-verabschiedung"],"yoast_head":"<!-- This site is optimized with the Yoast SEO plugin v27.3 - https:\/\/yoast.com\/product\/yoast-seo-wordpress\/ -->\n<title>Verabschiedung - Gymnasium Mariengarden<\/title>\n<meta name=\"description\" content=\"Privates Gymnasium der Oblatenmissionare\" \/>\n<meta name=\"robots\" content=\"index, follow, max-snippet:-1, max-image-preview:large, max-video-preview:-1\" \/>\n<link rel=\"canonical\" href=\"https:\/\/www.gymnasium-mariengarden.de\/wordpress\/verabschiedung-3\/\" \/>\n<meta property=\"og:locale\" content=\"de_DE\" \/>\n<meta property=\"og:type\" content=\"article\" \/>\n<meta property=\"og:title\" content=\"Verabschiedung - Gymnasium Mariengarden\" \/>\n<meta property=\"og:description\" content=\"Privates Gymnasium der Oblatenmissionare\" \/>\n<meta property=\"og:url\" content=\"https:\/\/www.gymnasium-mariengarden.de\/wordpress\/verabschiedung-3\/\" \/>\n<meta property=\"og:site_name\" content=\"Gymnasium Mariengarden\" \/>\n<meta property=\"article:publisher\" content=\"https:\/\/www.facebook.com\/groups\/38812342437\/?locale=de_DE\" \/>\n<meta property=\"article:published_time\" content=\"2023-07-24T09:51:17+00:00\" \/>\n<meta property=\"article:modified_time\" content=\"2023-07-24T10:27:47+00:00\" \/>\n<meta property=\"og:image\" content=\"https:\/\/www.gymnasium-mariengarden.de\/wordpress\/wp-content\/uploads\/2023\/07\/253845_web_R_K_B_by_Stephanie-Hofschlaeger_pixelio.de_.jpg\" \/>\n\t<meta property=\"og:image:width\" content=\"400\" \/>\n\t<meta property=\"og:image:height\" content=\"318\" \/>\n\t<meta property=\"og:image:type\" content=\"image\/jpeg\" \/>\n<meta name=\"author\" content=\"Stefan Bork\" \/>\n<meta name=\"twitter:card\" content=\"summary_large_image\" \/>\n<meta name=\"twitter:label1\" content=\"Verfasst von\" \/>\n\t<meta name=\"twitter:data1\" content=\"Stefan Bork\" \/>\n\t<meta name=\"twitter:label2\" content=\"Gesch\u00e4tzte Lesezeit\" \/>\n\t<meta name=\"twitter:data2\" content=\"1\u00a0Minute\" \/>\n<script type=\"application\/ld+json\" class=\"yoast-schema-graph\">{\"@context\":\"https:\\\/\\\/schema.org\",\"@graph\":[{\"@type\":\"Article\",\"@id\":\"https:\\\/\\\/www.gymnasium-mariengarden.de\\\/wordpress\\\/verabschiedung-3\\\/#article\",\"isPartOf\":{\"@id\":\"https:\\\/\\\/www.gymnasium-mariengarden.de\\\/wordpress\\\/verabschiedung-3\\\/\"},\"author\":{\"name\":\"Stefan Bork\",\"@id\":\"https:\\\/\\\/www.gymnasium-mariengarden.de\\\/wordpress\\\/#\\\/schema\\\/person\\\/7a2aef3d940023804cb866df019337b1\"},\"headline\":\"Verabschiedung\",\"datePublished\":\"2023-07-24T09:51:17+00:00\",\"dateModified\":\"2023-07-24T10:27:47+00:00\",\"mainEntityOfPage\":{\"@id\":\"https:\\\/\\\/www.gymnasium-mariengarden.de\\\/wordpress\\\/verabschiedung-3\\\/\"},\"wordCount\":191,\"image\":{\"@id\":\"https:\\\/\\\/www.gymnasium-mariengarden.de\\\/wordpress\\\/verabschiedung-3\\\/#primaryimage\"},\"thumbnailUrl\":\"https:\\\/\\\/www.gymnasium-mariengarden.de\\\/wordpress\\\/wp-content\\\/uploads\\\/2023\\\/07\\\/253845_web_R_K_B_by_Stephanie-Hofschlaeger_pixelio.de_.jpg\",\"keywords\":[\"Rente\",\"Verabschiedung\"],\"articleSection\":[\"Verabschiedung\"],\"inLanguage\":\"de\"},{\"@type\":\"WebPage\",\"@id\":\"https:\\\/\\\/www.gymnasium-mariengarden.de\\\/wordpress\\\/verabschiedung-3\\\/\",\"url\":\"https:\\\/\\\/www.gymnasium-mariengarden.de\\\/wordpress\\\/verabschiedung-3\\\/\",\"name\":\"Verabschiedung - Gymnasium Mariengarden\",\"isPartOf\":{\"@id\":\"https:\\\/\\\/www.gymnasium-mariengarden.de\\\/wordpress\\\/#website\"},\"primaryImageOfPage\":{\"@id\":\"https:\\\/\\\/www.gymnasium-mariengarden.de\\\/wordpress\\\/verabschiedung-3\\\/#primaryimage\"},\"image\":{\"@id\":\"https:\\\/\\\/www.gymnasium-mariengarden.de\\\/wordpress\\\/verabschiedung-3\\\/#primaryimage\"},\"thumbnailUrl\":\"https:\\\/\\\/www.gymnasium-mariengarden.de\\\/wordpress\\\/wp-content\\\/uploads\\\/2023\\\/07\\\/253845_web_R_K_B_by_Stephanie-Hofschlaeger_pixelio.de_.jpg\",\"datePublished\":\"2023-07-24T09:51:17+00:00\",\"dateModified\":\"2023-07-24T10:27:47+00:00\",\"author\":{\"@id\":\"https:\\\/\\\/www.gymnasium-mariengarden.de\\\/wordpress\\\/#\\\/schema\\\/person\\\/7a2aef3d940023804cb866df019337b1\"},\"description\":\"Privates Gymnasium der Oblatenmissionare\",\"breadcrumb\":{\"@id\":\"https:\\\/\\\/www.gymnasium-mariengarden.de\\\/wordpress\\\/verabschiedung-3\\\/#breadcrumb\"},\"inLanguage\":\"de\",\"potentialAction\":[{\"@type\":\"ReadAction\",\"target\":[\"https:\\\/\\\/www.gymnasium-mariengarden.de\\\/wordpress\\\/verabschiedung-3\\\/\"]}]},{\"@type\":\"ImageObject\",\"inLanguage\":\"de\",\"@id\":\"https:\\\/\\\/www.gymnasium-mariengarden.de\\\/wordpress\\\/verabschiedung-3\\\/#primaryimage\",\"url\":\"https:\\\/\\\/www.gymnasium-mariengarden.de\\\/wordpress\\\/wp-content\\\/uploads\\\/2023\\\/07\\\/253845_web_R_K_B_by_Stephanie-Hofschlaeger_pixelio.de_.jpg\",\"contentUrl\":\"https:\\\/\\\/www.gymnasium-mariengarden.de\\\/wordpress\\\/wp-content\\\/uploads\\\/2023\\\/07\\\/253845_web_R_K_B_by_Stephanie-Hofschlaeger_pixelio.de_.jpg\",\"width\":400,\"height\":318},{\"@type\":\"BreadcrumbList\",\"@id\":\"https:\\\/\\\/www.gymnasium-mariengarden.de\\\/wordpress\\\/verabschiedung-3\\\/#breadcrumb\",\"itemListElement\":[{\"@type\":\"ListItem\",\"position\":1,\"name\":\"Startseite\",\"item\":\"https:\\\/\\\/www.gymnasium-mariengarden.de\\\/wordpress\\\/\"},{\"@type\":\"ListItem\",\"position\":2,\"name\":\"Verabschiedung\"}]},{\"@type\":\"WebSite\",\"@id\":\"https:\\\/\\\/www.gymnasium-mariengarden.de\\\/wordpress\\\/#website\",\"url\":\"https:\\\/\\\/www.gymnasium-mariengarden.de\\\/wordpress\\\/\",\"name\":\"Gymnasium Mariengarden\",\"description\":\"Privates Gymnasium der Oblatenmissionare\",\"alternateName\":\"Gymnasium Mariengarden Borken-Burlo\",\"potentialAction\":[{\"@type\":\"SearchAction\",\"target\":{\"@type\":\"EntryPoint\",\"urlTemplate\":\"https:\\\/\\\/www.gymnasium-mariengarden.de\\\/wordpress\\\/?s={search_term_string}\"},\"query-input\":{\"@type\":\"PropertyValueSpecification\",\"valueRequired\":true,\"valueName\":\"search_term_string\"}}],\"inLanguage\":\"de\"},{\"@type\":\"Person\",\"@id\":\"https:\\\/\\\/www.gymnasium-mariengarden.de\\\/wordpress\\\/#\\\/schema\\\/person\\\/7a2aef3d940023804cb866df019337b1\",\"name\":\"Stefan Bork\",\"url\":\"https:\\\/\\\/www.gymnasium-mariengarden.de\\\/wordpress\\\/author\\\/s-bork\\\/\"}]}<\/script>\n<!-- \/ Yoast SEO plugin. -->","yoast_head_json":{"title":"Verabschiedung - Gymnasium Mariengarden","description":"Privates Gymnasium der Oblatenmissionare","robots":{"index":"index","follow":"follow","max-snippet":"max-snippet:-1","max-image-preview":"max-image-preview:large","max-video-preview":"max-video-preview:-1"},"canonical":"https:\/\/www.gymnasium-mariengarden.de\/wordpress\/verabschiedung-3\/","og_locale":"de_DE","og_type":"article","og_title":"Verabschiedung - Gymnasium Mariengarden","og_description":"Privates Gymnasium der Oblatenmissionare","og_url":"https:\/\/www.gymnasium-mariengarden.de\/wordpress\/verabschiedung-3\/","og_site_name":"Gymnasium Mariengarden","article_publisher":"https:\/\/www.facebook.com\/groups\/38812342437\/?locale=de_DE","article_published_time":"2023-07-24T09:51:17+00:00","article_modified_time":"2023-07-24T10:27:47+00:00","og_image":[{"width":400,"height":318,"url":"https:\/\/www.gymnasium-mariengarden.de\/wordpress\/wp-content\/uploads\/2023\/07\/253845_web_R_K_B_by_Stephanie-Hofschlaeger_pixelio.de_.jpg","type":"image\/jpeg"}],"author":"Stefan Bork","twitter_card":"summary_large_image","twitter_misc":{"Verfasst von":"Stefan Bork","Gesch\u00e4tzte Lesezeit":"1\u00a0Minute"},"schema":{"@context":"https:\/\/schema.org","@graph":[{"@type":"Article","@id":"https:\/\/www.gymnasium-mariengarden.de\/wordpress\/verabschiedung-3\/#article","isPartOf":{"@id":"https:\/\/www.gymnasium-mariengarden.de\/wordpress\/verabschiedung-3\/"},"author":{"name":"Stefan Bork","@id":"https:\/\/www.gymnasium-mariengarden.de\/wordpress\/#\/schema\/person\/7a2aef3d940023804cb866df019337b1"},"headline":"Verabschiedung","datePublished":"2023-07-24T09:51:17+00:00","dateModified":"2023-07-24T10:27:47+00:00","mainEntityOfPage":{"@id":"https:\/\/www.gymnasium-mariengarden.de\/wordpress\/verabschiedung-3\/"},"wordCount":191,"image":{"@id":"https:\/\/www.gymnasium-mariengarden.de\/wordpress\/verabschiedung-3\/#primaryimage"},"thumbnailUrl":"https:\/\/www.gymnasium-mariengarden.de\/wordpress\/wp-content\/uploads\/2023\/07\/253845_web_R_K_B_by_Stephanie-Hofschlaeger_pixelio.de_.jpg","keywords":["Rente","Verabschiedung"],"articleSection":["Verabschiedung"],"inLanguage":"de"},{"@type":"WebPage","@id":"https:\/\/www.gymnasium-mariengarden.de\/wordpress\/verabschiedung-3\/","url":"https:\/\/www.gymnasium-mariengarden.de\/wordpress\/verabschiedung-3\/","name":"Verabschiedung - Gymnasium Mariengarden","isPartOf":{"@id":"https:\/\/www.gymnasium-mariengarden.de\/wordpress\/#website"},"primaryImageOfPage":{"@id":"https:\/\/www.gymnasium-mariengarden.de\/wordpress\/verabschiedung-3\/#primaryimage"},"image":{"@id":"https:\/\/www.gymnasium-mariengarden.de\/wordpress\/verabschiedung-3\/#primaryimage"},"thumbnailUrl":"https:\/\/www.gymnasium-mariengarden.de\/wordpress\/wp-content\/uploads\/2023\/07\/253845_web_R_K_B_by_Stephanie-Hofschlaeger_pixelio.de_.jpg","datePublished":"2023-07-24T09:51:17+00:00","dateModified":"2023-07-24T10:27:47+00:00","author":{"@id":"https:\/\/www.gymnasium-mariengarden.de\/wordpress\/#\/schema\/person\/7a2aef3d940023804cb866df019337b1"},"description":"Privates Gymnasium der Oblatenmissionare","breadcrumb":{"@id":"https:\/\/www.gymnasium-mariengarden.de\/wordpress\/verabschiedung-3\/#breadcrumb"},"inLanguage":"de","potentialAction":[{"@type":"ReadAction","target":["https:\/\/www.gymnasium-mariengarden.de\/wordpress\/verabschiedung-3\/"]}]},{"@type":"ImageObject","inLanguage":"de","@id":"https:\/\/www.gymnasium-mariengarden.de\/wordpress\/verabschiedung-3\/#primaryimage","url":"https:\/\/www.gymnasium-mariengarden.de\/wordpress\/wp-content\/uploads\/2023\/07\/253845_web_R_K_B_by_Stephanie-Hofschlaeger_pixelio.de_.jpg","contentUrl":"https:\/\/www.gymnasium-mariengarden.de\/wordpress\/wp-content\/uploads\/2023\/07\/253845_web_R_K_B_by_Stephanie-Hofschlaeger_pixelio.de_.jpg","width":400,"height":318},{"@type":"BreadcrumbList","@id":"https:\/\/www.gymnasium-mariengarden.de\/wordpress\/verabschiedung-3\/#breadcrumb","itemListElement":[{"@type":"ListItem","position":1,"name":"Startseite","item":"https:\/\/www.gymnasium-mariengarden.de\/wordpress\/"},{"@type":"ListItem","position":2,"name":"Verabschiedung"}]},{"@type":"WebSite","@id":"https:\/\/www.gymnasium-mariengarden.de\/wordpress\/#website","url":"https:\/\/www.gymnasium-mariengarden.de\/wordpress\/","name":"Gymnasium Mariengarden","description":"Privates Gymnasium der Oblatenmissionare","alternateName":"Gymnasium Mariengarden Borken-Burlo","potentialAction":[{"@type":"SearchAction","target":{"@type":"EntryPoint","urlTemplate":"https:\/\/www.gymnasium-mariengarden.de\/wordpress\/?s={search_term_string}"},"query-input":{"@type":"PropertyValueSpecification","valueRequired":true,"valueName":"search_term_string"}}],"inLanguage":"de"},{"@type":"Person","@id":"https:\/\/www.gymnasium-mariengarden.de\/wordpress\/#\/schema\/person\/7a2aef3d940023804cb866df019337b1","name":"Stefan Bork","url":"https:\/\/www.gymnasium-mariengarden.de\/wordpress\/author\/s-bork\/"}]}},"_links":{"self":[{"href":"https:\/\/www.gymnasium-mariengarden.de\/wordpress\/wp-json\/wp\/v2\/posts\/14895","targetHints":{"allow":["GET"]}}],"collection":[{"href":"https:\/\/www.gymnasium-mariengarden.de\/wordpress\/wp-json\/wp\/v2\/posts"}],"about":[{"href":"https:\/\/www.gymnasium-mariengarden.de\/wordpress\/wp-json\/wp\/v2\/types\/post"}],"author":[{"embeddable":true,"href":"https:\/\/www.gymnasium-mariengarden.de\/wordpress\/wp-json\/wp\/v2\/users\/19"}],"replies":[{"embeddable":true,"href":"https:\/\/www.gymnasium-mariengarden.de\/wordpress\/wp-json\/wp\/v2\/comments?post=14895"}],"version-history":[{"count":5,"href":"https:\/\/www.gymnasium-mariengarden.de\/wordpress\/wp-json\/wp\/v2\/posts\/14895\/revisions"}],"predecessor-version":[{"id":14903,"href":"https:\/\/www.gymnasium-mariengarden.de\/wordpress\/wp-json\/wp\/v2\/posts\/14895\/revisions\/14903"}],"wp:featuredmedia":[{"embeddable":true,"href":"https:\/\/www.gymnasium-mariengarden.de\/wordpress\/wp-json\/wp\/v2\/media\/14901"}],"wp:attachment":[{"href":"https:\/\/www.gymnasium-mariengarden.de\/wordpress\/wp-json\/wp\/v2\/media?parent=14895"}],"wp:term":[{"taxonomy":"category","embeddable":true,"href":"https:\/\/www.gymnasium-mariengarden.de\/wordpress\/wp-json\/wp\/v2\/categories?post=14895"},{"taxonomy":"post_tag","embeddable":true,"href":"https:\/\/www.gymnasium-mariengarden.de\/wordpress\/wp-json\/wp\/v2\/tags?post=14895"}],"curies":[{"name":"wp","href":"https:\/\/api.w.org\/{rel}","templated":true}]}}