{"id":14678,"date":"2023-03-02T16:16:27","date_gmt":"2023-03-02T15:16:27","guid":{"rendered":"https:\/\/www.gymnasium-mariengarden.de\/?p=14678"},"modified":"2023-03-02T16:16:42","modified_gmt":"2023-03-02T15:16:42","slug":"veraenderungen-in-mariengarden-gehen-voran","status":"publish","type":"post","link":"https:\/\/www.gymnasium-mariengarden.de\/wordpress\/veraenderungen-in-mariengarden-gehen-voran\/","title":{"rendered":"Ver\u00e4nderungen in Mariengarden gehen voran"},"content":{"rendered":"\n<p>Wie berichtet hat die Stadt Borken vom Gymnasium Mariengarden die Schulgeb\u00e4ude, das Forum, den Speisesaal und die K\u00fcche von den Oblaten \u00fcbernommen. Das Kloster ist an einen Investor verkauft worden. Er wird das Kloster umbauen, damit eine Pflegeakademie und R\u00e4umlichkeiten f\u00fcr Pflegezwecke einziehen k\u00f6nnen. Au\u00dferdem sollen ambulant betreute Senioren- Wohngemeinschaften und eine Kurzzeitpflegeeinrichtung auf dem Gel\u00e4nde entstehen.<\/p>\n\n\n\n<figure class=\"wp-block-image size-full\"><img loading=\"lazy\" decoding=\"async\" width=\"727\" height=\"525\" src=\"https:\/\/www.gymnasium-mariengarden.de\/wordpress\/wp-content\/uploads\/2023\/03\/Stadt_Orden.jpg\" alt=\"\" class=\"wp-image-14679\" srcset=\"https:\/\/www.gymnasium-mariengarden.de\/wordpress\/wp-content\/uploads\/2023\/03\/Stadt_Orden.jpg 727w, https:\/\/www.gymnasium-mariengarden.de\/wordpress\/wp-content\/uploads\/2023\/03\/Stadt_Orden-300x217.jpg 300w\" sizes=\"auto, (max-width: 727px) 100vw, 727px\" \/><figcaption class=\"wp-element-caption\">Foto: Burlo direkt &#8211; mhd<\/figcaption><\/figure>\n\n\n\n<p><\/p>\n\n\n\n<!--more-->\n\n\n\n<p>Die ersten Konsequenzen hat der Orden bereits gezogen. Anfang der Woche haben drei Mitbr\u00fcder das Kloster in Burlo verlassen und sind in das Mutterhaus der Gemeinschaft nach H\u00fcnfeld umgezogen. Die sechs Ordensm\u00e4nner, die am Vennweg bleiben, ziehen in den n\u00e4chsten Monaten in das sogenannte Musikhaus neben dem Hauptgeb\u00e4ude. Hier werden dann f\u00fcnf Patres und ein Bruder leben, die weiterhin am Gymnasium, in der Pfarrgemeinde und der Missionsversorgung t\u00e4tig sind.<\/p>\n\n\n\n<p>Der Stadt, der Schulleitung und den Oblaten war es wichtig, dass es f\u00fcr die Sch\u00fcler und Sch\u00fclerinnen eine gute Schulverpflegung gibt.<\/p>\n\n\n\n<p>Die K\u00fcche wird k\u00fcnftig von der <a>Firma Wohnfit- Catering\/ UR GmbH<\/a>, Bocholt, betrieben. Sie wird von Burlo aus neben der Schule und den Oblaten auch Dritte versorgen. Zus\u00e4tzlich soll ein Cateringservice aufgebaut werden. Wohnfit betreibt bereits einen ambulanten Pflegedienst und wird auch die noch zu errichtenden ambulant betreuten Senioren- Wohngemeinschaften und eine Kurzzeitpflegeeinrichtung betreiben. Vor diesem Hintergrund hat der Orden die Arbeitsverh\u00e4ltnisse der Mitarbeiterinnen und Mitarbeiter in gutem Einvernehmen beendet. Ab dem 1. M\u00e4rz freut sich die Firma Wohnfit- Catering\/ UR GmbH vor Ort, f\u00fcr eine rundum gute Versorgung sorgen zu d\u00fcrfen.<\/p>\n\n\n\n<p style=\"font-size:11px\">Beitragsbild: Tony Hegewald \u00a0\/ pixelio.de<\/p>\n","protected":false},"excerpt":{"rendered":"<p>Wie berichtet hat die Stadt Borken vom Gymnasium Mariengarden die Schulgeb\u00e4ude, das Forum, den Speisesaal und die K\u00fcche von den Oblaten \u00fcbernommen. Das Kloster ist an einen Investor verkauft worden. Er wird das Kloster umbauen, damit eine Pflegeakademie und R\u00e4umlichkeiten f\u00fcr Pflegezwecke einziehen k\u00f6nnen. Au\u00dferdem sollen ambulant betreute Senioren- Wohngemeinschaften und eine Kurzzeitpflegeeinrichtung auf dem &hellip; <a href=\"https:\/\/www.gymnasium-mariengarden.de\/wordpress\/veraenderungen-in-mariengarden-gehen-voran\/\" class=\"more-link\"><span class=\"screen-reader-text\">Ver\u00e4nderungen in Mariengarden gehen voran<\/span> weiterlesen <span class=\"meta-nav\">&rarr;<\/span><\/a><\/p>\n","protected":false},"author":4,"featured_media":14681,"comment_status":"closed","ping_status":"open","sticky":false,"template":"","format":"standard","meta":{"footnotes":""},"categories":[251],"tags":[762,763],"class_list":["post-14678","post","type-post","status-publish","format-standard","has-post-thumbnail","hentry","category-neuigkeiten","tag-umgestaltung","tag-veraenderung"],"yoast_head":"<!-- This site is optimized with the Yoast SEO plugin v27.3 - https:\/\/yoast.com\/product\/yoast-seo-wordpress\/ -->\n<title>Ver\u00e4nderungen in Mariengarden gehen voran - Gymnasium Mariengarden<\/title>\n<meta name=\"description\" content=\"Privates Gymnasium der Oblatenmissionare\" \/>\n<meta name=\"robots\" content=\"index, follow, max-snippet:-1, max-image-preview:large, max-video-preview:-1\" \/>\n<link rel=\"canonical\" href=\"https:\/\/www.gymnasium-mariengarden.de\/wordpress\/veraenderungen-in-mariengarden-gehen-voran\/\" \/>\n<meta property=\"og:locale\" content=\"de_DE\" \/>\n<meta property=\"og:type\" content=\"article\" \/>\n<meta property=\"og:title\" content=\"Ver\u00e4nderungen in Mariengarden gehen voran - Gymnasium Mariengarden\" \/>\n<meta property=\"og:description\" content=\"Privates Gymnasium der Oblatenmissionare\" \/>\n<meta property=\"og:url\" content=\"https:\/\/www.gymnasium-mariengarden.de\/wordpress\/veraenderungen-in-mariengarden-gehen-voran\/\" \/>\n<meta property=\"og:site_name\" content=\"Gymnasium Mariengarden\" \/>\n<meta property=\"article:publisher\" content=\"https:\/\/www.facebook.com\/groups\/38812342437\/?locale=de_DE\" \/>\n<meta property=\"article:published_time\" content=\"2023-03-02T15:16:27+00:00\" \/>\n<meta property=\"article:modified_time\" content=\"2023-03-02T15:16:42+00:00\" \/>\n<meta property=\"og:image\" content=\"https:\/\/www.gymnasium-mariengarden.de\/wordpress\/wp-content\/uploads\/2023\/03\/561394_web_R_by_Tony-Hegewald_pixelio.de_.jpg\" \/>\n\t<meta property=\"og:image:width\" content=\"400\" \/>\n\t<meta property=\"og:image:height\" content=\"250\" \/>\n\t<meta property=\"og:image:type\" content=\"image\/jpeg\" \/>\n<meta name=\"author\" content=\"Christian Ertner\" \/>\n<meta name=\"twitter:card\" content=\"summary_large_image\" \/>\n<meta name=\"twitter:label1\" content=\"Verfasst von\" \/>\n\t<meta name=\"twitter:data1\" content=\"Christian Ertner\" \/>\n\t<meta name=\"twitter:label2\" content=\"Gesch\u00e4tzte Lesezeit\" \/>\n\t<meta name=\"twitter:data2\" content=\"1\u00a0Minute\" \/>\n<script type=\"application\/ld+json\" class=\"yoast-schema-graph\">{\"@context\":\"https:\\\/\\\/schema.org\",\"@graph\":[{\"@type\":\"Article\",\"@id\":\"https:\\\/\\\/www.gymnasium-mariengarden.de\\\/wordpress\\\/veraenderungen-in-mariengarden-gehen-voran\\\/#article\",\"isPartOf\":{\"@id\":\"https:\\\/\\\/www.gymnasium-mariengarden.de\\\/wordpress\\\/veraenderungen-in-mariengarden-gehen-voran\\\/\"},\"author\":{\"name\":\"Christian Ertner\",\"@id\":\"https:\\\/\\\/www.gymnasium-mariengarden.de\\\/wordpress\\\/#\\\/schema\\\/person\\\/df224558fcbf911ac239111da1ac985d\"},\"headline\":\"Ver\u00e4nderungen in Mariengarden gehen voran\",\"datePublished\":\"2023-03-02T15:16:27+00:00\",\"dateModified\":\"2023-03-02T15:16:42+00:00\",\"mainEntityOfPage\":{\"@id\":\"https:\\\/\\\/www.gymnasium-mariengarden.de\\\/wordpress\\\/veraenderungen-in-mariengarden-gehen-voran\\\/\"},\"wordCount\":278,\"image\":{\"@id\":\"https:\\\/\\\/www.gymnasium-mariengarden.de\\\/wordpress\\\/veraenderungen-in-mariengarden-gehen-voran\\\/#primaryimage\"},\"thumbnailUrl\":\"https:\\\/\\\/www.gymnasium-mariengarden.de\\\/wordpress\\\/wp-content\\\/uploads\\\/2023\\\/03\\\/561394_web_R_by_Tony-Hegewald_pixelio.de_.jpg\",\"keywords\":[\"Umgestaltung\",\"Ver\u00e4nderung\"],\"articleSection\":[\"Neuigkeiten\"],\"inLanguage\":\"de\"},{\"@type\":\"WebPage\",\"@id\":\"https:\\\/\\\/www.gymnasium-mariengarden.de\\\/wordpress\\\/veraenderungen-in-mariengarden-gehen-voran\\\/\",\"url\":\"https:\\\/\\\/www.gymnasium-mariengarden.de\\\/wordpress\\\/veraenderungen-in-mariengarden-gehen-voran\\\/\",\"name\":\"Ver\u00e4nderungen in Mariengarden gehen voran - Gymnasium Mariengarden\",\"isPartOf\":{\"@id\":\"https:\\\/\\\/www.gymnasium-mariengarden.de\\\/wordpress\\\/#website\"},\"primaryImageOfPage\":{\"@id\":\"https:\\\/\\\/www.gymnasium-mariengarden.de\\\/wordpress\\\/veraenderungen-in-mariengarden-gehen-voran\\\/#primaryimage\"},\"image\":{\"@id\":\"https:\\\/\\\/www.gymnasium-mariengarden.de\\\/wordpress\\\/veraenderungen-in-mariengarden-gehen-voran\\\/#primaryimage\"},\"thumbnailUrl\":\"https:\\\/\\\/www.gymnasium-mariengarden.de\\\/wordpress\\\/wp-content\\\/uploads\\\/2023\\\/03\\\/561394_web_R_by_Tony-Hegewald_pixelio.de_.jpg\",\"datePublished\":\"2023-03-02T15:16:27+00:00\",\"dateModified\":\"2023-03-02T15:16:42+00:00\",\"author\":{\"@id\":\"https:\\\/\\\/www.gymnasium-mariengarden.de\\\/wordpress\\\/#\\\/schema\\\/person\\\/df224558fcbf911ac239111da1ac985d\"},\"description\":\"Privates Gymnasium der Oblatenmissionare\",\"breadcrumb\":{\"@id\":\"https:\\\/\\\/www.gymnasium-mariengarden.de\\\/wordpress\\\/veraenderungen-in-mariengarden-gehen-voran\\\/#breadcrumb\"},\"inLanguage\":\"de\",\"potentialAction\":[{\"@type\":\"ReadAction\",\"target\":[\"https:\\\/\\\/www.gymnasium-mariengarden.de\\\/wordpress\\\/veraenderungen-in-mariengarden-gehen-voran\\\/\"]}]},{\"@type\":\"ImageObject\",\"inLanguage\":\"de\",\"@id\":\"https:\\\/\\\/www.gymnasium-mariengarden.de\\\/wordpress\\\/veraenderungen-in-mariengarden-gehen-voran\\\/#primaryimage\",\"url\":\"https:\\\/\\\/www.gymnasium-mariengarden.de\\\/wordpress\\\/wp-content\\\/uploads\\\/2023\\\/03\\\/561394_web_R_by_Tony-Hegewald_pixelio.de_.jpg\",\"contentUrl\":\"https:\\\/\\\/www.gymnasium-mariengarden.de\\\/wordpress\\\/wp-content\\\/uploads\\\/2023\\\/03\\\/561394_web_R_by_Tony-Hegewald_pixelio.de_.jpg\",\"width\":400,\"height\":250},{\"@type\":\"BreadcrumbList\",\"@id\":\"https:\\\/\\\/www.gymnasium-mariengarden.de\\\/wordpress\\\/veraenderungen-in-mariengarden-gehen-voran\\\/#breadcrumb\",\"itemListElement\":[{\"@type\":\"ListItem\",\"position\":1,\"name\":\"Startseite\",\"item\":\"https:\\\/\\\/www.gymnasium-mariengarden.de\\\/wordpress\\\/\"},{\"@type\":\"ListItem\",\"position\":2,\"name\":\"Ver\u00e4nderungen in Mariengarden gehen voran\"}]},{\"@type\":\"WebSite\",\"@id\":\"https:\\\/\\\/www.gymnasium-mariengarden.de\\\/wordpress\\\/#website\",\"url\":\"https:\\\/\\\/www.gymnasium-mariengarden.de\\\/wordpress\\\/\",\"name\":\"Gymnasium Mariengarden\",\"description\":\"Privates Gymnasium der Oblatenmissionare\",\"alternateName\":\"Gymnasium Mariengarden Borken-Burlo\",\"potentialAction\":[{\"@type\":\"SearchAction\",\"target\":{\"@type\":\"EntryPoint\",\"urlTemplate\":\"https:\\\/\\\/www.gymnasium-mariengarden.de\\\/wordpress\\\/?s={search_term_string}\"},\"query-input\":{\"@type\":\"PropertyValueSpecification\",\"valueRequired\":true,\"valueName\":\"search_term_string\"}}],\"inLanguage\":\"de\"},{\"@type\":\"Person\",\"@id\":\"https:\\\/\\\/www.gymnasium-mariengarden.de\\\/wordpress\\\/#\\\/schema\\\/person\\\/df224558fcbf911ac239111da1ac985d\",\"name\":\"Christian Ertner\",\"url\":\"https:\\\/\\\/www.gymnasium-mariengarden.de\\\/wordpress\\\/author\\\/c-ertner\\\/\"}]}<\/script>\n<!-- \/ Yoast SEO plugin. -->","yoast_head_json":{"title":"Ver\u00e4nderungen in Mariengarden gehen voran - Gymnasium Mariengarden","description":"Privates Gymnasium der Oblatenmissionare","robots":{"index":"index","follow":"follow","max-snippet":"max-snippet:-1","max-image-preview":"max-image-preview:large","max-video-preview":"max-video-preview:-1"},"canonical":"https:\/\/www.gymnasium-mariengarden.de\/wordpress\/veraenderungen-in-mariengarden-gehen-voran\/","og_locale":"de_DE","og_type":"article","og_title":"Ver\u00e4nderungen in Mariengarden gehen voran - Gymnasium Mariengarden","og_description":"Privates Gymnasium der Oblatenmissionare","og_url":"https:\/\/www.gymnasium-mariengarden.de\/wordpress\/veraenderungen-in-mariengarden-gehen-voran\/","og_site_name":"Gymnasium Mariengarden","article_publisher":"https:\/\/www.facebook.com\/groups\/38812342437\/?locale=de_DE","article_published_time":"2023-03-02T15:16:27+00:00","article_modified_time":"2023-03-02T15:16:42+00:00","og_image":[{"width":400,"height":250,"url":"https:\/\/www.gymnasium-mariengarden.de\/wordpress\/wp-content\/uploads\/2023\/03\/561394_web_R_by_Tony-Hegewald_pixelio.de_.jpg","type":"image\/jpeg"}],"author":"Christian Ertner","twitter_card":"summary_large_image","twitter_misc":{"Verfasst von":"Christian Ertner","Gesch\u00e4tzte Lesezeit":"1\u00a0Minute"},"schema":{"@context":"https:\/\/schema.org","@graph":[{"@type":"Article","@id":"https:\/\/www.gymnasium-mariengarden.de\/wordpress\/veraenderungen-in-mariengarden-gehen-voran\/#article","isPartOf":{"@id":"https:\/\/www.gymnasium-mariengarden.de\/wordpress\/veraenderungen-in-mariengarden-gehen-voran\/"},"author":{"name":"Christian Ertner","@id":"https:\/\/www.gymnasium-mariengarden.de\/wordpress\/#\/schema\/person\/df224558fcbf911ac239111da1ac985d"},"headline":"Ver\u00e4nderungen in Mariengarden gehen voran","datePublished":"2023-03-02T15:16:27+00:00","dateModified":"2023-03-02T15:16:42+00:00","mainEntityOfPage":{"@id":"https:\/\/www.gymnasium-mariengarden.de\/wordpress\/veraenderungen-in-mariengarden-gehen-voran\/"},"wordCount":278,"image":{"@id":"https:\/\/www.gymnasium-mariengarden.de\/wordpress\/veraenderungen-in-mariengarden-gehen-voran\/#primaryimage"},"thumbnailUrl":"https:\/\/www.gymnasium-mariengarden.de\/wordpress\/wp-content\/uploads\/2023\/03\/561394_web_R_by_Tony-Hegewald_pixelio.de_.jpg","keywords":["Umgestaltung","Ver\u00e4nderung"],"articleSection":["Neuigkeiten"],"inLanguage":"de"},{"@type":"WebPage","@id":"https:\/\/www.gymnasium-mariengarden.de\/wordpress\/veraenderungen-in-mariengarden-gehen-voran\/","url":"https:\/\/www.gymnasium-mariengarden.de\/wordpress\/veraenderungen-in-mariengarden-gehen-voran\/","name":"Ver\u00e4nderungen in Mariengarden gehen voran - Gymnasium Mariengarden","isPartOf":{"@id":"https:\/\/www.gymnasium-mariengarden.de\/wordpress\/#website"},"primaryImageOfPage":{"@id":"https:\/\/www.gymnasium-mariengarden.de\/wordpress\/veraenderungen-in-mariengarden-gehen-voran\/#primaryimage"},"image":{"@id":"https:\/\/www.gymnasium-mariengarden.de\/wordpress\/veraenderungen-in-mariengarden-gehen-voran\/#primaryimage"},"thumbnailUrl":"https:\/\/www.gymnasium-mariengarden.de\/wordpress\/wp-content\/uploads\/2023\/03\/561394_web_R_by_Tony-Hegewald_pixelio.de_.jpg","datePublished":"2023-03-02T15:16:27+00:00","dateModified":"2023-03-02T15:16:42+00:00","author":{"@id":"https:\/\/www.gymnasium-mariengarden.de\/wordpress\/#\/schema\/person\/df224558fcbf911ac239111da1ac985d"},"description":"Privates Gymnasium der Oblatenmissionare","breadcrumb":{"@id":"https:\/\/www.gymnasium-mariengarden.de\/wordpress\/veraenderungen-in-mariengarden-gehen-voran\/#breadcrumb"},"inLanguage":"de","potentialAction":[{"@type":"ReadAction","target":["https:\/\/www.gymnasium-mariengarden.de\/wordpress\/veraenderungen-in-mariengarden-gehen-voran\/"]}]},{"@type":"ImageObject","inLanguage":"de","@id":"https:\/\/www.gymnasium-mariengarden.de\/wordpress\/veraenderungen-in-mariengarden-gehen-voran\/#primaryimage","url":"https:\/\/www.gymnasium-mariengarden.de\/wordpress\/wp-content\/uploads\/2023\/03\/561394_web_R_by_Tony-Hegewald_pixelio.de_.jpg","contentUrl":"https:\/\/www.gymnasium-mariengarden.de\/wordpress\/wp-content\/uploads\/2023\/03\/561394_web_R_by_Tony-Hegewald_pixelio.de_.jpg","width":400,"height":250},{"@type":"BreadcrumbList","@id":"https:\/\/www.gymnasium-mariengarden.de\/wordpress\/veraenderungen-in-mariengarden-gehen-voran\/#breadcrumb","itemListElement":[{"@type":"ListItem","position":1,"name":"Startseite","item":"https:\/\/www.gymnasium-mariengarden.de\/wordpress\/"},{"@type":"ListItem","position":2,"name":"Ver\u00e4nderungen in Mariengarden gehen voran"}]},{"@type":"WebSite","@id":"https:\/\/www.gymnasium-mariengarden.de\/wordpress\/#website","url":"https:\/\/www.gymnasium-mariengarden.de\/wordpress\/","name":"Gymnasium Mariengarden","description":"Privates Gymnasium der Oblatenmissionare","alternateName":"Gymnasium Mariengarden Borken-Burlo","potentialAction":[{"@type":"SearchAction","target":{"@type":"EntryPoint","urlTemplate":"https:\/\/www.gymnasium-mariengarden.de\/wordpress\/?s={search_term_string}"},"query-input":{"@type":"PropertyValueSpecification","valueRequired":true,"valueName":"search_term_string"}}],"inLanguage":"de"},{"@type":"Person","@id":"https:\/\/www.gymnasium-mariengarden.de\/wordpress\/#\/schema\/person\/df224558fcbf911ac239111da1ac985d","name":"Christian Ertner","url":"https:\/\/www.gymnasium-mariengarden.de\/wordpress\/author\/c-ertner\/"}]}},"_links":{"self":[{"href":"https:\/\/www.gymnasium-mariengarden.de\/wordpress\/wp-json\/wp\/v2\/posts\/14678","targetHints":{"allow":["GET"]}}],"collection":[{"href":"https:\/\/www.gymnasium-mariengarden.de\/wordpress\/wp-json\/wp\/v2\/posts"}],"about":[{"href":"https:\/\/www.gymnasium-mariengarden.de\/wordpress\/wp-json\/wp\/v2\/types\/post"}],"author":[{"embeddable":true,"href":"https:\/\/www.gymnasium-mariengarden.de\/wordpress\/wp-json\/wp\/v2\/users\/4"}],"replies":[{"embeddable":true,"href":"https:\/\/www.gymnasium-mariengarden.de\/wordpress\/wp-json\/wp\/v2\/comments?post=14678"}],"version-history":[{"count":1,"href":"https:\/\/www.gymnasium-mariengarden.de\/wordpress\/wp-json\/wp\/v2\/posts\/14678\/revisions"}],"predecessor-version":[{"id":14682,"href":"https:\/\/www.gymnasium-mariengarden.de\/wordpress\/wp-json\/wp\/v2\/posts\/14678\/revisions\/14682"}],"wp:featuredmedia":[{"embeddable":true,"href":"https:\/\/www.gymnasium-mariengarden.de\/wordpress\/wp-json\/wp\/v2\/media\/14681"}],"wp:attachment":[{"href":"https:\/\/www.gymnasium-mariengarden.de\/wordpress\/wp-json\/wp\/v2\/media?parent=14678"}],"wp:term":[{"taxonomy":"category","embeddable":true,"href":"https:\/\/www.gymnasium-mariengarden.de\/wordpress\/wp-json\/wp\/v2\/categories?post=14678"},{"taxonomy":"post_tag","embeddable":true,"href":"https:\/\/www.gymnasium-mariengarden.de\/wordpress\/wp-json\/wp\/v2\/tags?post=14678"}],"curies":[{"name":"wp","href":"https:\/\/api.w.org\/{rel}","templated":true}]}}